{"id":14875,"date":"2017-01-20T07:36:35","date_gmt":"2017-01-20T10:36:35","guid":{"rendered":"http:\/\/blogdoeloiltoncajuhy.com.br\/site\/?p=14875"},"modified":"2017-01-20T07:36:35","modified_gmt":"2017-01-20T10:36:35","slug":"policia-federal-e-mpf-vao-investigar-causas-de-acidente-que-matou-teori-zavascki","status":"publish","type":"post","link":"https:\/\/blogdoeloiltoncajuhy.com.br\/site\/policia-federal-e-mpf-vao-investigar-causas-de-acidente-que-matou-teori-zavascki\/","title":{"rendered":"Pol\u00edcia Federal e MPF v\u00e3o investigar causas de acidente que matou Teori Zavascki"},"content":{"rendered":"<figure id=\"attachment_14876\" aria-describedby=\"caption-attachment-14876\" style=\"width: 277px\" class=\"wp-caption alignright\"><a href=\"https:\/\/i0.wp.com\/blogdoeloiltoncajuhy.com.br\/site\/wp-content\/uploads\/2017\/01\/queda_de_aviao_em_paraty.jpg\"><img data-recalc-dims=\"1\" decoding=\"async\" class=\"wp-image-14876 size-full\" src=\"https:\/\/i0.wp.com\/blogdoeloiltoncajuhy.com.br\/site\/wp-content\/uploads\/2017\/01\/queda_de_aviao_em_paraty.jpg?resize=277%2C160\" width=\"277\" height=\"160\" srcset=\"https:\/\/i0.wp.com\/blogdoeloiltoncajuhy.com.br\/site\/wp-content\/uploads\/2017\/01\/queda_de_aviao_em_paraty.jpg?w=277&amp;ssl=1 277w, https:\/\/i0.wp.com\/blogdoeloiltoncajuhy.com.br\/site\/wp-content\/uploads\/2017\/01\/queda_de_aviao_em_paraty.jpg?resize=250%2C144&amp;ssl=1 250w\" sizes=\"(max-width: 277px) 100vw, 277px\" \/><\/a><figcaption id=\"caption-attachment-14876\" class=\"wp-caption-text\">Avi\u00e3o com quatro ocupantes caiu em Paraty, na Costa Verde do Rio de Janeiro (Foto: Reprodu\u00e7\u00e3o\/Twitter Aeroagora)<\/figcaption><\/figure>\n<p>A Pol\u00edcia Federal e o Minist\u00e9rio P\u00fablico Federal (MPF) em Angra dos Reis abriram inqu\u00e9ritos para apurar as causas do acidente a\u00e9reo que matou o ministro do Supremo Tribunal Federal (STF) Teori Zavascki.<\/p>\n<p>No MPF, o inqu\u00e9rito foi aberto pela procuradora da Rep\u00fablica Cristina Nascimento de Melo, que esteve no local do acidente, em Paraty (RJ). Uma equipe de policiais federais especializados nesse tipo de investiga\u00e7\u00e3o tamb\u00e9m se deslocou para a regi\u00e3o.<\/p>\n<p>Relator das investiga\u00e7\u00f5es da Opera\u00e7\u00e3o Lava Jato na Suprema Corte, Teori Zavascki morreu ontem\u00a0(19), aos 68 anos. Mais tr\u00eas pessoas estavam na aeronave, que, no momento da queda, pr\u00f3xima \u00e0 Ilha Rasa, j\u00e1 se preparava para pousar no aeroporto de Paraty.<\/p>\n<p>Apesar de o regimento interno do STF prever que o ministro substituto deva herdar os processos em caso de uma cadeira vaga, h\u00e1 a possibilidade de que algumas a\u00e7\u00f5es sejam redistribu\u00eddas para outros ministros do tribunal.<\/p>\n<p>Por causa da responsabilidade de Teori sobre os processos da Lava Jato no STF, que envolvem acusados com foro privilegiado, associa\u00e7\u00f5es de ju\u00edzes cobraram investiga\u00e7\u00e3o das circunst\u00e2ncias da queda do avi\u00e3o.<\/p>\n<p><em>*Ag\u00eancia Brasil<\/em><\/p>\n","protected":false},"excerpt":{"rendered":"<p>A Pol\u00edcia Federal e o Minist\u00e9rio P\u00fablico Federal (MPF) em Angra dos Reis abriram inqu\u00e9ritos para apurar as causas do acidente a\u00e9reo que matou o ministro do Supremo Tribunal Federal (STF) Teori Zavascki. No MPF, o inqu\u00e9rito foi aberto pela procuradora da Rep\u00fablica Cristina Nascimento de Melo, que esteve no local do acidente, em Paraty [&hellip;]<\/p>\n","protected":false},"author":2,"featured_media":14876,"comment_status":"open","ping_status":"open","sticky":false,"template":"","format":"standard","meta":{"_acf_changed":false,"_monsterinsights_skip_tracking":false,"_monsterinsights_sitenote_active":false,"_monsterinsights_sitenote_note":"","_monsterinsights_sitenote_category":0,"_jetpack_memberships_contains_paid_content":false,"footnotes":"","jetpack_publicize_message":"","jetpack_publicize_feature_enabled":true,"jetpack_social_post_already_shared":true,"jetpack_social_options":{"image_generator_settings":{"template":"highway","default_image_id":0,"font":"","enabled":false},"version":2}},"categories":[5,1],"tags":[],"class_list":["post-14875","post","type-post","status-publish","format-standard","has-post-thumbnail","hentry","category-cotidiano","category-noticias"],"acf":[],"jetpack_publicize_connections":[],"jetpack_featured_media_url":"https:\/\/i0.wp.com\/blogdoeloiltoncajuhy.com.br\/site\/wp-content\/uploads\/2017\/01\/queda_de_aviao_em_paraty.jpg?fit=277%2C160&ssl=1","jetpack_sharing_enabled":true,"publishpress_future_workflow_manual_trigger":{"enabledWorkflows":[]},"_links":{"self":[{"href":"https:\/\/blogdoeloiltoncajuhy.com.br\/site\/wp-json\/wp\/v2\/posts\/14875","targetHints":{"allow":["GET"]}}],"collection":[{"href":"https:\/\/blogdoeloiltoncajuhy.com.br\/site\/wp-json\/wp\/v2\/posts"}],"about":[{"href":"https:\/\/blogdoeloiltoncajuhy.com.br\/site\/wp-json\/wp\/v2\/types\/post"}],"author":[{"embeddable":true,"href":"https:\/\/blogdoeloiltoncajuhy.com.br\/site\/wp-json\/wp\/v2\/users\/2"}],"replies":[{"embeddable":true,"href":"https:\/\/blogdoeloiltoncajuhy.com.br\/site\/wp-json\/wp\/v2\/comments?post=14875"}],"version-history":[{"count":1,"href":"https:\/\/blogdoeloiltoncajuhy.com.br\/site\/wp-json\/wp\/v2\/posts\/14875\/revisions"}],"predecessor-version":[{"id":14877,"href":"https:\/\/blogdoeloiltoncajuhy.com.br\/site\/wp-json\/wp\/v2\/posts\/14875\/revisions\/14877"}],"wp:featuredmedia":[{"embeddable":true,"href":"https:\/\/blogdoeloiltoncajuhy.com.br\/site\/wp-json\/wp\/v2\/media\/14876"}],"wp:attachment":[{"href":"https:\/\/blogdoeloiltoncajuhy.com.br\/site\/wp-json\/wp\/v2\/media?parent=14875"}],"wp:term":[{"taxonomy":"category","embeddable":true,"href":"https:\/\/blogdoeloiltoncajuhy.com.br\/site\/wp-json\/wp\/v2\/categories?post=14875"},{"taxonomy":"post_tag","embeddable":true,"href":"https:\/\/blogdoeloiltoncajuhy.com.br\/site\/wp-json\/wp\/v2\/tags?post=14875"}],"curies":[{"name":"wp","href":"https:\/\/api.w.org\/{rel}","templated":true}]}}