{"id":14870,"date":"2017-01-20T07:19:19","date_gmt":"2017-01-20T10:19:19","guid":{"rendered":"http:\/\/blogdoeloiltoncajuhy.com.br\/site\/?p=14870"},"modified":"2017-01-20T07:19:19","modified_gmt":"2017-01-20T10:19:19","slug":"agricultores-familiares-tem-ate-segunda-feira-para-aderir-ao-edital-da-alimentacao-escolar","status":"publish","type":"post","link":"https:\/\/blogdoeloiltoncajuhy.com.br\/site\/agricultores-familiares-tem-ate-segunda-feira-para-aderir-ao-edital-da-alimentacao-escolar\/","title":{"rendered":"Agricultores familiares t\u00eam at\u00e9 segunda-feira para aderir ao edital da alimenta\u00e7\u00e3o escolar"},"content":{"rendered":"<figure id=\"attachment_14871\" aria-describedby=\"caption-attachment-14871\" style=\"width: 600px\" class=\"wp-caption aligncenter\"><a href=\"https:\/\/i0.wp.com\/blogdoeloiltoncajuhy.com.br\/site\/wp-content\/uploads\/2017\/01\/Agricultura-Familiar-na-alimenta%C3%A7%C3%A3o-escolar-150.jpg\"><img data-recalc-dims=\"1\" fetchpriority=\"high\" decoding=\"async\" class=\"wp-image-14871 size-full\" src=\"https:\/\/i0.wp.com\/blogdoeloiltoncajuhy.com.br\/site\/wp-content\/uploads\/2017\/01\/Agricultura-Familiar-na-alimenta%C3%A7%C3%A3o-escolar-150.jpg?resize=600%2C400\" width=\"600\" height=\"400\" srcset=\"https:\/\/i0.wp.com\/blogdoeloiltoncajuhy.com.br\/site\/wp-content\/uploads\/2017\/01\/Agricultura-Familiar-na-alimenta%C3%A7%C3%A3o-escolar-150.jpg?w=600&amp;ssl=1 600w, https:\/\/i0.wp.com\/blogdoeloiltoncajuhy.com.br\/site\/wp-content\/uploads\/2017\/01\/Agricultura-Familiar-na-alimenta%C3%A7%C3%A3o-escolar-150.jpg?resize=300%2C200&amp;ssl=1 300w, https:\/\/i0.wp.com\/blogdoeloiltoncajuhy.com.br\/site\/wp-content\/uploads\/2017\/01\/Agricultura-Familiar-na-alimenta%C3%A7%C3%A3o-escolar-150.jpg?resize=250%2C167&amp;ssl=1 250w\" sizes=\"(max-width: 600px) 100vw, 600px\" \/><\/a><figcaption id=\"caption-attachment-14871\" class=\"wp-caption-text\">Foto: Geraldo Carvalho<\/figcaption><\/figure>\n<p>Os agricultores familiares t\u00eam at\u00e9 a pr\u00f3xima segunda-feira (23) para concorrer ao edital da Secretaria da Educa\u00e7\u00e3o do Estado para o fornecimento de produtos oriundos da Agricultura Familiar para a alimenta\u00e7\u00e3o escolar. Podem concorrer fornecedores individuais, grupos formais (cooperativas) e grupos informais (associa\u00e7\u00f5es). Est\u00e3o sendo destinados R$ 16.353.354,05 milh\u00f5es.<\/p>\n<p>Com este edital, o Estado cumpre a Lei n\u00ba 11.947\/2009, que determina que pelo menos 30% dos recursos para a alimenta\u00e7\u00e3o escolar sejam da Agricultura Familiar. O secret\u00e1rio da Educa\u00e7\u00e3o do Estado, Walter Pinheiro, disse que este edital contribuir\u00e1, significativamente, para o desenvolvimento socioecon\u00f4mico e ambiental da Bahia e para a otimiza\u00e7\u00e3o dos recursos utilizados para a alimenta\u00e7\u00e3o escolar.<\/p>\n<p>\u0093Este edital \u00e9 fundamental para criar uma rela\u00e7\u00e3o de est\u00edmulo a essa pequena produ\u00e7\u00e3o. Ao mesmo tempo, busca-se, com isto, melhorar a qualidade, por exemplo, dos alimentos, uma vez que da Agricultura Familiar tem muita coisa que \u00e9 produzida ali, extra\u00edda da terra diretamente e pode ser passada para a escola. E se reduz custo com a quest\u00e3o de log\u00edstica\u0094, afirmou o secret\u00e1rio da Educa\u00e7\u00e3o do Estado, Walter Pinheiro, ao destacar outras vantagens do processo.<\/p>\n<p>\u0093Tamb\u00e9m se cria, de forma local, uma ambi\u00eancia para que a pr\u00f3pria escola possa entender a import\u00e2ncia da Agricultura Fam\u00edlia. N\u00e3o \u00e9 s\u00f3 o fornecimento do alimento, mas \u00e9, inclusive, isso ser objeto de estudo na escola, para entender a import\u00e2ncia de fomentar estas atividades, como a gera\u00e7\u00e3o de renda, e, ao mesmo tempo, com o aproveitamento das pr\u00f3prias especificidades locais e territoriais\u0094, acrescenta Pinheiro.<\/p>\n<p>A a\u00e7\u00e3o tem o apoio da Secretaria de Desenvolvimento Rural do Estado. Os interessados em participar da chamada p\u00fablica devem acessar o edital ou pegar uma c\u00f3pia na sede da Secretaria da Educa\u00e7\u00e3o do Estado (Centro Administrativo da Bahia), das 8h30 \u00e0s 12h e das 14h \u00e0s 18h. Todas as informa\u00e7\u00f5es est\u00e3o dispon\u00edveis no Portal da Educa\u00e7\u00e3o: <strong><a href=\"http:\/\/www.educacao.ba.gov.br\/\" target=\"_blank\" data-saferedirecturl=\"https:\/\/www.google.com\/url?hl=pt-BR&amp;q=http:\/\/www.educacao.ba.gov.br\/&amp;source=gmail&amp;ust=1484993313091000&amp;usg=AFQjCNEv3ZV9s0Q3FOh2ApLcSh9NhOsjRg\">www.educacao.ba.gov.br<\/a><\/strong><\/p>\n<p><em>*ASCOM\u00a0Secretaria da Educa\u00e7\u00e3o do Estado da Bahia<\/em><\/p>\n","protected":false},"excerpt":{"rendered":"<p>Os agricultores familiares t\u00eam at\u00e9 a pr\u00f3xima segunda-feira (23) para concorrer ao edital da Secretaria da Educa\u00e7\u00e3o do Estado para o fornecimento de produtos oriundos da Agricultura Familiar para a alimenta\u00e7\u00e3o escolar. Podem concorrer fornecedores individuais, grupos formais (cooperativas) e grupos informais (associa\u00e7\u00f5es). Est\u00e3o sendo destinados R$ 16.353.354,05 milh\u00f5es. Com este edital, o Estado cumpre [&hellip;]<\/p>\n","protected":false},"author":2,"featured_media":14871,"comment_status":"open","ping_status":"open","sticky":false,"template":"","format":"standard","meta":{"_acf_changed":false,"_monsterinsights_skip_tracking":false,"_monsterinsights_sitenote_active":false,"_monsterinsights_sitenote_note":"","_monsterinsights_sitenote_category":0,"_jetpack_memberships_contains_paid_content":false,"footnotes":"","jetpack_publicize_message":"","jetpack_publicize_feature_enabled":true,"jetpack_social_post_already_shared":true,"jetpack_social_options":{"image_generator_settings":{"template":"highway","default_image_id":0,"font":"","enabled":false},"version":2}},"categories":[14,1],"tags":[],"class_list":["post-14870","post","type-post","status-publish","format-standard","has-post-thumbnail","hentry","category-educacao","category-noticias"],"acf":[],"jetpack_publicize_connections":[],"jetpack_featured_media_url":"https:\/\/i0.wp.com\/blogdoeloiltoncajuhy.com.br\/site\/wp-content\/uploads\/2017\/01\/Agricultura-Familiar-na-alimenta%C3%A7%C3%A3o-escolar-150.jpg?fit=600%2C400&ssl=1","jetpack_sharing_enabled":true,"publishpress_future_workflow_manual_trigger":{"enabledWorkflows":[]},"_links":{"self":[{"href":"https:\/\/blogdoeloiltoncajuhy.com.br\/site\/wp-json\/wp\/v2\/posts\/14870","targetHints":{"allow":["GET"]}}],"collection":[{"href":"https:\/\/blogdoeloiltoncajuhy.com.br\/site\/wp-json\/wp\/v2\/posts"}],"about":[{"href":"https:\/\/blogdoeloiltoncajuhy.com.br\/site\/wp-json\/wp\/v2\/types\/post"}],"author":[{"embeddable":true,"href":"https:\/\/blogdoeloiltoncajuhy.com.br\/site\/wp-json\/wp\/v2\/users\/2"}],"replies":[{"embeddable":true,"href":"https:\/\/blogdoeloiltoncajuhy.com.br\/site\/wp-json\/wp\/v2\/comments?post=14870"}],"version-history":[{"count":1,"href":"https:\/\/blogdoeloiltoncajuhy.com.br\/site\/wp-json\/wp\/v2\/posts\/14870\/revisions"}],"predecessor-version":[{"id":14872,"href":"https:\/\/blogdoeloiltoncajuhy.com.br\/site\/wp-json\/wp\/v2\/posts\/14870\/revisions\/14872"}],"wp:featuredmedia":[{"embeddable":true,"href":"https:\/\/blogdoeloiltoncajuhy.com.br\/site\/wp-json\/wp\/v2\/media\/14871"}],"wp:attachment":[{"href":"https:\/\/blogdoeloiltoncajuhy.com.br\/site\/wp-json\/wp\/v2\/media?parent=14870"}],"wp:term":[{"taxonomy":"category","embeddable":true,"href":"https:\/\/blogdoeloiltoncajuhy.com.br\/site\/wp-json\/wp\/v2\/categories?post=14870"},{"taxonomy":"post_tag","embeddable":true,"href":"https:\/\/blogdoeloiltoncajuhy.com.br\/site\/wp-json\/wp\/v2\/tags?post=14870"}],"curies":[{"name":"wp","href":"https:\/\/api.w.org\/{rel}","templated":true}]}}