{"id":14867,"date":"2017-01-19T22:32:10","date_gmt":"2017-01-20T01:32:10","guid":{"rendered":"http:\/\/blogdoeloiltoncajuhy.com.br\/site\/?p=14867"},"modified":"2017-01-19T22:32:10","modified_gmt":"2017-01-20T01:32:10","slug":"bonfim-em-salvador-brasileiro-pede-apoio-para-ampliar-servicos-oferecidos-pelo-hdam","status":"publish","type":"post","link":"https:\/\/blogdoeloiltoncajuhy.com.br\/site\/bonfim-em-salvador-brasileiro-pede-apoio-para-ampliar-servicos-oferecidos-pelo-hdam\/","title":{"rendered":"BONFIM: Em Salvador, Brasileiro pede apoio para ampliar servi\u00e7os oferecidos pelo HDAM"},"content":{"rendered":"<p><a href=\"https:\/\/i0.wp.com\/blogdoeloiltoncajuhy.com.br\/site\/wp-content\/uploads\/2017\/01\/encontro-sa%C3%BAde-salvador-e1484875911400.jpg\"><img data-recalc-dims=\"1\" fetchpriority=\"high\" decoding=\"async\" class=\"aligncenter size-full wp-image-14868\" src=\"https:\/\/i0.wp.com\/blogdoeloiltoncajuhy.com.br\/site\/wp-content\/uploads\/2017\/01\/encontro-sa%C3%BAde-salvador-e1484875911400.jpg?resize=480%2C270\" alt=\"\" width=\"480\" height=\"270\" \/><\/a>O Prefeito de Senhor do Bonfim, Carlos Brasileiro, acompanhado do Deputado Bob\u00f4; da Secret\u00e1ria de Sa\u00fade, Angeli Matos, e do Secret\u00e1rio de Desenvolvimento Econ\u00f4mico, Turismo e Esportes, Gustavo Miranda, se reuniu nesta quarta (18), em Salvador, com Dr. F\u00e1bio Vilas Boas, Secret\u00e1rio de Sa\u00fade do Estado da Bahia, onde conseguiu 02 ambul\u00e2ncias, apoio para contrata\u00e7\u00e3o dos servi\u00e7os de ortopedia, pediatria e cirurgias do Hospital Regional, solicita\u00e7\u00e3o de 20 leitos de UTI e autoriza\u00e7\u00e3o para que t\u00e9cnicos da Sesab se desloquem a Senhor do Bonfim para definir a\u00e7\u00f5es de melhorias na\u00a0Vigil\u00e2ncia Sanit\u00e1ria. Grandes avan\u00e7os para sa\u00fade de Senhor do Bonfim j\u00e1 iniciaram.<\/p>\n<p><em>*Ascom Prefeitura Municipal de Senhor do Bonfim<\/em><\/p>\n","protected":false},"excerpt":{"rendered":"<p>O Prefeito de Senhor do Bonfim, Carlos Brasileiro, acompanhado do Deputado Bob\u00f4; da Secret\u00e1ria de Sa\u00fade, Angeli Matos, e do Secret\u00e1rio de Desenvolvimento Econ\u00f4mico, Turismo e Esportes, Gustavo Miranda, se reuniu nesta quarta (18), em Salvador, com Dr. F\u00e1bio Vilas Boas, Secret\u00e1rio de Sa\u00fade do Estado da Bahia, onde conseguiu 02 ambul\u00e2ncias, apoio para contrata\u00e7\u00e3o [&hellip;]<\/p>\n","protected":false},"author":2,"featured_media":14868,"comment_status":"open","ping_status":"open","sticky":false,"template":"","format":"standard","meta":{"_acf_changed":false,"_monsterinsights_skip_tracking":false,"_monsterinsights_sitenote_active":false,"_monsterinsights_sitenote_note":"","_monsterinsights_sitenote_category":0,"_jetpack_memberships_contains_paid_content":false,"footnotes":"","jetpack_publicize_message":"","jetpack_publicize_feature_enabled":true,"jetpack_social_post_already_shared":true,"jetpack_social_options":{"image_generator_settings":{"template":"highway","default_image_id":0,"font":"","enabled":false},"version":2}},"categories":[1,7,4],"tags":[],"class_list":["post-14867","post","type-post","status-publish","format-standard","has-post-thumbnail","hentry","category-noticias","category-saude","category-local"],"acf":[],"jetpack_publicize_connections":[],"jetpack_featured_media_url":"https:\/\/i0.wp.com\/blogdoeloiltoncajuhy.com.br\/site\/wp-content\/uploads\/2017\/01\/encontro-sa%C3%BAde-salvador-e1484875911400.jpg?fit=480%2C270&ssl=1","jetpack_sharing_enabled":true,"publishpress_future_workflow_manual_trigger":{"enabledWorkflows":[]},"_links":{"self":[{"href":"https:\/\/blogdoeloiltoncajuhy.com.br\/site\/wp-json\/wp\/v2\/posts\/14867","targetHints":{"allow":["GET"]}}],"collection":[{"href":"https:\/\/blogdoeloiltoncajuhy.com.br\/site\/wp-json\/wp\/v2\/posts"}],"about":[{"href":"https:\/\/blogdoeloiltoncajuhy.com.br\/site\/wp-json\/wp\/v2\/types\/post"}],"author":[{"embeddable":true,"href":"https:\/\/blogdoeloiltoncajuhy.com.br\/site\/wp-json\/wp\/v2\/users\/2"}],"replies":[{"embeddable":true,"href":"https:\/\/blogdoeloiltoncajuhy.com.br\/site\/wp-json\/wp\/v2\/comments?post=14867"}],"version-history":[{"count":1,"href":"https:\/\/blogdoeloiltoncajuhy.com.br\/site\/wp-json\/wp\/v2\/posts\/14867\/revisions"}],"predecessor-version":[{"id":14869,"href":"https:\/\/blogdoeloiltoncajuhy.com.br\/site\/wp-json\/wp\/v2\/posts\/14867\/revisions\/14869"}],"wp:featuredmedia":[{"embeddable":true,"href":"https:\/\/blogdoeloiltoncajuhy.com.br\/site\/wp-json\/wp\/v2\/media\/14868"}],"wp:attachment":[{"href":"https:\/\/blogdoeloiltoncajuhy.com.br\/site\/wp-json\/wp\/v2\/media?parent=14867"}],"wp:term":[{"taxonomy":"category","embeddable":true,"href":"https:\/\/blogdoeloiltoncajuhy.com.br\/site\/wp-json\/wp\/v2\/categories?post=14867"},{"taxonomy":"post_tag","embeddable":true,"href":"https:\/\/blogdoeloiltoncajuhy.com.br\/site\/wp-json\/wp\/v2\/tags?post=14867"}],"curies":[{"name":"wp","href":"https:\/\/api.w.org\/{rel}","templated":true}]}}