{"id":14865,"date":"2017-01-19T22:21:01","date_gmt":"2017-01-20T01:21:01","guid":{"rendered":"http:\/\/blogdoeloiltoncajuhy.com.br\/site\/?p=14865"},"modified":"2017-01-19T22:21:01","modified_gmt":"2017-01-20T01:21:01","slug":"comece-a-sexta-feira-meditando-jesus-constitui-o-grupo-dos-doze-mc-313-19","status":"publish","type":"post","link":"https:\/\/blogdoeloiltoncajuhy.com.br\/site\/comece-a-sexta-feira-meditando-jesus-constitui-o-grupo-dos-doze-mc-313-19\/","title":{"rendered":"COMECE A SEXTA-FEIRA MEDITANDO: &#8220;Jesus constitui o grupo dos Doze&#8221; &#8211; Mc 3,13-19"},"content":{"rendered":"<p><a href=\"https:\/\/i0.wp.com\/blogdoeloiltoncajuhy.com.br\/site\/wp-content\/uploads\/2016\/09\/liturgia_set_16-2.jpg\"><img data-recalc-dims=\"1\" fetchpriority=\"high\" decoding=\"async\" class=\"aligncenter size-full wp-image-12279\" src=\"https:\/\/i0.wp.com\/blogdoeloiltoncajuhy.com.br\/site\/wp-content\/uploads\/2016\/09\/liturgia_set_16-2.jpg?resize=320%2C180\" alt=\"\" width=\"320\" height=\"180\" srcset=\"https:\/\/i0.wp.com\/blogdoeloiltoncajuhy.com.br\/site\/wp-content\/uploads\/2016\/09\/liturgia_set_16-2.jpg?w=320&amp;ssl=1 320w, https:\/\/i0.wp.com\/blogdoeloiltoncajuhy.com.br\/site\/wp-content\/uploads\/2016\/09\/liturgia_set_16-2.jpg?resize=300%2C169&amp;ssl=1 300w, https:\/\/i0.wp.com\/blogdoeloiltoncajuhy.com.br\/site\/wp-content\/uploads\/2016\/09\/liturgia_set_16-2.jpg?resize=250%2C141&amp;ssl=1 250w\" sizes=\"(max-width: 320px) 100vw, 320px\" \/><\/a>Naquele tempo, Jesus subiu ao monte e chamou os que ele quis. E foram at\u00e9 ele. Ent\u00e3o Jesus designou Doze, para que ficassem com ele e para envi\u00e1-los a pregar, com autoridade para expulsar os dem\u00f4nios. Designou, pois, os Doze: Sim\u00e3o, a quem deu o nome de Pedro; Tiago e Jo\u00e3o, filhos de Zebedeu, aos quais deu o nome de Boanerges, que quer dizer \u201cFilhos do trov\u00e3o\u201d; Andr\u00e9, Filipe, Bartolomeu, Mateus, Tom\u00e9, Tiago, filho de Alfeu, Tadeu, Sim\u00e3o, o cananeu, e Judas Iscariotes, aquele que depois o traiu.<\/p>\n<p><a href=\"http:\/\/liturgia.cancaonova.com\/liturgia\/sao-sebastiao-sexta-feira-20012017\/\"><em><strong>*Can\u00e7\u00e3o Nova<\/strong><\/em><\/a><\/p>\n","protected":false},"excerpt":{"rendered":"<p>Naquele tempo, Jesus subiu ao monte e chamou os que ele quis. E foram at\u00e9 ele. Ent\u00e3o Jesus designou Doze, para que ficassem com ele e para envi\u00e1-los a pregar, com autoridade para expulsar os dem\u00f4nios. Designou, pois, os Doze: Sim\u00e3o, a quem deu o nome de Pedro; Tiago e Jo\u00e3o, filhos de Zebedeu, aos [&hellip;]<\/p>\n","protected":false},"author":2,"featured_media":0,"comment_status":"open","ping_status":"open","sticky":false,"template":"","format":"standard","meta":{"_acf_changed":false,"_monsterinsights_skip_tracking":false,"_monsterinsights_sitenote_active":false,"_monsterinsights_sitenote_note":"","_monsterinsights_sitenote_category":0,"_jetpack_memberships_contains_paid_content":false,"footnotes":"","jetpack_publicize_message":"","jetpack_publicize_feature_enabled":true,"jetpack_social_post_already_shared":true,"jetpack_social_options":{"image_generator_settings":{"template":"highway","default_image_id":0,"font":"","enabled":false},"version":2}},"categories":[1,9],"tags":[],"class_list":["post-14865","post","type-post","status-publish","format-standard","hentry","category-noticias","category-reflexao"],"acf":[],"jetpack_publicize_connections":[],"jetpack_featured_media_url":"","jetpack_sharing_enabled":true,"publishpress_future_workflow_manual_trigger":{"enabledWorkflows":[]},"_links":{"self":[{"href":"https:\/\/blogdoeloiltoncajuhy.com.br\/site\/wp-json\/wp\/v2\/posts\/14865","targetHints":{"allow":["GET"]}}],"collection":[{"href":"https:\/\/blogdoeloiltoncajuhy.com.br\/site\/wp-json\/wp\/v2\/posts"}],"about":[{"href":"https:\/\/blogdoeloiltoncajuhy.com.br\/site\/wp-json\/wp\/v2\/types\/post"}],"author":[{"embeddable":true,"href":"https:\/\/blogdoeloiltoncajuhy.com.br\/site\/wp-json\/wp\/v2\/users\/2"}],"replies":[{"embeddable":true,"href":"https:\/\/blogdoeloiltoncajuhy.com.br\/site\/wp-json\/wp\/v2\/comments?post=14865"}],"version-history":[{"count":1,"href":"https:\/\/blogdoeloiltoncajuhy.com.br\/site\/wp-json\/wp\/v2\/posts\/14865\/revisions"}],"predecessor-version":[{"id":14866,"href":"https:\/\/blogdoeloiltoncajuhy.com.br\/site\/wp-json\/wp\/v2\/posts\/14865\/revisions\/14866"}],"wp:attachment":[{"href":"https:\/\/blogdoeloiltoncajuhy.com.br\/site\/wp-json\/wp\/v2\/media?parent=14865"}],"wp:term":[{"taxonomy":"category","embeddable":true,"href":"https:\/\/blogdoeloiltoncajuhy.com.br\/site\/wp-json\/wp\/v2\/categories?post=14865"},{"taxonomy":"post_tag","embeddable":true,"href":"https:\/\/blogdoeloiltoncajuhy.com.br\/site\/wp-json\/wp\/v2\/tags?post=14865"}],"curies":[{"name":"wp","href":"https:\/\/api.w.org\/{rel}","templated":true}]}}