{"id":14862,"date":"2017-01-19T22:10:56","date_gmt":"2017-01-20T01:10:56","guid":{"rendered":"http:\/\/blogdoeloiltoncajuhy.com.br\/site\/?p=14862"},"modified":"2017-01-19T22:10:56","modified_gmt":"2017-01-20T01:10:56","slug":"cai-o-numero-de-acidentes-nas-rodovias-federais-da-bahia-diz-balanco-da-prf","status":"publish","type":"post","link":"https:\/\/blogdoeloiltoncajuhy.com.br\/site\/cai-o-numero-de-acidentes-nas-rodovias-federais-da-bahia-diz-balanco-da-prf\/","title":{"rendered":"Cai o n\u00famero de acidentes nas rodovias federais da Bahia, diz balan\u00e7o da PRF"},"content":{"rendered":"<p><a href=\"https:\/\/i0.wp.com\/blogdoeloiltoncajuhy.com.br\/site\/wp-content\/uploads\/2015\/09\/Opera%C3%A7%C3%A3oPRF-e1484874588689.jpg\"><img data-recalc-dims=\"1\" fetchpriority=\"high\" decoding=\"async\" class=\"wp-image-3704 size-medium alignright\" src=\"https:\/\/i0.wp.com\/blogdoeloiltoncajuhy.com.br\/site\/wp-content\/uploads\/2015\/09\/Opera%C3%A7%C3%A3oPRF.jpg?resize=300%2C225\" width=\"300\" height=\"225\" \/><\/a>A Pol\u00edcia Rodovi\u00e1ria Federal (PRF) registrou em 2016 exatos 5.424\u00a0acidentes nas rodovias federais da Bahia. Esse n\u00famero representa uma\u00a0redu\u00e7\u00e3o de 22,8% se comparado com a quantidade de registros de 2015,\u00a0quando 7.027 ocorr\u00eancias foram contabilizadas.<\/p>\n<p>Os dados dizem respeito ao\u00a0per\u00edodo de 1\u00ba de janeiro a 31 de dezembro de 2016.\u00a0O balan\u00e7o anual mostra ainda redu\u00e7\u00e3o no\u00a0n\u00famero de feridos, que passou de 5.431 para 5039, uma queda de 7,21%.<\/p>\n<p>Com\u00a0rela\u00e7\u00e3o \u00e0s mortes nas rodovias, houve diminui\u00e7\u00e3o de 3,1%, saindo de 631 em\u00a02015 para 611 em 2016. Os acidentes considerados graves, aqueles em que\u00a0h\u00e1 pelo menos uma v\u00edtima com les\u00e3o grave ou uma morte, apresentaram\u00a0retra\u00e7\u00e3o de 0,3%, caindo de 1.291 para 1.287. O \u00fanico indicador que apresentou\u00a0leve acr\u00e9scimo foi o de feridos graves, indo de 1.197 para 1212.<\/p>\n<p><a href=\"https:\/\/i0.wp.com\/blogdoeloiltoncajuhy.com.br\/site\/wp-content\/uploads\/2017\/01\/Balan%C3%A7o-PRF-Bahia-2016-imagem.jpg\"><img data-recalc-dims=\"1\" decoding=\"async\" class=\"aligncenter size-full wp-image-14863\" src=\"https:\/\/i0.wp.com\/blogdoeloiltoncajuhy.com.br\/site\/wp-content\/uploads\/2017\/01\/Balan%C3%A7o-PRF-Bahia-2016-imagem.jpg?resize=327%2C364\" alt=\"\" width=\"327\" height=\"364\" srcset=\"https:\/\/i0.wp.com\/blogdoeloiltoncajuhy.com.br\/site\/wp-content\/uploads\/2017\/01\/Balan%C3%A7o-PRF-Bahia-2016-imagem.jpg?w=327&amp;ssl=1 327w, https:\/\/i0.wp.com\/blogdoeloiltoncajuhy.com.br\/site\/wp-content\/uploads\/2017\/01\/Balan%C3%A7o-PRF-Bahia-2016-imagem.jpg?resize=270%2C300&amp;ssl=1 270w, https:\/\/i0.wp.com\/blogdoeloiltoncajuhy.com.br\/site\/wp-content\/uploads\/2017\/01\/Balan%C3%A7o-PRF-Bahia-2016-imagem.jpg?resize=225%2C250&amp;ssl=1 225w\" sizes=\"(max-width: 327px) 100vw, 327px\" \/><\/a>Todos os \u00edndices, por\u00e9m, apresentam significativa melhora quando\u00a0comparados com 2011, ano que serve como refer\u00eancia para todos os \u00f3rg\u00e3os\u00a0que comp\u00f5em o Sistema Nacional de Tr\u00e2nsito (SNT). \u00c9 que em maio daquele\u00a0ano a Organiza\u00e7\u00e3o das Na\u00e7\u00f5es Unidas (ONU) instituiu a D\u00e9cada de A\u00e7\u00e3o Para\u00a0Seguran\u00e7a no Tr\u00e2nsito 2011 \u2013 2020, plano que pretende reduzir em 50% o\u00a0n\u00famero de mortos e feridos no tr\u00e2nsito em todo o mundo.<\/p>\n<p>Assim, ao final do\u00a0per\u00edodo, os \u00edndices devem ser metade do que se observava em 2011, tarefa\u00a0que se torna mais complexa em fun\u00e7\u00e3o do crescimento da frota.<\/p>\n<p>No Brasil, em\u00a02011 havia 70.543.535 ve\u00edculos circulando, e a estimativa \u00e9 que encerramos o\u00a0ano passado com 93.796.608, crescimento maior que 32,9%.<\/p>\n<p><em>*PRF\/BA<\/em><\/p>\n","protected":false},"excerpt":{"rendered":"<p>A Pol\u00edcia Rodovi\u00e1ria Federal (PRF) registrou em 2016 exatos 5.424\u00a0acidentes nas rodovias federais da Bahia. Esse n\u00famero representa uma\u00a0redu\u00e7\u00e3o de 22,8% se comparado com a quantidade de registros de 2015,\u00a0quando 7.027 ocorr\u00eancias foram contabilizadas. Os dados dizem respeito ao\u00a0per\u00edodo de 1\u00ba de janeiro a 31 de dezembro de 2016.\u00a0O balan\u00e7o anual mostra ainda redu\u00e7\u00e3o no\u00a0n\u00famero [&hellip;]<\/p>\n","protected":false},"author":2,"featured_media":14863,"comment_status":"open","ping_status":"open","sticky":false,"template":"","format":"standard","meta":{"_acf_changed":false,"_monsterinsights_skip_tracking":false,"_monsterinsights_sitenote_active":false,"_monsterinsights_sitenote_note":"","_monsterinsights_sitenote_category":0,"_jetpack_memberships_contains_paid_content":false,"footnotes":"","jetpack_publicize_message":"","jetpack_publicize_feature_enabled":true,"jetpack_social_post_already_shared":true,"jetpack_social_options":{"image_generator_settings":{"template":"highway","default_image_id":0,"font":"","enabled":false},"version":2}},"categories":[5,1],"tags":[],"class_list":["post-14862","post","type-post","status-publish","format-standard","has-post-thumbnail","hentry","category-cotidiano","category-noticias"],"acf":[],"jetpack_publicize_connections":[],"jetpack_featured_media_url":"https:\/\/i0.wp.com\/blogdoeloiltoncajuhy.com.br\/site\/wp-content\/uploads\/2017\/01\/Balan%C3%A7o-PRF-Bahia-2016-imagem.jpg?fit=327%2C364&ssl=1","jetpack_sharing_enabled":true,"publishpress_future_workflow_manual_trigger":{"enabledWorkflows":[]},"_links":{"self":[{"href":"https:\/\/blogdoeloiltoncajuhy.com.br\/site\/wp-json\/wp\/v2\/posts\/14862","targetHints":{"allow":["GET"]}}],"collection":[{"href":"https:\/\/blogdoeloiltoncajuhy.com.br\/site\/wp-json\/wp\/v2\/posts"}],"about":[{"href":"https:\/\/blogdoeloiltoncajuhy.com.br\/site\/wp-json\/wp\/v2\/types\/post"}],"author":[{"embeddable":true,"href":"https:\/\/blogdoeloiltoncajuhy.com.br\/site\/wp-json\/wp\/v2\/users\/2"}],"replies":[{"embeddable":true,"href":"https:\/\/blogdoeloiltoncajuhy.com.br\/site\/wp-json\/wp\/v2\/comments?post=14862"}],"version-history":[{"count":1,"href":"https:\/\/blogdoeloiltoncajuhy.com.br\/site\/wp-json\/wp\/v2\/posts\/14862\/revisions"}],"predecessor-version":[{"id":14864,"href":"https:\/\/blogdoeloiltoncajuhy.com.br\/site\/wp-json\/wp\/v2\/posts\/14862\/revisions\/14864"}],"wp:featuredmedia":[{"embeddable":true,"href":"https:\/\/blogdoeloiltoncajuhy.com.br\/site\/wp-json\/wp\/v2\/media\/14863"}],"wp:attachment":[{"href":"https:\/\/blogdoeloiltoncajuhy.com.br\/site\/wp-json\/wp\/v2\/media?parent=14862"}],"wp:term":[{"taxonomy":"category","embeddable":true,"href":"https:\/\/blogdoeloiltoncajuhy.com.br\/site\/wp-json\/wp\/v2\/categories?post=14862"},{"taxonomy":"post_tag","embeddable":true,"href":"https:\/\/blogdoeloiltoncajuhy.com.br\/site\/wp-json\/wp\/v2\/tags?post=14862"}],"curies":[{"name":"wp","href":"https:\/\/api.w.org\/{rel}","templated":true}]}}