{"id":14858,"date":"2017-01-19T21:51:17","date_gmt":"2017-01-20T00:51:17","guid":{"rendered":"http:\/\/blogdoeloiltoncajuhy.com.br\/site\/?p=14858"},"modified":"2017-01-19T21:51:17","modified_gmt":"2017-01-20T00:51:17","slug":"ponto-novo-realiza-campanha-todos-na-escola","status":"publish","type":"post","link":"https:\/\/blogdoeloiltoncajuhy.com.br\/site\/ponto-novo-realiza-campanha-todos-na-escola\/","title":{"rendered":"Ponto Novo realiza Campanha \u201cTodos na Escola\u201d"},"content":{"rendered":"<p><a href=\"https:\/\/i0.wp.com\/blogdoeloiltoncajuhy.com.br\/site\/wp-content\/uploads\/2017\/01\/PN_matr%C3%ADculas-1.jpg\"><img data-recalc-dims=\"1\" fetchpriority=\"high\" decoding=\"async\" class=\"aligncenter size-full wp-image-14859\" src=\"https:\/\/i0.wp.com\/blogdoeloiltoncajuhy.com.br\/site\/wp-content\/uploads\/2017\/01\/PN_matr%C3%ADculas-1.jpg?resize=675%2C450\" alt=\"\" width=\"675\" height=\"450\" srcset=\"https:\/\/i0.wp.com\/blogdoeloiltoncajuhy.com.br\/site\/wp-content\/uploads\/2017\/01\/PN_matr%C3%ADculas-1.jpg?w=675&amp;ssl=1 675w, https:\/\/i0.wp.com\/blogdoeloiltoncajuhy.com.br\/site\/wp-content\/uploads\/2017\/01\/PN_matr%C3%ADculas-1.jpg?resize=300%2C200&amp;ssl=1 300w, https:\/\/i0.wp.com\/blogdoeloiltoncajuhy.com.br\/site\/wp-content\/uploads\/2017\/01\/PN_matr%C3%ADculas-1.jpg?resize=250%2C167&amp;ssl=1 250w\" sizes=\"(max-width: 675px) 100vw, 675px\" \/><\/a>Tendo como slogan \u201cCada crian\u00e7a, adolescente e adulto tem o direito de aprender\u201d, a Prefeitura Municipal de Ponto Novo, atrav\u00e9s da Secretaria Municipal de Educa\u00e7\u00e3o e Desporto, iniciou a Campanha \u201cTodos na Escola\u201d, que tem como objetivo incentivar todos a se matricularem nas escolas da rede municipal de ensino.<\/p>\n<p>Professores e educadores iniciaram a campanha nesta quarta-feira (18), no Bairro do Contorno, e nesta quinta-feira (19), no Bairro Nova Esperan\u00e7a. Batendo de porta em porta, os profissionais da educa\u00e7\u00e3o, distribuem panfletos para os moradores, incentivando, tirando d\u00favidas e tamb\u00e9m j\u00e1 realizando a pr\u00e9-matr\u00edcula dos alunos.<\/p>\n<p><strong>Confira o cronograma da campanha dos pr\u00f3ximos dias e respectivos locais:<\/strong><\/p>\n<p>. Dia 20\/01 (sexta-feira): Bairro Oscar Macedo;<br \/>\n. Dia 23\/01 (segunda-feira): Bairro das Pedreiras;<br \/>\n. Dia 24\/01 (ter\u00e7a-feira): Bairro das Populares;<br \/>\n. Dia 25\/01 (quarta-feira): Distrito de Barracas;<br \/>\n. Dia 26\/01 (quinta-feira): Distrito de Nova Represa.<\/p>\n<p><em><a href=\"https:\/\/i0.wp.com\/blogdoeloiltoncajuhy.com.br\/site\/wp-content\/uploads\/2017\/01\/PN_matr%C3%ADculas-2.jpg\"><img data-recalc-dims=\"1\" decoding=\"async\" class=\"aligncenter size-full wp-image-14860\" src=\"https:\/\/i0.wp.com\/blogdoeloiltoncajuhy.com.br\/site\/wp-content\/uploads\/2017\/01\/PN_matr%C3%ADculas-2.jpg?resize=675%2C450\" alt=\"\" width=\"675\" height=\"450\" srcset=\"https:\/\/i0.wp.com\/blogdoeloiltoncajuhy.com.br\/site\/wp-content\/uploads\/2017\/01\/PN_matr%C3%ADculas-2.jpg?w=675&amp;ssl=1 675w, https:\/\/i0.wp.com\/blogdoeloiltoncajuhy.com.br\/site\/wp-content\/uploads\/2017\/01\/PN_matr%C3%ADculas-2.jpg?resize=300%2C200&amp;ssl=1 300w, https:\/\/i0.wp.com\/blogdoeloiltoncajuhy.com.br\/site\/wp-content\/uploads\/2017\/01\/PN_matr%C3%ADculas-2.jpg?resize=250%2C167&amp;ssl=1 250w\" sizes=\"(max-width: 675px) 100vw, 675px\" \/><\/a>*Assessoria de Comunica\u00e7\u00e3o\u00a0Prefeitura Municipal de Ponto Novo<\/em><\/p>\n","protected":false},"excerpt":{"rendered":"<p>Tendo como slogan \u201cCada crian\u00e7a, adolescente e adulto tem o direito de aprender\u201d, a Prefeitura Municipal de Ponto Novo, atrav\u00e9s da Secretaria Municipal de Educa\u00e7\u00e3o e Desporto, iniciou a Campanha \u201cTodos na Escola\u201d, que tem como objetivo incentivar todos a se matricularem nas escolas da rede municipal de ensino. Professores e educadores iniciaram a campanha [&hellip;]<\/p>\n","protected":false},"author":2,"featured_media":14860,"comment_status":"open","ping_status":"open","sticky":false,"template":"","format":"standard","meta":{"_acf_changed":false,"_monsterinsights_skip_tracking":false,"_monsterinsights_sitenote_active":false,"_monsterinsights_sitenote_note":"","_monsterinsights_sitenote_category":0,"_jetpack_memberships_contains_paid_content":false,"footnotes":"","jetpack_publicize_message":"","jetpack_publicize_feature_enabled":true,"jetpack_social_post_already_shared":true,"jetpack_social_options":{"image_generator_settings":{"template":"highway","default_image_id":0,"font":"","enabled":false},"version":2}},"categories":[14,1,11],"tags":[],"class_list":["post-14858","post","type-post","status-publish","format-standard","has-post-thumbnail","hentry","category-educacao","category-noticias","category-regional"],"acf":[],"jetpack_publicize_connections":[],"jetpack_featured_media_url":"https:\/\/i0.wp.com\/blogdoeloiltoncajuhy.com.br\/site\/wp-content\/uploads\/2017\/01\/PN_matr%C3%ADculas-2.jpg?fit=675%2C450&ssl=1","jetpack_sharing_enabled":true,"publishpress_future_workflow_manual_trigger":{"enabledWorkflows":[]},"_links":{"self":[{"href":"https:\/\/blogdoeloiltoncajuhy.com.br\/site\/wp-json\/wp\/v2\/posts\/14858","targetHints":{"allow":["GET"]}}],"collection":[{"href":"https:\/\/blogdoeloiltoncajuhy.com.br\/site\/wp-json\/wp\/v2\/posts"}],"about":[{"href":"https:\/\/blogdoeloiltoncajuhy.com.br\/site\/wp-json\/wp\/v2\/types\/post"}],"author":[{"embeddable":true,"href":"https:\/\/blogdoeloiltoncajuhy.com.br\/site\/wp-json\/wp\/v2\/users\/2"}],"replies":[{"embeddable":true,"href":"https:\/\/blogdoeloiltoncajuhy.com.br\/site\/wp-json\/wp\/v2\/comments?post=14858"}],"version-history":[{"count":1,"href":"https:\/\/blogdoeloiltoncajuhy.com.br\/site\/wp-json\/wp\/v2\/posts\/14858\/revisions"}],"predecessor-version":[{"id":14861,"href":"https:\/\/blogdoeloiltoncajuhy.com.br\/site\/wp-json\/wp\/v2\/posts\/14858\/revisions\/14861"}],"wp:featuredmedia":[{"embeddable":true,"href":"https:\/\/blogdoeloiltoncajuhy.com.br\/site\/wp-json\/wp\/v2\/media\/14860"}],"wp:attachment":[{"href":"https:\/\/blogdoeloiltoncajuhy.com.br\/site\/wp-json\/wp\/v2\/media?parent=14858"}],"wp:term":[{"taxonomy":"category","embeddable":true,"href":"https:\/\/blogdoeloiltoncajuhy.com.br\/site\/wp-json\/wp\/v2\/categories?post=14858"},{"taxonomy":"post_tag","embeddable":true,"href":"https:\/\/blogdoeloiltoncajuhy.com.br\/site\/wp-json\/wp\/v2\/tags?post=14858"}],"curies":[{"name":"wp","href":"https:\/\/api.w.org\/{rel}","templated":true}]}}