{"id":14852,"date":"2017-01-19T17:57:41","date_gmt":"2017-01-19T20:57:41","guid":{"rendered":"http:\/\/blogdoeloiltoncajuhy.com.br\/site\/?p=14852"},"modified":"2017-01-19T17:57:41","modified_gmt":"2017-01-19T20:57:41","slug":"acidente-aereo-morre-o-ministro-do-stf-teori-zavascki","status":"publish","type":"post","link":"https:\/\/blogdoeloiltoncajuhy.com.br\/site\/acidente-aereo-morre-o-ministro-do-stf-teori-zavascki\/","title":{"rendered":"Acidente a\u00e9reo: Morre o ministro do STF Teori Zavascki"},"content":{"rendered":"<figure id=\"attachment_14853\" aria-describedby=\"caption-attachment-14853\" style=\"width: 615px\" class=\"wp-caption aligncenter\"><a href=\"https:\/\/i0.wp.com\/blogdoeloiltoncajuhy.com.br\/site\/wp-content\/uploads\/2017\/01\/ministro-do-stf-teori-zavascki.jpg\"><img data-recalc-dims=\"1\" fetchpriority=\"high\" decoding=\"async\" class=\"wp-image-14853 size-full\" src=\"https:\/\/i0.wp.com\/blogdoeloiltoncajuhy.com.br\/site\/wp-content\/uploads\/2017\/01\/ministro-do-stf-teori-zavascki.jpg?resize=615%2C470\" width=\"615\" height=\"470\" srcset=\"https:\/\/i0.wp.com\/blogdoeloiltoncajuhy.com.br\/site\/wp-content\/uploads\/2017\/01\/ministro-do-stf-teori-zavascki.jpg?w=615&amp;ssl=1 615w, https:\/\/i0.wp.com\/blogdoeloiltoncajuhy.com.br\/site\/wp-content\/uploads\/2017\/01\/ministro-do-stf-teori-zavascki.jpg?resize=300%2C229&amp;ssl=1 300w, https:\/\/i0.wp.com\/blogdoeloiltoncajuhy.com.br\/site\/wp-content\/uploads\/2017\/01\/ministro-do-stf-teori-zavascki.jpg?resize=250%2C191&amp;ssl=1 250w\" sizes=\"(max-width: 615px) 100vw, 615px\" \/><\/a><figcaption id=\"caption-attachment-14853\" class=\"wp-caption-text\">O ministro do STF (Supremo Tribunal Federal) Teori Zavascki (Foto: Eraldo Peres &#8211; 4.mar.2014\/AP)<\/figcaption><\/figure>\n<p>Morreu nesta quinta-feira (19), aos 68 anos de idade, o ministro do Supremo Tribunal Federal (STF), Teori Zavascki, ap\u00f3s a queda de uma aeronave em Paraty, litoral do Rio de Janeiro. A informa\u00e7\u00e3o da morte foi confirmada pelo seu filho Francisco Zavascki.<\/p>\n<p>&#8220;Caros amigos, acabamos de receber a confirma\u00e7\u00e3o de que o pai faleceu! Muito obrigado a todos pela for\u00e7a!&#8221;, postou Francisco no Facebook.<\/p>\n<p>Teori era o relator da Opera\u00e7\u00e3o Lava Jato no Supremo. Francisco Zavascki disse, por telefone, que o pai estava indo a Paraty em viagem de f\u00e9rias.<\/p>\n<figure id=\"attachment_14854\" aria-describedby=\"caption-attachment-14854\" style=\"width: 615px\" class=\"wp-caption aligncenter\"><a href=\"https:\/\/i0.wp.com\/blogdoeloiltoncajuhy.com.br\/site\/wp-content\/uploads\/2017\/01\/facebook-francisco-zavascki-filho-de-teori.jpg\"><img data-recalc-dims=\"1\" decoding=\"async\" class=\"wp-image-14854 size-full\" src=\"https:\/\/i0.wp.com\/blogdoeloiltoncajuhy.com.br\/site\/wp-content\/uploads\/2017\/01\/facebook-francisco-zavascki-filho-de-teori.jpg?resize=615%2C300\" width=\"615\" height=\"300\" srcset=\"https:\/\/i0.wp.com\/blogdoeloiltoncajuhy.com.br\/site\/wp-content\/uploads\/2017\/01\/facebook-francisco-zavascki-filho-de-teori.jpg?w=615&amp;ssl=1 615w, https:\/\/i0.wp.com\/blogdoeloiltoncajuhy.com.br\/site\/wp-content\/uploads\/2017\/01\/facebook-francisco-zavascki-filho-de-teori.jpg?resize=300%2C146&amp;ssl=1 300w, https:\/\/i0.wp.com\/blogdoeloiltoncajuhy.com.br\/site\/wp-content\/uploads\/2017\/01\/facebook-francisco-zavascki-filho-de-teori.jpg?resize=250%2C122&amp;ssl=1 250w\" sizes=\"(max-width: 615px) 100vw, 615px\" \/><\/a><figcaption id=\"caption-attachment-14854\" class=\"wp-caption-text\">Reprodu\u00e7\u00e3o Facebook<\/figcaption><\/figure>\n<p>Segundo o STF, o presidente Michel Temer e a ministra C\u00e1rmen L\u00facia, presidente da Corte, j\u00e1 foram informados do acidente, mas ainda n\u00e3o se pronunciaram sobre a morte do ministro.<\/p>\n<p>Segundo o vice-l\u00edder do governo no Senado, Jos\u00e9 Medeiros (PSD-MT), que estava ao lado do presidente Michel Temer quando ele foi informado sobre o acidente, a rea\u00e7\u00e3o do peemedebista foi &#8220;de consterna\u00e7\u00e3o&#8221; ao ouvir que o ministro do Supremo estaria na lista de passageiros.<\/p>\n<p>&#8220;Ele disse apenas um &#8216;meu Deus&#8217; quando ouviu e j\u00e1 pediu, em seguida, que o comando da Aeron\u00e1utica tomasse p\u00e9 da situa\u00e7\u00e3o. Ficou consternado, mudou mesmo o semblante porque ficou muito impactado com a not\u00edcia \u2013 al\u00e9m de Teori ser muito respeitado no meio jur\u00eddico, o pr\u00f3prio Temer o conhecia desse meio&#8221;, disse Medeiros.<\/p>\n<figure id=\"attachment_14855\" aria-describedby=\"caption-attachment-14855\" style=\"width: 615px\" class=\"wp-caption aligncenter\"><a href=\"https:\/\/i0.wp.com\/blogdoeloiltoncajuhy.com.br\/site\/wp-content\/uploads\/2017\/01\/destrocos-de-aviao-que-caiu-em-paraty-rj.jpg\"><img data-recalc-dims=\"1\" decoding=\"async\" class=\"wp-image-14855 size-full\" src=\"https:\/\/i0.wp.com\/blogdoeloiltoncajuhy.com.br\/site\/wp-content\/uploads\/2017\/01\/destrocos-de-aviao-que-caiu-em-paraty-rj.jpg?resize=615%2C300\" width=\"615\" height=\"300\" srcset=\"https:\/\/i0.wp.com\/blogdoeloiltoncajuhy.com.br\/site\/wp-content\/uploads\/2017\/01\/destrocos-de-aviao-que-caiu-em-paraty-rj.jpg?w=615&amp;ssl=1 615w, https:\/\/i0.wp.com\/blogdoeloiltoncajuhy.com.br\/site\/wp-content\/uploads\/2017\/01\/destrocos-de-aviao-que-caiu-em-paraty-rj.jpg?resize=300%2C146&amp;ssl=1 300w, https:\/\/i0.wp.com\/blogdoeloiltoncajuhy.com.br\/site\/wp-content\/uploads\/2017\/01\/destrocos-de-aviao-que-caiu-em-paraty-rj.jpg?resize=250%2C122&amp;ssl=1 250w\" sizes=\"(max-width: 615px) 100vw, 615px\" \/><\/a><figcaption id=\"caption-attachment-14855\" class=\"wp-caption-text\">Destro\u00e7os de avi\u00e3o que caiu em Paraty (RJ) e levava o ministro do STF Teori Zavascki (Foto: Reprodu\u00e7\u00e3o\/Twitter\/@Aeroagora)<\/figcaption><\/figure>\n<p><strong>O que se sabe sobre o acidente<\/strong><\/p>\n<p>Os Bombeiros disseram que chovia muito no local do acidente e que tinham conseguido visualizar tr\u00eas v\u00edtimas presas no avi\u00e3o, que se encontrava submerso, sem identific\u00e1-las.<\/p>\n<p>Segundo a assessoria de imprensa da FAB (For\u00e7a A\u00e9rea Brasileira), o avi\u00e3o de modelo Beechcraft C90GT, prefixo PR-SOM, saiu do aeroporto Campo de Marte, em S\u00e3o Paulo, \u00e0s 13h (hor\u00e1rio de Bras\u00edlia). De acordo com funcion\u00e1rios do aeroporto de Paraty, a aeronave caiu no mar por volta das 13h30, momento em que chovia na regi\u00e3o.<\/p>\n<p>Segundo informa\u00e7\u00f5es dispon\u00edveis no site da Anac (Ag\u00eancia Nacional de Avia\u00e7\u00e3o Civil), o Beechcraft C90GT tem capacidade para sete passageiros, al\u00e9m do piloto. \u00c9 um avi\u00e3o bimotor turbo\u00e9lice fabricado pela Hawker Beechcraft. A aeronave PR-SOM est\u00e1 registrada em nome da Emiliano Empreendimentos e Participa\u00e7\u00f5es Hoteleiras Limitada.<\/p>\n<p>De acordo com a FAB, uma equipe do Seripa-3 (Terceiro Servi\u00e7o Regional de Investiga\u00e7\u00e3o e Preven\u00e7\u00e3o de Acidentes Aeron\u00e1uticos) est\u00e1 em\u00a0Paraty para iniciar a investiga\u00e7\u00e3o sobre o acidente.<\/p>\n<p>Segundo a Marinha, 50 militares e tr\u00eas embarca\u00e7\u00f5es estavam envolvidos nas buscas, al\u00e9m da equipe do Corpo de Bombeiros do Estado do Rio de Janeiro e de barcos pesqueiros.<\/p>\n","protected":false},"excerpt":{"rendered":"<p>Morreu nesta quinta-feira (19), aos 68 anos de idade, o ministro do Supremo Tribunal Federal (STF), Teori Zavascki, ap\u00f3s a queda de uma aeronave em Paraty, litoral do Rio de Janeiro. A informa\u00e7\u00e3o da morte foi confirmada pelo seu filho Francisco Zavascki. &#8220;Caros amigos, acabamos de receber a confirma\u00e7\u00e3o de que o pai faleceu! Muito [&hellip;]<\/p>\n","protected":false},"author":2,"featured_media":14855,"comment_status":"open","ping_status":"open","sticky":false,"template":"","format":"standard","meta":{"_acf_changed":false,"_monsterinsights_skip_tracking":false,"_monsterinsights_sitenote_active":false,"_monsterinsights_sitenote_note":"","_monsterinsights_sitenote_category":0,"_jetpack_memberships_contains_paid_content":false,"footnotes":"","jetpack_publicize_message":"","jetpack_publicize_feature_enabled":true,"jetpack_social_post_already_shared":true,"jetpack_social_options":{"image_generator_settings":{"template":"highway","default_image_id":0,"font":"","enabled":false},"version":2}},"categories":[5,1],"tags":[],"class_list":["post-14852","post","type-post","status-publish","format-standard","has-post-thumbnail","hentry","category-cotidiano","category-noticias"],"acf":[],"jetpack_publicize_connections":[],"jetpack_featured_media_url":"https:\/\/i0.wp.com\/blogdoeloiltoncajuhy.com.br\/site\/wp-content\/uploads\/2017\/01\/destrocos-de-aviao-que-caiu-em-paraty-rj.jpg?fit=615%2C300&ssl=1","jetpack_sharing_enabled":true,"publishpress_future_workflow_manual_trigger":{"enabledWorkflows":[]},"_links":{"self":[{"href":"https:\/\/blogdoeloiltoncajuhy.com.br\/site\/wp-json\/wp\/v2\/posts\/14852","targetHints":{"allow":["GET"]}}],"collection":[{"href":"https:\/\/blogdoeloiltoncajuhy.com.br\/site\/wp-json\/wp\/v2\/posts"}],"about":[{"href":"https:\/\/blogdoeloiltoncajuhy.com.br\/site\/wp-json\/wp\/v2\/types\/post"}],"author":[{"embeddable":true,"href":"https:\/\/blogdoeloiltoncajuhy.com.br\/site\/wp-json\/wp\/v2\/users\/2"}],"replies":[{"embeddable":true,"href":"https:\/\/blogdoeloiltoncajuhy.com.br\/site\/wp-json\/wp\/v2\/comments?post=14852"}],"version-history":[{"count":1,"href":"https:\/\/blogdoeloiltoncajuhy.com.br\/site\/wp-json\/wp\/v2\/posts\/14852\/revisions"}],"predecessor-version":[{"id":14856,"href":"https:\/\/blogdoeloiltoncajuhy.com.br\/site\/wp-json\/wp\/v2\/posts\/14852\/revisions\/14856"}],"wp:featuredmedia":[{"embeddable":true,"href":"https:\/\/blogdoeloiltoncajuhy.com.br\/site\/wp-json\/wp\/v2\/media\/14855"}],"wp:attachment":[{"href":"https:\/\/blogdoeloiltoncajuhy.com.br\/site\/wp-json\/wp\/v2\/media?parent=14852"}],"wp:term":[{"taxonomy":"category","embeddable":true,"href":"https:\/\/blogdoeloiltoncajuhy.com.br\/site\/wp-json\/wp\/v2\/categories?post=14852"},{"taxonomy":"post_tag","embeddable":true,"href":"https:\/\/blogdoeloiltoncajuhy.com.br\/site\/wp-json\/wp\/v2\/tags?post=14852"}],"curies":[{"name":"wp","href":"https:\/\/api.w.org\/{rel}","templated":true}]}}