{"id":14849,"date":"2017-01-19T09:23:18","date_gmt":"2017-01-19T12:23:18","guid":{"rendered":"http:\/\/blogdoeloiltoncajuhy.com.br\/site\/?p=14849"},"modified":"2017-01-19T09:23:18","modified_gmt":"2017-01-19T12:23:18","slug":"andorinha-abertas-as-inscricoes-para-o-garantia-safra-2017","status":"publish","type":"post","link":"https:\/\/blogdoeloiltoncajuhy.com.br\/site\/andorinha-abertas-as-inscricoes-para-o-garantia-safra-2017\/","title":{"rendered":"ANDORINHA: Abertas as inscri\u00e7\u00f5es para o Garantia-Safra 2017"},"content":{"rendered":"<p><a href=\"https:\/\/i0.wp.com\/blogdoeloiltoncajuhy.com.br\/site\/wp-content\/uploads\/2017\/01\/GARANTIA-SAFRA-e1484828586862.png\"><img data-recalc-dims=\"1\" fetchpriority=\"high\" decoding=\"async\" class=\"aligncenter size-full wp-image-14850\" src=\"https:\/\/i0.wp.com\/blogdoeloiltoncajuhy.com.br\/site\/wp-content\/uploads\/2017\/01\/GARANTIA-SAFRA-e1484828586862.png?resize=600%2C300\" alt=\"\" width=\"600\" height=\"300\" \/><\/a>A Secretaria de Desenvolvimento Rural e Meio Ambiente de Andorinha est\u00e1 informando \u00e0s Associa\u00e7\u00f5es e Agricultores familiares do munic\u00edpio, que sua equipe t\u00e9cnica, em parceria com a BAHIATER, estar\u00e1 realizando diversas reuni\u00f5es Informativas sobre o Programa Garantia-Safra \u2013 Inverno 2017, em comunidades da sede e zona rural do munic\u00edpio.<\/p>\n<p>Durante as reuni\u00f5es tamb\u00e9m acontecer\u00e1 o cadastramento de agricultores que est\u00e3o aptos a participarem do programa. O munic\u00edpio de Andorinha solicitou junto ao Minist\u00e9rio do Desenvolvimento Agr\u00e1rio e a Superintend\u00eancia de Agricultura Familiar \u2013 SUAF, mil cotas para o programa Garantia \u2013 Safra.<\/p>\n<p>O calend\u00e1rio de reuni\u00f5es com as datas e hor\u00e1rios em cada comunidade, inclusive na sede, ser\u00e1 entregue para cada Associa\u00e7\u00e3o e pode ser visto em todas as Secretarias Municipais, no Sindicato dos Trabalhadores Rurais, no Banco do Brasil, nos Correios e Casa Lot\u00e9rica.<\/p>\n<p>\u201cContamos com a aten\u00e7\u00e3o, colabora\u00e7\u00e3o e participa\u00e7\u00e3o, visando alcan\u00e7ar o objetivo geral, que \u00e9 cadastrar e inscrever agricultores que podem fazer parte do Programa Garantia-Safra\u201d, falou Valt\u00f4nio Guimar\u00e3es, Secret\u00e1rio de Desenvolvimento Rural e Meio Ambiente.<\/p>\n<p>O objetivo do programa \u00e9 garantir condi\u00e7\u00f5es m\u00ednimas de sobreviv\u00eancia aos agricultores familiares sujeitos a perda de safra por raz\u00e3o do fen\u00f4meno da estiagem ou excesso h\u00eddrico. Mais informa\u00e7\u00f5es pelo telefone: 3529 -1547 de segunda a sexta , das 8h \u00e0s 14h.<\/p>\n<p><em>*Ascom Prefeitura de Andorinha<\/em><\/p>\n","protected":false},"excerpt":{"rendered":"<p>A Secretaria de Desenvolvimento Rural e Meio Ambiente de Andorinha est\u00e1 informando \u00e0s Associa\u00e7\u00f5es e Agricultores familiares do munic\u00edpio, que sua equipe t\u00e9cnica, em parceria com a BAHIATER, estar\u00e1 realizando diversas reuni\u00f5es Informativas sobre o Programa Garantia-Safra \u2013 Inverno 2017, em comunidades da sede e zona rural do munic\u00edpio. Durante as reuni\u00f5es tamb\u00e9m acontecer\u00e1 o [&hellip;]<\/p>\n","protected":false},"author":2,"featured_media":14850,"comment_status":"open","ping_status":"open","sticky":false,"template":"","format":"standard","meta":{"_acf_changed":false,"_monsterinsights_skip_tracking":false,"_monsterinsights_sitenote_active":false,"_monsterinsights_sitenote_note":"","_monsterinsights_sitenote_category":0,"_jetpack_memberships_contains_paid_content":false,"footnotes":"","jetpack_publicize_message":"","jetpack_publicize_feature_enabled":true,"jetpack_social_post_already_shared":true,"jetpack_social_options":{"image_generator_settings":{"template":"highway","default_image_id":0,"font":"","enabled":false},"version":2}},"categories":[1,11],"tags":[],"class_list":["post-14849","post","type-post","status-publish","format-standard","has-post-thumbnail","hentry","category-noticias","category-regional"],"acf":[],"jetpack_publicize_connections":[],"jetpack_featured_media_url":"https:\/\/i0.wp.com\/blogdoeloiltoncajuhy.com.br\/site\/wp-content\/uploads\/2017\/01\/GARANTIA-SAFRA-e1484828586862.png?fit=600%2C300&ssl=1","jetpack_sharing_enabled":true,"publishpress_future_workflow_manual_trigger":{"enabledWorkflows":[]},"_links":{"self":[{"href":"https:\/\/blogdoeloiltoncajuhy.com.br\/site\/wp-json\/wp\/v2\/posts\/14849","targetHints":{"allow":["GET"]}}],"collection":[{"href":"https:\/\/blogdoeloiltoncajuhy.com.br\/site\/wp-json\/wp\/v2\/posts"}],"about":[{"href":"https:\/\/blogdoeloiltoncajuhy.com.br\/site\/wp-json\/wp\/v2\/types\/post"}],"author":[{"embeddable":true,"href":"https:\/\/blogdoeloiltoncajuhy.com.br\/site\/wp-json\/wp\/v2\/users\/2"}],"replies":[{"embeddable":true,"href":"https:\/\/blogdoeloiltoncajuhy.com.br\/site\/wp-json\/wp\/v2\/comments?post=14849"}],"version-history":[{"count":1,"href":"https:\/\/blogdoeloiltoncajuhy.com.br\/site\/wp-json\/wp\/v2\/posts\/14849\/revisions"}],"predecessor-version":[{"id":14851,"href":"https:\/\/blogdoeloiltoncajuhy.com.br\/site\/wp-json\/wp\/v2\/posts\/14849\/revisions\/14851"}],"wp:featuredmedia":[{"embeddable":true,"href":"https:\/\/blogdoeloiltoncajuhy.com.br\/site\/wp-json\/wp\/v2\/media\/14850"}],"wp:attachment":[{"href":"https:\/\/blogdoeloiltoncajuhy.com.br\/site\/wp-json\/wp\/v2\/media?parent=14849"}],"wp:term":[{"taxonomy":"category","embeddable":true,"href":"https:\/\/blogdoeloiltoncajuhy.com.br\/site\/wp-json\/wp\/v2\/categories?post=14849"},{"taxonomy":"post_tag","embeddable":true,"href":"https:\/\/blogdoeloiltoncajuhy.com.br\/site\/wp-json\/wp\/v2\/tags?post=14849"}],"curies":[{"name":"wp","href":"https:\/\/api.w.org\/{rel}","templated":true}]}}