{"id":14846,"date":"2017-01-19T09:17:23","date_gmt":"2017-01-19T12:17:23","guid":{"rendered":"http:\/\/blogdoeloiltoncajuhy.com.br\/site\/?p=14846"},"modified":"2017-01-19T09:17:23","modified_gmt":"2017-01-19T12:17:23","slug":"25-milhoes-de-candidatos-do-enem-2016-conseguiram-ver-a-nota-nesta-quarta","status":"publish","type":"post","link":"https:\/\/blogdoeloiltoncajuhy.com.br\/site\/25-milhoes-de-candidatos-do-enem-2016-conseguiram-ver-a-nota-nesta-quarta\/","title":{"rendered":"2,5 milh\u00f5es de candidatos do Enem 2016 conseguiram ver a nota nesta quarta"},"content":{"rendered":"<p style=\"text-align: center;\"><em><strong>MEC afirmou que, &#8216;algumas horas&#8217; ap\u00f3s a abertura da consulta, cerca de 42% dos candidatos conseguiram acessar sua nota. Candidatos reclamaram nas redes sociais sobre a instabilidade no site<\/strong><\/em><\/p>\n<figure id=\"attachment_14847\" aria-describedby=\"caption-attachment-14847\" style=\"width: 600px\" class=\"wp-caption aligncenter\"><a href=\"https:\/\/i0.wp.com\/blogdoeloiltoncajuhy.com.br\/site\/wp-content\/uploads\/2017\/01\/cadernoenem-e1484828196382.jpg\"><img data-recalc-dims=\"1\" fetchpriority=\"high\" decoding=\"async\" class=\"wp-image-14847 size-full\" src=\"https:\/\/i0.wp.com\/blogdoeloiltoncajuhy.com.br\/site\/wp-content\/uploads\/2017\/01\/cadernoenem-e1484828196382.jpg?resize=600%2C338\" width=\"600\" height=\"338\" \/><\/a><figcaption id=\"caption-attachment-14847\" class=\"wp-caption-text\">Caderno de prova do Enem 2016 (Foto: G1)<\/figcaption><\/figure>\n<p style=\"text-align: left;\">Nas primeiras horas desde a divulga\u00e7\u00e3o das notas da edi\u00e7\u00e3o 2016 do Exame Nacional do Ensino M\u00e9dio (Enem), 2.540.000 candidatos conseguiram acessar seu resultado no sistema on-line, afirmou o Minist\u00e9rio da Educa\u00e7\u00e3o. O n\u00famero divulgado representa 42% do total de 6.005.607 de participantes do Enem 2016.<\/p>\n<p style=\"text-align: left;\"><strong><a href=\"http:\/\/g1.globo.com\/educacao\/noticia\/enem-2016-notas-ja-podem-ser-consultadas.ghtml\">As notas foram divulgadas por volta das 10h15<\/a><\/strong> desta quarta-feira (18). \u00c0s 19h, o MEC informou, pelo Facebook, que 2,5 milh\u00f5es de pessoas haviam acessado a nota at\u00e9 as 19h30. \u00c0s 18h20, o MEC havia divulgado um comunicado afirmando que 2.331.022 haviam conseguido acessar seu resultado.<\/p>\n<p style=\"text-align: left;\">Para ter acesso, o participante precisa digitar CPF e senha no site <strong><a href=\"http:\/\/enem.inep.gov.br\/participante\" target=\"_blank\" rel=\"noopener nofollow\">http:\/\/enem.inep.gov.br\/participante<\/a><\/strong>. O resultado tamb\u00e9m pode ser conferido pelo aplicativo oficial do Enem.<\/p>\n<p style=\"text-align: left;\"><strong>Consulta p\u00fablica<\/strong><\/p>\n<p style=\"text-align: left;\">Tamb\u00e9m no fim da tarde desta quarta-feira, o MEC afirmou, pelo Facebook, que, at\u00e9 as 19h30, 54.952 pessoas j\u00e1 haviam participado da consulta p\u00fablica sobre mudan\u00e7as para a edi\u00e7\u00e3o 2017 do Enem. A consulta ficar\u00e1 aberta \u00e0 participa\u00e7\u00e3o at\u00e9 10 de fevereiro.<\/p>\n<p style=\"text-align: left;\"><em>*Por G1<\/em><\/p>\n","protected":false},"excerpt":{"rendered":"<p>MEC afirmou que, &#8216;algumas horas&#8217; ap\u00f3s a abertura da consulta, cerca de 42% dos candidatos conseguiram acessar sua nota. Candidatos reclamaram nas redes sociais sobre a instabilidade no site Nas primeiras horas desde a divulga\u00e7\u00e3o das notas da edi\u00e7\u00e3o 2016 do Exame Nacional do Ensino M\u00e9dio (Enem), 2.540.000 candidatos conseguiram acessar seu resultado no sistema [&hellip;]<\/p>\n","protected":false},"author":2,"featured_media":14847,"comment_status":"open","ping_status":"open","sticky":false,"template":"","format":"standard","meta":{"_acf_changed":false,"_monsterinsights_skip_tracking":false,"_monsterinsights_sitenote_active":false,"_monsterinsights_sitenote_note":"","_monsterinsights_sitenote_category":0,"_jetpack_memberships_contains_paid_content":false,"footnotes":"","jetpack_publicize_message":"","jetpack_publicize_feature_enabled":true,"jetpack_social_post_already_shared":true,"jetpack_social_options":{"image_generator_settings":{"template":"highway","default_image_id":0,"font":"","enabled":false},"version":2}},"categories":[14,1],"tags":[],"class_list":["post-14846","post","type-post","status-publish","format-standard","has-post-thumbnail","hentry","category-educacao","category-noticias"],"acf":[],"jetpack_publicize_connections":[],"jetpack_featured_media_url":"https:\/\/i0.wp.com\/blogdoeloiltoncajuhy.com.br\/site\/wp-content\/uploads\/2017\/01\/cadernoenem-e1484828196382.jpg?fit=600%2C338&ssl=1","jetpack_sharing_enabled":true,"publishpress_future_workflow_manual_trigger":{"enabledWorkflows":[]},"_links":{"self":[{"href":"https:\/\/blogdoeloiltoncajuhy.com.br\/site\/wp-json\/wp\/v2\/posts\/14846","targetHints":{"allow":["GET"]}}],"collection":[{"href":"https:\/\/blogdoeloiltoncajuhy.com.br\/site\/wp-json\/wp\/v2\/posts"}],"about":[{"href":"https:\/\/blogdoeloiltoncajuhy.com.br\/site\/wp-json\/wp\/v2\/types\/post"}],"author":[{"embeddable":true,"href":"https:\/\/blogdoeloiltoncajuhy.com.br\/site\/wp-json\/wp\/v2\/users\/2"}],"replies":[{"embeddable":true,"href":"https:\/\/blogdoeloiltoncajuhy.com.br\/site\/wp-json\/wp\/v2\/comments?post=14846"}],"version-history":[{"count":1,"href":"https:\/\/blogdoeloiltoncajuhy.com.br\/site\/wp-json\/wp\/v2\/posts\/14846\/revisions"}],"predecessor-version":[{"id":14848,"href":"https:\/\/blogdoeloiltoncajuhy.com.br\/site\/wp-json\/wp\/v2\/posts\/14846\/revisions\/14848"}],"wp:featuredmedia":[{"embeddable":true,"href":"https:\/\/blogdoeloiltoncajuhy.com.br\/site\/wp-json\/wp\/v2\/media\/14847"}],"wp:attachment":[{"href":"https:\/\/blogdoeloiltoncajuhy.com.br\/site\/wp-json\/wp\/v2\/media?parent=14846"}],"wp:term":[{"taxonomy":"category","embeddable":true,"href":"https:\/\/blogdoeloiltoncajuhy.com.br\/site\/wp-json\/wp\/v2\/categories?post=14846"},{"taxonomy":"post_tag","embeddable":true,"href":"https:\/\/blogdoeloiltoncajuhy.com.br\/site\/wp-json\/wp\/v2\/tags?post=14846"}],"curies":[{"name":"wp","href":"https:\/\/api.w.org\/{rel}","templated":true}]}}