{"id":14824,"date":"2017-01-18T18:47:07","date_gmt":"2017-01-18T21:47:07","guid":{"rendered":"http:\/\/blogdoeloiltoncajuhy.com.br\/site\/?p=14824"},"modified":"2017-01-18T18:47:07","modified_gmt":"2017-01-18T21:47:07","slug":"caldeirao-grande-e-contemplado-com-368-novos-beneficios-do-programa-bolsa-familia","status":"publish","type":"post","link":"https:\/\/blogdoeloiltoncajuhy.com.br\/site\/caldeirao-grande-e-contemplado-com-368-novos-beneficios-do-programa-bolsa-familia\/","title":{"rendered":"Caldeir\u00e3o Grande \u00e9 contemplado com 368 novos benef\u00edcios do programa Bolsa Fam\u00edlia"},"content":{"rendered":"<p><a href=\"https:\/\/i0.wp.com\/blogdoeloiltoncajuhy.com.br\/site\/wp-content\/uploads\/2017\/01\/CG_comunicado-bolsa-fam%C3%ADlia.jpg\"><img data-recalc-dims=\"1\" fetchpriority=\"high\" decoding=\"async\" class=\"aligncenter size-full wp-image-14825\" src=\"https:\/\/i0.wp.com\/blogdoeloiltoncajuhy.com.br\/site\/wp-content\/uploads\/2017\/01\/CG_comunicado-bolsa-fam%C3%ADlia.jpg?resize=425%2C307\" alt=\"\" width=\"425\" height=\"307\" srcset=\"https:\/\/i0.wp.com\/blogdoeloiltoncajuhy.com.br\/site\/wp-content\/uploads\/2017\/01\/CG_comunicado-bolsa-fam%C3%ADlia.jpg?w=425&amp;ssl=1 425w, https:\/\/i0.wp.com\/blogdoeloiltoncajuhy.com.br\/site\/wp-content\/uploads\/2017\/01\/CG_comunicado-bolsa-fam%C3%ADlia.jpg?resize=300%2C217&amp;ssl=1 300w, https:\/\/i0.wp.com\/blogdoeloiltoncajuhy.com.br\/site\/wp-content\/uploads\/2017\/01\/CG_comunicado-bolsa-fam%C3%ADlia.jpg?resize=250%2C181&amp;ssl=1 250w\" sizes=\"(max-width: 425px) 100vw, 425px\" \/><\/a>A Prefeitura Municipal de Caldeir\u00e3o Grande, atrav\u00e9s da Secretaria Municipal de Assist\u00eancia Social, informa que o munic\u00edpio foi contemplado com 368 (trezentos e sessenta e oito) novos benefici\u00e1rios para o programa Bolsa Fam\u00edlia.<\/p>\n<p>A lista com os nomes destes novos benefici\u00e1rios est\u00e1 \u00e0 disposi\u00e7\u00e3o na Prefeitura Municipal de Caldeir\u00e3o Grande, Ag\u00eancia do Correios e Casas Lot\u00e9ricas do munic\u00edpio.<\/p>\n<p>A entrega dos cart\u00f5es do Bolsa Fam\u00edlia ser\u00e1 feita\u00a0nos dias 19 e 20 de janeiro na Ag\u00eancia dos Correios e, para retirar, o beneficiado titular dever\u00e1 apresentar algum documento de identifica\u00e7\u00e3o com foto, como Carteira de Identidade ou CNH \u2013 Carteira Nacional de Habilita\u00e7\u00e3o.<\/p>\n<p>Aten\u00e7\u00e3o: Todos os benefici\u00e1rios tamb\u00e9m devem comparecer na Base Municipal do Bolsa Fam\u00edlia, portando todos a documenta\u00e7\u00e3o necess\u00e1ria do titular e dependentes, para realiza\u00e7\u00e3o do cadastro e receber as orienta\u00e7\u00f5es para poder realizar o saque do beneficio.<\/p>\n<p><em>*Assessoria de Comunica\u00e7\u00e3o\u00a0Prefeitura Municipal de Caldeir\u00e3o Grande<\/em><\/p>\n","protected":false},"excerpt":{"rendered":"<p>A Prefeitura Municipal de Caldeir\u00e3o Grande, atrav\u00e9s da Secretaria Municipal de Assist\u00eancia Social, informa que o munic\u00edpio foi contemplado com 368 (trezentos e sessenta e oito) novos benefici\u00e1rios para o programa Bolsa Fam\u00edlia. A lista com os nomes destes novos benefici\u00e1rios est\u00e1 \u00e0 disposi\u00e7\u00e3o na Prefeitura Municipal de Caldeir\u00e3o Grande, Ag\u00eancia do Correios e Casas [&hellip;]<\/p>\n","protected":false},"author":2,"featured_media":14825,"comment_status":"open","ping_status":"open","sticky":false,"template":"","format":"standard","meta":{"_acf_changed":false,"_monsterinsights_skip_tracking":false,"_monsterinsights_sitenote_active":false,"_monsterinsights_sitenote_note":"","_monsterinsights_sitenote_category":0,"_jetpack_memberships_contains_paid_content":false,"footnotes":"","jetpack_publicize_message":"","jetpack_publicize_feature_enabled":true,"jetpack_social_post_already_shared":true,"jetpack_social_options":{"image_generator_settings":{"template":"highway","default_image_id":0,"font":"","enabled":false},"version":2}},"categories":[1,11],"tags":[],"class_list":["post-14824","post","type-post","status-publish","format-standard","has-post-thumbnail","hentry","category-noticias","category-regional"],"acf":[],"jetpack_publicize_connections":[],"jetpack_featured_media_url":"https:\/\/i0.wp.com\/blogdoeloiltoncajuhy.com.br\/site\/wp-content\/uploads\/2017\/01\/CG_comunicado-bolsa-fam%C3%ADlia.jpg?fit=425%2C307&ssl=1","jetpack_sharing_enabled":true,"publishpress_future_workflow_manual_trigger":{"enabledWorkflows":[]},"_links":{"self":[{"href":"https:\/\/blogdoeloiltoncajuhy.com.br\/site\/wp-json\/wp\/v2\/posts\/14824","targetHints":{"allow":["GET"]}}],"collection":[{"href":"https:\/\/blogdoeloiltoncajuhy.com.br\/site\/wp-json\/wp\/v2\/posts"}],"about":[{"href":"https:\/\/blogdoeloiltoncajuhy.com.br\/site\/wp-json\/wp\/v2\/types\/post"}],"author":[{"embeddable":true,"href":"https:\/\/blogdoeloiltoncajuhy.com.br\/site\/wp-json\/wp\/v2\/users\/2"}],"replies":[{"embeddable":true,"href":"https:\/\/blogdoeloiltoncajuhy.com.br\/site\/wp-json\/wp\/v2\/comments?post=14824"}],"version-history":[{"count":1,"href":"https:\/\/blogdoeloiltoncajuhy.com.br\/site\/wp-json\/wp\/v2\/posts\/14824\/revisions"}],"predecessor-version":[{"id":14826,"href":"https:\/\/blogdoeloiltoncajuhy.com.br\/site\/wp-json\/wp\/v2\/posts\/14824\/revisions\/14826"}],"wp:featuredmedia":[{"embeddable":true,"href":"https:\/\/blogdoeloiltoncajuhy.com.br\/site\/wp-json\/wp\/v2\/media\/14825"}],"wp:attachment":[{"href":"https:\/\/blogdoeloiltoncajuhy.com.br\/site\/wp-json\/wp\/v2\/media?parent=14824"}],"wp:term":[{"taxonomy":"category","embeddable":true,"href":"https:\/\/blogdoeloiltoncajuhy.com.br\/site\/wp-json\/wp\/v2\/categories?post=14824"},{"taxonomy":"post_tag","embeddable":true,"href":"https:\/\/blogdoeloiltoncajuhy.com.br\/site\/wp-json\/wp\/v2\/tags?post=14824"}],"curies":[{"name":"wp","href":"https:\/\/api.w.org\/{rel}","templated":true}]}}