{"id":14812,"date":"2017-01-18T09:07:12","date_gmt":"2017-01-18T12:07:12","guid":{"rendered":"http:\/\/blogdoeloiltoncajuhy.com.br\/site\/?p=14812"},"modified":"2017-01-18T09:07:12","modified_gmt":"2017-01-18T12:07:12","slug":"matriculas-nas-escolas-municipais-de-andorinha-acontecem-ate-27-de-janeiro","status":"publish","type":"post","link":"https:\/\/blogdoeloiltoncajuhy.com.br\/site\/matriculas-nas-escolas-municipais-de-andorinha-acontecem-ate-27-de-janeiro\/","title":{"rendered":"Matriculas nas escolas municipais de Andorinha acontecem at\u00e9 27 de janeiro"},"content":{"rendered":"<p><a href=\"https:\/\/i0.wp.com\/blogdoeloiltoncajuhy.com.br\/site\/wp-content\/uploads\/2017\/01\/AULAS-e1484741199199.jpg\"><img data-recalc-dims=\"1\" fetchpriority=\"high\" decoding=\"async\" class=\"size-full wp-image-14813\" src=\"https:\/\/i0.wp.com\/blogdoeloiltoncajuhy.com.br\/site\/wp-content\/uploads\/2017\/01\/AULAS-e1484741199199.jpg?resize=500%2C340\" alt=\"\" width=\"500\" height=\"340\" \/><\/a><\/p>\n<p>A prefeitura de Andorinha, por meio da Secretaria de Educa\u00e7\u00e3o, est\u00e1 informando que as matriculas da Rede Municipal de Ensino foram prorrogadas at\u00e9 o dia 27 de janeiro. As aulas est\u00e3o marcadas para come\u00e7ar dia 6 de fevereiro.<\/p>\n<p>As matriculas est\u00e3o sendo realizadas nas escolas municipais, exceto nas seguintes localidades: Tanquinho do Po\u00e7o, Cara\u00edba, Tanque Novo e Caldeir\u00e3o da Vaca. Nessas unidades escolares, as matriculas dever\u00e3o ser feitas excepcionalmente na Secretaria de Educa\u00e7\u00e3o, localizada na Rua Princesa Isabel 38, centro de Andorinha.<\/p>\n<p><strong>Aulas noturnas<\/strong><\/p>\n<p>Alunos com idade entre 15 e 18 anos, que desejam estudar no per\u00edodo regular noturno, as matriculas para o ensino fundamental (1\u00ba ao 9\u00ba ano), tamb\u00e9m acontecem at\u00e9 o dia 27 de janeiro. Mais informa\u00e7\u00f5es, na escola municipal Deputado Jonival Lucas, das 8h \u00e0s 12h.<\/p>\n<p><strong>Programa de Educa\u00e7\u00e3o de Jovens e Adultos (EJA)<\/strong><\/p>\n<p>Outra informa\u00e7\u00e3o importante \u00e9 para os jovens e adultos que n\u00e3o tiveram a oportunidade de iniciar ou concluir os ensinos Fundamental ou M\u00e9dio na idade adequada. O Programa de Educa\u00e7\u00e3o de Jovens e Adultos (EJA), est\u00e1 com matriculas abertas at\u00e9 27 de janeiro. Mais informa\u00e7\u00f5es na escola municipal S\u00e3o Jos\u00e9, no bairro Vila Peixe, das 8h \u00e0s 12h. As vagas s\u00e3o limitadas.<\/p>\n<p>O EJA permite terminar o ensino fundamental I e avan\u00e7ar para o n\u00edvel seguinte em apenas dois anos. O fundamental II tamb\u00e9m pode ser conclu\u00eddo no mesmo per\u00edodo.\u00a0Detalhes e d\u00favidas sobre as matriculas podem ser esclarecidas pelo telefone: 3529-1054.<\/p>\n<p><em>*Ascom Prefeitura de Andorinha<\/em><\/p>\n","protected":false},"excerpt":{"rendered":"<p>A prefeitura de Andorinha, por meio da Secretaria de Educa\u00e7\u00e3o, est\u00e1 informando que as matriculas da Rede Municipal de Ensino foram prorrogadas at\u00e9 o dia 27 de janeiro. As aulas est\u00e3o marcadas para come\u00e7ar dia 6 de fevereiro. As matriculas est\u00e3o sendo realizadas nas escolas municipais, exceto nas seguintes localidades: Tanquinho do Po\u00e7o, Cara\u00edba, Tanque [&hellip;]<\/p>\n","protected":false},"author":2,"featured_media":14813,"comment_status":"open","ping_status":"open","sticky":false,"template":"","format":"standard","meta":{"_acf_changed":false,"_monsterinsights_skip_tracking":false,"_monsterinsights_sitenote_active":false,"_monsterinsights_sitenote_note":"","_monsterinsights_sitenote_category":0,"_jetpack_memberships_contains_paid_content":false,"footnotes":"","jetpack_publicize_message":"","jetpack_publicize_feature_enabled":true,"jetpack_social_post_already_shared":true,"jetpack_social_options":{"image_generator_settings":{"template":"highway","default_image_id":0,"font":"","enabled":false},"version":2}},"categories":[14,1,11],"tags":[],"class_list":["post-14812","post","type-post","status-publish","format-standard","has-post-thumbnail","hentry","category-educacao","category-noticias","category-regional"],"acf":[],"jetpack_publicize_connections":[],"jetpack_featured_media_url":"https:\/\/i0.wp.com\/blogdoeloiltoncajuhy.com.br\/site\/wp-content\/uploads\/2017\/01\/AULAS-e1484741199199.jpg?fit=500%2C340&ssl=1","jetpack_sharing_enabled":true,"publishpress_future_workflow_manual_trigger":{"enabledWorkflows":[]},"_links":{"self":[{"href":"https:\/\/blogdoeloiltoncajuhy.com.br\/site\/wp-json\/wp\/v2\/posts\/14812","targetHints":{"allow":["GET"]}}],"collection":[{"href":"https:\/\/blogdoeloiltoncajuhy.com.br\/site\/wp-json\/wp\/v2\/posts"}],"about":[{"href":"https:\/\/blogdoeloiltoncajuhy.com.br\/site\/wp-json\/wp\/v2\/types\/post"}],"author":[{"embeddable":true,"href":"https:\/\/blogdoeloiltoncajuhy.com.br\/site\/wp-json\/wp\/v2\/users\/2"}],"replies":[{"embeddable":true,"href":"https:\/\/blogdoeloiltoncajuhy.com.br\/site\/wp-json\/wp\/v2\/comments?post=14812"}],"version-history":[{"count":1,"href":"https:\/\/blogdoeloiltoncajuhy.com.br\/site\/wp-json\/wp\/v2\/posts\/14812\/revisions"}],"predecessor-version":[{"id":14814,"href":"https:\/\/blogdoeloiltoncajuhy.com.br\/site\/wp-json\/wp\/v2\/posts\/14812\/revisions\/14814"}],"wp:featuredmedia":[{"embeddable":true,"href":"https:\/\/blogdoeloiltoncajuhy.com.br\/site\/wp-json\/wp\/v2\/media\/14813"}],"wp:attachment":[{"href":"https:\/\/blogdoeloiltoncajuhy.com.br\/site\/wp-json\/wp\/v2\/media?parent=14812"}],"wp:term":[{"taxonomy":"category","embeddable":true,"href":"https:\/\/blogdoeloiltoncajuhy.com.br\/site\/wp-json\/wp\/v2\/categories?post=14812"},{"taxonomy":"post_tag","embeddable":true,"href":"https:\/\/blogdoeloiltoncajuhy.com.br\/site\/wp-json\/wp\/v2\/tags?post=14812"}],"curies":[{"name":"wp","href":"https:\/\/api.w.org\/{rel}","templated":true}]}}