{"id":14806,"date":"2017-01-18T08:56:05","date_gmt":"2017-01-18T11:56:05","guid":{"rendered":"http:\/\/blogdoeloiltoncajuhy.com.br\/site\/?p=14806"},"modified":"2017-01-18T08:56:05","modified_gmt":"2017-01-18T11:56:05","slug":"prefeitura-de-caldeirao-grande-realiza-limpeza-de-aguadas-recuperacao-de-estradas-e-retirada-de-entulhos-na-sede-e-zona-rural","status":"publish","type":"post","link":"https:\/\/blogdoeloiltoncajuhy.com.br\/site\/prefeitura-de-caldeirao-grande-realiza-limpeza-de-aguadas-recuperacao-de-estradas-e-retirada-de-entulhos-na-sede-e-zona-rural\/","title":{"rendered":"Prefeitura de Caldeir\u00e3o Grande realiza limpeza de aguadas, recupera\u00e7\u00e3o de estradas e retirada de entulhos na Sede e Zona Rural"},"content":{"rendered":"<p><a href=\"https:\/\/i0.wp.com\/blogdoeloiltoncajuhy.com.br\/site\/wp-content\/uploads\/2017\/01\/CG_limpeza1-e1484740513722.jpg\"><img data-recalc-dims=\"1\" fetchpriority=\"high\" decoding=\"async\" class=\"wp-image-14807 size-medium alignleft\" src=\"https:\/\/i0.wp.com\/blogdoeloiltoncajuhy.com.br\/site\/wp-content\/uploads\/2017\/01\/CG_limpeza1.jpg?resize=168%2C300\" width=\"168\" height=\"300\" \/><\/a>A Prefeitura Municipal de Caldeir\u00e3o Grande, atrav\u00e9s da Secretaria Municipal de Obras e Servi\u00e7os P\u00fablicos, realizou nesses primeiros dias da nova gest\u00e3o, a\u00e7\u00f5es integradas de melhoramento na infraestrutura municipal e a\u00e7\u00f5es para amenizar os efeitos da estiagem prolongada.<\/p>\n<p>No povoado de Baraunas, foram realizadas limpezas e amplia\u00e7\u00e3o das aguadas, como tamb\u00e9m, a recupera\u00e7\u00e3o da estrada que liga o povoado a Sede, contribuindo significativamente na melhoria da qualidade de vida das fam\u00edlias da Zona Rural.<\/p>\n<p>O secret\u00e1rio Kleriston Cristiano tem acompanhado de perto os servi\u00e7os\u00a0e garante que os moradores de Caldeir\u00e3o Grande\u00a0est\u00e3o satisfeito com o trabalho que vem realizando. \u201cN\u00e3o \u00e9 s\u00f3 limpeza, \u00e9 amplia\u00e7\u00e3o tamb\u00e9m, estamos aumentando a capacidade das aguadas para receber \u00e1gua, e ainda melhorando as estradas da regi\u00e3o, por isso a popula\u00e7\u00e3o que t\u00e1 acompanhando fica satisfeita e feliz\u201d, garantiu o secret\u00e1rio.<\/p>\n<p>Na sede o trabalho da secretaria mereceu destaque na quest\u00e3o de limpeza, onde foram retirados entulhos que j\u00e1 estavam h\u00e1 dias nas ruas da cidade.<\/p>\n<p>O planejamento da infraestrutura, com atua\u00e7\u00e3o na sede e zona rural, fruto de a\u00e7\u00e3o local coordenada e sempre acompanhada de perto pelo Prefeito Candinho Guirra, j\u00e1 apresenta \u00f3timos resultados para o munic\u00edpio.<\/p>\n<p><em><a href=\"https:\/\/i0.wp.com\/blogdoeloiltoncajuhy.com.br\/site\/wp-content\/uploads\/2017\/01\/CG_limpeza2-e1484740556872.jpg\"><img data-recalc-dims=\"1\" decoding=\"async\" class=\"aligncenter size-full wp-image-14808\" src=\"https:\/\/i0.wp.com\/blogdoeloiltoncajuhy.com.br\/site\/wp-content\/uploads\/2017\/01\/CG_limpeza2-e1484740556872.jpg?resize=600%2C337\" alt=\"\" width=\"600\" height=\"337\" \/><\/a>*Assessoria de Comunica\u00e7\u00e3o\u00a0Prefeitura Municipal de Caldeir\u00e3o Grande<\/em><\/p>\n","protected":false},"excerpt":{"rendered":"<p>A Prefeitura Municipal de Caldeir\u00e3o Grande, atrav\u00e9s da Secretaria Municipal de Obras e Servi\u00e7os P\u00fablicos, realizou nesses primeiros dias da nova gest\u00e3o, a\u00e7\u00f5es integradas de melhoramento na infraestrutura municipal e a\u00e7\u00f5es para amenizar os efeitos da estiagem prolongada. No povoado de Baraunas, foram realizadas limpezas e amplia\u00e7\u00e3o das aguadas, como tamb\u00e9m, a recupera\u00e7\u00e3o da estrada [&hellip;]<\/p>\n","protected":false},"author":2,"featured_media":14808,"comment_status":"open","ping_status":"open","sticky":false,"template":"","format":"standard","meta":{"_acf_changed":false,"_monsterinsights_skip_tracking":false,"_monsterinsights_sitenote_active":false,"_monsterinsights_sitenote_note":"","_monsterinsights_sitenote_category":0,"_jetpack_memberships_contains_paid_content":false,"footnotes":"","jetpack_publicize_message":"","jetpack_publicize_feature_enabled":true,"jetpack_social_post_already_shared":true,"jetpack_social_options":{"image_generator_settings":{"template":"highway","default_image_id":0,"font":"","enabled":false},"version":2}},"categories":[1,11],"tags":[],"class_list":["post-14806","post","type-post","status-publish","format-standard","has-post-thumbnail","hentry","category-noticias","category-regional"],"acf":[],"jetpack_publicize_connections":[],"jetpack_featured_media_url":"https:\/\/i0.wp.com\/blogdoeloiltoncajuhy.com.br\/site\/wp-content\/uploads\/2017\/01\/CG_limpeza2-e1484740556872.jpg?fit=600%2C337&ssl=1","jetpack_sharing_enabled":true,"publishpress_future_workflow_manual_trigger":{"enabledWorkflows":[]},"_links":{"self":[{"href":"https:\/\/blogdoeloiltoncajuhy.com.br\/site\/wp-json\/wp\/v2\/posts\/14806","targetHints":{"allow":["GET"]}}],"collection":[{"href":"https:\/\/blogdoeloiltoncajuhy.com.br\/site\/wp-json\/wp\/v2\/posts"}],"about":[{"href":"https:\/\/blogdoeloiltoncajuhy.com.br\/site\/wp-json\/wp\/v2\/types\/post"}],"author":[{"embeddable":true,"href":"https:\/\/blogdoeloiltoncajuhy.com.br\/site\/wp-json\/wp\/v2\/users\/2"}],"replies":[{"embeddable":true,"href":"https:\/\/blogdoeloiltoncajuhy.com.br\/site\/wp-json\/wp\/v2\/comments?post=14806"}],"version-history":[{"count":1,"href":"https:\/\/blogdoeloiltoncajuhy.com.br\/site\/wp-json\/wp\/v2\/posts\/14806\/revisions"}],"predecessor-version":[{"id":14809,"href":"https:\/\/blogdoeloiltoncajuhy.com.br\/site\/wp-json\/wp\/v2\/posts\/14806\/revisions\/14809"}],"wp:featuredmedia":[{"embeddable":true,"href":"https:\/\/blogdoeloiltoncajuhy.com.br\/site\/wp-json\/wp\/v2\/media\/14808"}],"wp:attachment":[{"href":"https:\/\/blogdoeloiltoncajuhy.com.br\/site\/wp-json\/wp\/v2\/media?parent=14806"}],"wp:term":[{"taxonomy":"category","embeddable":true,"href":"https:\/\/blogdoeloiltoncajuhy.com.br\/site\/wp-json\/wp\/v2\/categories?post=14806"},{"taxonomy":"post_tag","embeddable":true,"href":"https:\/\/blogdoeloiltoncajuhy.com.br\/site\/wp-json\/wp\/v2\/tags?post=14806"}],"curies":[{"name":"wp","href":"https:\/\/api.w.org\/{rel}","templated":true}]}}