{"id":14804,"date":"2017-01-17T22:04:48","date_gmt":"2017-01-18T01:04:48","guid":{"rendered":"http:\/\/blogdoeloiltoncajuhy.com.br\/site\/?p=14804"},"modified":"2017-01-17T22:04:48","modified_gmt":"2017-01-18T01:04:48","slug":"comece-a-quarta-feira-meditando-jesus-cura-em-dia-de-sabado-mc-31-6","status":"publish","type":"post","link":"https:\/\/blogdoeloiltoncajuhy.com.br\/site\/comece-a-quarta-feira-meditando-jesus-cura-em-dia-de-sabado-mc-31-6\/","title":{"rendered":"COMECE A QUARTA-FEIRA MEDITANDO: &#8220;Jesus cura em dia de s\u00e1bado&#8221; &#8211; Mc 3,1-6"},"content":{"rendered":"<p><a href=\"https:\/\/i0.wp.com\/blogdoeloiltoncajuhy.com.br\/site\/wp-content\/uploads\/2015\/10\/liturgia_diaria.jpg\"><img data-recalc-dims=\"1\" fetchpriority=\"high\" decoding=\"async\" class=\"wp-image-4757 size-medium alignleft\" src=\"https:\/\/i0.wp.com\/blogdoeloiltoncajuhy.com.br\/site\/wp-content\/uploads\/2015\/10\/liturgia_diaria.jpg?resize=300%2C227\" width=\"300\" height=\"227\" srcset=\"https:\/\/i0.wp.com\/blogdoeloiltoncajuhy.com.br\/site\/wp-content\/uploads\/2015\/10\/liturgia_diaria.jpg?resize=300%2C227&amp;ssl=1 300w, https:\/\/i0.wp.com\/blogdoeloiltoncajuhy.com.br\/site\/wp-content\/uploads\/2015\/10\/liturgia_diaria.jpg?resize=250%2C189&amp;ssl=1 250w, https:\/\/i0.wp.com\/blogdoeloiltoncajuhy.com.br\/site\/wp-content\/uploads\/2015\/10\/liturgia_diaria.jpg?w=449&amp;ssl=1 449w\" sizes=\"(max-width: 300px) 100vw, 300px\" \/><\/a>Naquele tempo, Jesus entrou de novo na sinagoga. Havia ali um homem com a m\u00e3o seca. Alguns o observavam para ver se haveria de curar em dia de s\u00e1bado, para poderem acus\u00e1-lo. Jesus disse ao homem da m\u00e3o seca: \u201cLevanta-te e fica aqui no meio!\u201d E perguntou-lhes: \u201cE permitido no s\u00e1bado fazer o bem ou fazer o mal? Salvar uma vida ou deix\u00e1-la morrer?\u201d Mas eles nada disseram.<\/p>\n<p>Jesus, ent\u00e3o, olhou ao seu redor, cheio de ira e tristeza, porque eram duros de cora\u00e7\u00e3o; e disse ao homem: \u201cEstende a m\u00e3o\u201d. Ele a estendeu e a m\u00e3o ficou curada.<\/p>\n<p>Ao sa\u00edrem, os fariseus com os partid\u00e1rios de Herodes, imediatamente tramaram, contra Jesus, a maneira como haveriam de mat\u00e1-lo.<\/p>\n<p><strong><em>*Can\u00e7\u00e3o Nova<\/em><\/strong><\/p>\n","protected":false},"excerpt":{"rendered":"<p>Naquele tempo, Jesus entrou de novo na sinagoga. Havia ali um homem com a m\u00e3o seca. Alguns o observavam para ver se haveria de curar em dia de s\u00e1bado, para poderem acus\u00e1-lo. Jesus disse ao homem da m\u00e3o seca: \u201cLevanta-te e fica aqui no meio!\u201d E perguntou-lhes: \u201cE permitido no s\u00e1bado fazer o bem ou [&hellip;]<\/p>\n","protected":false},"author":2,"featured_media":0,"comment_status":"open","ping_status":"open","sticky":false,"template":"","format":"standard","meta":{"_acf_changed":false,"_monsterinsights_skip_tracking":false,"_monsterinsights_sitenote_active":false,"_monsterinsights_sitenote_note":"","_monsterinsights_sitenote_category":0,"_jetpack_memberships_contains_paid_content":false,"footnotes":"","jetpack_publicize_message":"","jetpack_publicize_feature_enabled":true,"jetpack_social_post_already_shared":true,"jetpack_social_options":{"image_generator_settings":{"template":"highway","default_image_id":0,"font":"","enabled":false},"version":2}},"categories":[1,9],"tags":[],"class_list":["post-14804","post","type-post","status-publish","format-standard","hentry","category-noticias","category-reflexao"],"acf":[],"jetpack_publicize_connections":[],"jetpack_featured_media_url":"","jetpack_sharing_enabled":true,"publishpress_future_workflow_manual_trigger":{"enabledWorkflows":[]},"_links":{"self":[{"href":"https:\/\/blogdoeloiltoncajuhy.com.br\/site\/wp-json\/wp\/v2\/posts\/14804","targetHints":{"allow":["GET"]}}],"collection":[{"href":"https:\/\/blogdoeloiltoncajuhy.com.br\/site\/wp-json\/wp\/v2\/posts"}],"about":[{"href":"https:\/\/blogdoeloiltoncajuhy.com.br\/site\/wp-json\/wp\/v2\/types\/post"}],"author":[{"embeddable":true,"href":"https:\/\/blogdoeloiltoncajuhy.com.br\/site\/wp-json\/wp\/v2\/users\/2"}],"replies":[{"embeddable":true,"href":"https:\/\/blogdoeloiltoncajuhy.com.br\/site\/wp-json\/wp\/v2\/comments?post=14804"}],"version-history":[{"count":1,"href":"https:\/\/blogdoeloiltoncajuhy.com.br\/site\/wp-json\/wp\/v2\/posts\/14804\/revisions"}],"predecessor-version":[{"id":14805,"href":"https:\/\/blogdoeloiltoncajuhy.com.br\/site\/wp-json\/wp\/v2\/posts\/14804\/revisions\/14805"}],"wp:attachment":[{"href":"https:\/\/blogdoeloiltoncajuhy.com.br\/site\/wp-json\/wp\/v2\/media?parent=14804"}],"wp:term":[{"taxonomy":"category","embeddable":true,"href":"https:\/\/blogdoeloiltoncajuhy.com.br\/site\/wp-json\/wp\/v2\/categories?post=14804"},{"taxonomy":"post_tag","embeddable":true,"href":"https:\/\/blogdoeloiltoncajuhy.com.br\/site\/wp-json\/wp\/v2\/tags?post=14804"}],"curies":[{"name":"wp","href":"https:\/\/api.w.org\/{rel}","templated":true}]}}