{"id":14799,"date":"2017-01-17T12:34:49","date_gmt":"2017-01-17T15:34:49","guid":{"rendered":"http:\/\/blogdoeloiltoncajuhy.com.br\/site\/?p=14799"},"modified":"2017-01-17T12:37:07","modified_gmt":"2017-01-17T15:37:07","slug":"bonfim-jovens-presos-podem-nao-ser-autores-de-assalto","status":"publish","type":"post","link":"https:\/\/blogdoeloiltoncajuhy.com.br\/site\/bonfim-jovens-presos-podem-nao-ser-autores-de-assalto\/","title":{"rendered":"BONFIM: Jovens presos podem n\u00e3o ser autores de assalto"},"content":{"rendered":"<p><a href=\"https:\/\/i0.wp.com\/blogdoeloiltoncajuhy.com.br\/site\/wp-content\/uploads\/2015\/12\/pol%C3%ADcia.jpg\"><img data-recalc-dims=\"1\" fetchpriority=\"high\" decoding=\"async\" class=\"alignleft wp-image-6606 size-medium\" src=\"https:\/\/i0.wp.com\/blogdoeloiltoncajuhy.com.br\/site\/wp-content\/uploads\/2015\/12\/pol%C3%ADcia.jpg?resize=300%2C210\" width=\"300\" height=\"210\" srcset=\"https:\/\/i0.wp.com\/blogdoeloiltoncajuhy.com.br\/site\/wp-content\/uploads\/2015\/12\/pol%C3%ADcia.jpg?resize=300%2C210&amp;ssl=1 300w, https:\/\/i0.wp.com\/blogdoeloiltoncajuhy.com.br\/site\/wp-content\/uploads\/2015\/12\/pol%C3%ADcia.jpg?resize=250%2C175&amp;ssl=1 250w, https:\/\/i0.wp.com\/blogdoeloiltoncajuhy.com.br\/site\/wp-content\/uploads\/2015\/12\/pol%C3%ADcia.jpg?w=385&amp;ssl=1 385w\" sizes=\"(max-width: 300px) 100vw, 300px\" \/><\/a>Familiares e amigos dos jovens que est\u00e3o presos no Complexo Policial de Senhor do Bonfim, acusados do assalto que ocorreu no final da tarde do \u00faltimo s\u00e1bado (14), na Avenida Salvador, contestam a informa\u00e7\u00e3o de que eles s\u00e3o os autores do crime. Segundo eles, os rapazes est\u00e3o sendo confundidos com os verdadeiros assaltantes.<\/p>\n<p><strong>Carlos Alexandre da Silva Santos<\/strong>, de 22 anos, e <strong>Josivan Souza da Silva<\/strong>, tamb\u00e9m de 22, foram ao Hospital Dom Antonio Monteiro, na noite de s\u00e1bado, em busca de atendimento m\u00e9dico, ap\u00f3s sofrerem acidente na BA-131, trecho pr\u00f3ximo \u00e0 Ebal. A moto em que os dois ocupavam bateu contra um cavalo que estava na pista. Chegando naquela casa de sa\u00fade, eles teriam sido reconhecidos por <strong>Robson dos Santos Ara\u00fajo<\/strong>, a v\u00edtima do assalto. A pol\u00edcia foi avisada e os dois ouviram voz de pris\u00e3o, ap\u00f3s serem atendidos com escoria\u00e7\u00f5es pelo corpo, e foram conduzidos para o Complexo Policial. Robson, que foi atingido com um tiro na perna, chegou a entrar em luta corporal com um dos assaltantes.<\/p>\n<p>Ainda de acordo com familiares dos rapazes, os dois, que moram no Alto da Maravilha, aqui em Senhor do Bonfim, trabalham em um estabelecimento comercial no Bairro do Mercado e n\u00e3o t\u00eam passagens pela pol\u00edcia. A semelhan\u00e7a f\u00edsica com os verdadeiros autores do crime, bem como, da moto utilizado no assalto e da moto pilotada por Carlos Alexandre, estaria confundindo a v\u00edtima e a pol\u00edcia. Al\u00e9m disso, o trajeto de fuga tamb\u00e9m estaria contribuindo para incriminar Carlos e Josivan. Mas, o fato de que o assalto aconteceu por volta das 17h30 e o acidente com os jovens por volta das 19h, ajudaria na defesa dos dois.<\/p>\n<p>Em contato com um Agente da Pol\u00edcia Civil, a reportagem do <strong>BLOG DO ELOILTON CAJUHY<\/strong> foi informada que nesta quarta-feira (18), o caso poder\u00e1 ser esclarecido com ajuda de imagens de c\u00e2meras de seguran\u00e7a instaladas nas proximidades do local onde ocorreu o assalto.<\/p>\n<p>O propriet\u00e1rio de um im\u00f3vel que fica pr\u00f3ximo do local onde o crime aconteceu, se comprometeu em ceder as imagens \u00e0 pol\u00edcia, por\u00e9m, aguarda o t\u00e9cnico que fez a instala\u00e7\u00e3o das c\u00e2meras para que este realize o processo de retirada dessas imagens.<\/p>\n<p>Enquanto isso, Carlos Alexandre da Silva Santos e Josivan Souza da Silva, permanecem detidos no Complexo Policial de Senhor do Bonfim. Segundo informa\u00e7\u00f5es, eles j\u00e1 foram autuados em flagrante pela autoridade policial.<\/p>\n<p><em>*BLOG DO ELOILTON CAJUHY<\/em><\/p>\n<p>&nbsp;<\/p>\n","protected":false},"excerpt":{"rendered":"<p>Familiares e amigos dos jovens que est\u00e3o presos no Complexo Policial de Senhor do Bonfim, acusados do assalto que ocorreu no final da tarde do \u00faltimo s\u00e1bado (14), na Avenida Salvador, contestam a informa\u00e7\u00e3o de que eles s\u00e3o os autores do crime. Segundo eles, os rapazes est\u00e3o sendo confundidos com os verdadeiros assaltantes. Carlos Alexandre [&hellip;]<\/p>\n","protected":false},"author":2,"featured_media":0,"comment_status":"open","ping_status":"open","sticky":false,"template":"","format":"standard","meta":{"_acf_changed":false,"_monsterinsights_skip_tracking":false,"_monsterinsights_sitenote_active":false,"_monsterinsights_sitenote_note":"","_monsterinsights_sitenote_category":0,"_jetpack_memberships_contains_paid_content":false,"footnotes":"","jetpack_publicize_message":"","jetpack_publicize_feature_enabled":true,"jetpack_social_post_already_shared":true,"jetpack_social_options":{"image_generator_settings":{"template":"highway","default_image_id":0,"font":"","enabled":false},"version":2}},"categories":[5,1,4],"tags":[],"class_list":["post-14799","post","type-post","status-publish","format-standard","hentry","category-cotidiano","category-noticias","category-local"],"acf":[],"jetpack_publicize_connections":[],"jetpack_featured_media_url":"","jetpack_sharing_enabled":true,"publishpress_future_workflow_manual_trigger":{"enabledWorkflows":[]},"_links":{"self":[{"href":"https:\/\/blogdoeloiltoncajuhy.com.br\/site\/wp-json\/wp\/v2\/posts\/14799","targetHints":{"allow":["GET"]}}],"collection":[{"href":"https:\/\/blogdoeloiltoncajuhy.com.br\/site\/wp-json\/wp\/v2\/posts"}],"about":[{"href":"https:\/\/blogdoeloiltoncajuhy.com.br\/site\/wp-json\/wp\/v2\/types\/post"}],"author":[{"embeddable":true,"href":"https:\/\/blogdoeloiltoncajuhy.com.br\/site\/wp-json\/wp\/v2\/users\/2"}],"replies":[{"embeddable":true,"href":"https:\/\/blogdoeloiltoncajuhy.com.br\/site\/wp-json\/wp\/v2\/comments?post=14799"}],"version-history":[{"count":2,"href":"https:\/\/blogdoeloiltoncajuhy.com.br\/site\/wp-json\/wp\/v2\/posts\/14799\/revisions"}],"predecessor-version":[{"id":14801,"href":"https:\/\/blogdoeloiltoncajuhy.com.br\/site\/wp-json\/wp\/v2\/posts\/14799\/revisions\/14801"}],"wp:attachment":[{"href":"https:\/\/blogdoeloiltoncajuhy.com.br\/site\/wp-json\/wp\/v2\/media?parent=14799"}],"wp:term":[{"taxonomy":"category","embeddable":true,"href":"https:\/\/blogdoeloiltoncajuhy.com.br\/site\/wp-json\/wp\/v2\/categories?post=14799"},{"taxonomy":"post_tag","embeddable":true,"href":"https:\/\/blogdoeloiltoncajuhy.com.br\/site\/wp-json\/wp\/v2\/tags?post=14799"}],"curies":[{"name":"wp","href":"https:\/\/api.w.org\/{rel}","templated":true}]}}