{"id":14796,"date":"2017-01-17T11:13:06","date_gmt":"2017-01-17T14:13:06","guid":{"rendered":"http:\/\/blogdoeloiltoncajuhy.com.br\/site\/?p=14796"},"modified":"2017-01-17T11:13:06","modified_gmt":"2017-01-17T14:13:06","slug":"todos-na-escola-matriculas-abertas-na-rede-municipal-de-ensino-de-ponto-novo","status":"publish","type":"post","link":"https:\/\/blogdoeloiltoncajuhy.com.br\/site\/todos-na-escola-matriculas-abertas-na-rede-municipal-de-ensino-de-ponto-novo\/","title":{"rendered":"Todos na Escola: Matr\u00edculas abertas na rede municipal de ensino de Ponto Novo"},"content":{"rendered":"<p><a href=\"https:\/\/i0.wp.com\/blogdoeloiltoncajuhy.com.br\/site\/wp-content\/uploads\/2017\/01\/PN_Todos-na-escola.jpg\"><img data-recalc-dims=\"1\" fetchpriority=\"high\" decoding=\"async\" class=\"wp-image-14797 size-medium alignright\" src=\"https:\/\/i0.wp.com\/blogdoeloiltoncajuhy.com.br\/site\/wp-content\/uploads\/2017\/01\/PN_Todos-na-escola-300x210.jpg?resize=300%2C210\" width=\"300\" height=\"210\" srcset=\"https:\/\/i0.wp.com\/blogdoeloiltoncajuhy.com.br\/site\/wp-content\/uploads\/2017\/01\/PN_Todos-na-escola.jpg?resize=300%2C210&amp;ssl=1 300w, https:\/\/i0.wp.com\/blogdoeloiltoncajuhy.com.br\/site\/wp-content\/uploads\/2017\/01\/PN_Todos-na-escola.jpg?resize=250%2C175&amp;ssl=1 250w, https:\/\/i0.wp.com\/blogdoeloiltoncajuhy.com.br\/site\/wp-content\/uploads\/2017\/01\/PN_Todos-na-escola.jpg?w=612&amp;ssl=1 612w\" sizes=\"(max-width: 300px) 100vw, 300px\" \/><\/a>A Prefeitura Municipal de Ponto Novo, atrav\u00e9s da Secretaria Municipal de Educa\u00e7\u00e3o e Desporto, est\u00e1 realizando a campanha \u201cTodos na Escola\u201d, que tem como slogan \u201cCada crian\u00e7a, adolescente e adulto tem o direito de aprender\u201d.<\/p>\n<p>O objetivo da campanha \u00e9 incentivar todos a se matricularem na rede municipal de ensino, que j\u00e1 est\u00e3o sendo realizadas e se entender\u00e3o at\u00e9 o dia 27 de janeiro.<\/p>\n<p>Professores e educadores estar\u00e3o promovendo o multir\u00e3o de matr\u00edcula nos bairros e povoados do mun\u00edcipio, distribuindo panfletos, incentivando e tirando todas as d\u00favidas.<\/p>\n<p>De acordo com a secret\u00e1ria Ang\u00e9lica Garcia, as equipes respons\u00e1veis pela campanha buscam sensibilizar a todos a procurarem uma escola e terem o direito do estudo. \u201cEstamos iniciando essa campanha de matr\u00edculas, para despertar os pais, respons\u00e1veis e alunos, a procurar uma escola, onde todos possam estudar\u201d, explicou.<\/p>\n<p><strong>Conforme cronograma, a campanha ser\u00e1 realizada nos seguintes dias e respectivos locais:<\/strong><\/p>\n<p>. Dia 18\/01 (quarta-feira): Bairro do Contorno;<br \/>\n. Dia 19\/01 (quinta-feira): Bairro Nova Esperan\u00e7a;<br \/>\n. Dia 20\/01 (sexta-feira): Bairro Oscar Macedo;<br \/>\n. Dia 23\/01 (segunda-feira): Bairro das Pedreiras;<br \/>\n. Dia 24\/01 (ter\u00e7a-feira): Bairro das Populares;<br \/>\n. Dia 25\/01 (quarta-feira): Distrito de Barracas;<br \/>\n. Dia 26\/01 (quinta-feira): Distrito de Nova Represa.<\/p>\n<p><em>*Assessoria de Comunica\u00e7\u00e3o Prefeitura Municipal de Ponto Novo<\/em><\/p>\n","protected":false},"excerpt":{"rendered":"<p>A Prefeitura Municipal de Ponto Novo, atrav\u00e9s da Secretaria Municipal de Educa\u00e7\u00e3o e Desporto, est\u00e1 realizando a campanha \u201cTodos na Escola\u201d, que tem como slogan \u201cCada crian\u00e7a, adolescente e adulto tem o direito de aprender\u201d. O objetivo da campanha \u00e9 incentivar todos a se matricularem na rede municipal de ensino, que j\u00e1 est\u00e3o sendo realizadas [&hellip;]<\/p>\n","protected":false},"author":2,"featured_media":14797,"comment_status":"open","ping_status":"open","sticky":false,"template":"","format":"standard","meta":{"_acf_changed":false,"_monsterinsights_skip_tracking":false,"_monsterinsights_sitenote_active":false,"_monsterinsights_sitenote_note":"","_monsterinsights_sitenote_category":0,"_jetpack_memberships_contains_paid_content":false,"footnotes":"","jetpack_publicize_message":"","jetpack_publicize_feature_enabled":true,"jetpack_social_post_already_shared":true,"jetpack_social_options":{"image_generator_settings":{"template":"highway","default_image_id":0,"font":"","enabled":false},"version":2}},"categories":[14,1,11],"tags":[],"class_list":["post-14796","post","type-post","status-publish","format-standard","has-post-thumbnail","hentry","category-educacao","category-noticias","category-regional"],"acf":[],"jetpack_publicize_connections":[],"jetpack_featured_media_url":"https:\/\/i0.wp.com\/blogdoeloiltoncajuhy.com.br\/site\/wp-content\/uploads\/2017\/01\/PN_Todos-na-escola.jpg?fit=612%2C429&ssl=1","jetpack_sharing_enabled":true,"publishpress_future_workflow_manual_trigger":{"enabledWorkflows":[]},"_links":{"self":[{"href":"https:\/\/blogdoeloiltoncajuhy.com.br\/site\/wp-json\/wp\/v2\/posts\/14796","targetHints":{"allow":["GET"]}}],"collection":[{"href":"https:\/\/blogdoeloiltoncajuhy.com.br\/site\/wp-json\/wp\/v2\/posts"}],"about":[{"href":"https:\/\/blogdoeloiltoncajuhy.com.br\/site\/wp-json\/wp\/v2\/types\/post"}],"author":[{"embeddable":true,"href":"https:\/\/blogdoeloiltoncajuhy.com.br\/site\/wp-json\/wp\/v2\/users\/2"}],"replies":[{"embeddable":true,"href":"https:\/\/blogdoeloiltoncajuhy.com.br\/site\/wp-json\/wp\/v2\/comments?post=14796"}],"version-history":[{"count":1,"href":"https:\/\/blogdoeloiltoncajuhy.com.br\/site\/wp-json\/wp\/v2\/posts\/14796\/revisions"}],"predecessor-version":[{"id":14798,"href":"https:\/\/blogdoeloiltoncajuhy.com.br\/site\/wp-json\/wp\/v2\/posts\/14796\/revisions\/14798"}],"wp:featuredmedia":[{"embeddable":true,"href":"https:\/\/blogdoeloiltoncajuhy.com.br\/site\/wp-json\/wp\/v2\/media\/14797"}],"wp:attachment":[{"href":"https:\/\/blogdoeloiltoncajuhy.com.br\/site\/wp-json\/wp\/v2\/media?parent=14796"}],"wp:term":[{"taxonomy":"category","embeddable":true,"href":"https:\/\/blogdoeloiltoncajuhy.com.br\/site\/wp-json\/wp\/v2\/categories?post=14796"},{"taxonomy":"post_tag","embeddable":true,"href":"https:\/\/blogdoeloiltoncajuhy.com.br\/site\/wp-json\/wp\/v2\/tags?post=14796"}],"curies":[{"name":"wp","href":"https:\/\/api.w.org\/{rel}","templated":true}]}}