{"id":14790,"date":"2017-01-16T19:56:47","date_gmt":"2017-01-16T22:56:47","guid":{"rendered":"http:\/\/blogdoeloiltoncajuhy.com.br\/site\/?p=14790"},"modified":"2017-01-16T19:56:47","modified_gmt":"2017-01-16T22:56:47","slug":"terca-feira-e-dia-de-festejarmos-nosso-padroeiro-senhor-do-bonfim","status":"publish","type":"post","link":"https:\/\/blogdoeloiltoncajuhy.com.br\/site\/terca-feira-e-dia-de-festejarmos-nosso-padroeiro-senhor-do-bonfim\/","title":{"rendered":"Ter\u00e7a-feira \u00e9 dia de festejarmos nosso Padroeiro Senhor do Bonfim"},"content":{"rendered":"<p><a href=\"https:\/\/i0.wp.com\/blogdoeloiltoncajuhy.com.br\/site\/wp-content\/uploads\/2017\/01\/Festa-SB_capa-2017.jpg\"><img data-recalc-dims=\"1\" fetchpriority=\"high\" decoding=\"async\" class=\"aligncenter wp-image-14770 size-medium\" src=\"https:\/\/i0.wp.com\/blogdoeloiltoncajuhy.com.br\/site\/wp-content\/uploads\/2017\/01\/Festa-SB_capa-2017.jpg?resize=214%2C300\" width=\"214\" height=\"300\" srcset=\"https:\/\/i0.wp.com\/blogdoeloiltoncajuhy.com.br\/site\/wp-content\/uploads\/2017\/01\/Festa-SB_capa-2017.jpg?resize=214%2C300&amp;ssl=1 214w, https:\/\/i0.wp.com\/blogdoeloiltoncajuhy.com.br\/site\/wp-content\/uploads\/2017\/01\/Festa-SB_capa-2017.jpg?resize=178%2C250&amp;ssl=1 178w, https:\/\/i0.wp.com\/blogdoeloiltoncajuhy.com.br\/site\/wp-content\/uploads\/2017\/01\/Festa-SB_capa-2017.jpg?w=428&amp;ssl=1 428w\" sizes=\"(max-width: 214px) 100vw, 214px\" \/><\/a>Nesta ter\u00e7a-feira (17), a cidade de Senhor do Bonfim comemora a festa do seu padroeiro. \u00c9 feriado em todo o munic\u00edpio.<\/p>\n<p><strong>Confira na imagem abaixo a programa\u00e7\u00e3o completa da Solenidade do SENHOR DO BONFIM:<\/strong><\/p>\n<p><a href=\"https:\/\/i0.wp.com\/blogdoeloiltoncajuhy.com.br\/site\/wp-content\/uploads\/2017\/01\/Festa-SB_17.01.2017-e1484607368511.jpg\"><img data-recalc-dims=\"1\" decoding=\"async\" class=\"aligncenter size-full wp-image-14791\" src=\"https:\/\/i0.wp.com\/blogdoeloiltoncajuhy.com.br\/site\/wp-content\/uploads\/2017\/01\/Festa-SB_17.01.2017-e1484607368511.jpg?resize=640%2C700\" alt=\"\" width=\"640\" height=\"700\" \/><\/a><\/p>\n<p><em>*BLOG DO ELOILTON CAJUHY<\/em><\/p>\n<p>&nbsp;<\/p>\n","protected":false},"excerpt":{"rendered":"<p>Nesta ter\u00e7a-feira (17), a cidade de Senhor do Bonfim comemora a festa do seu padroeiro. \u00c9 feriado em todo o munic\u00edpio. Confira na imagem abaixo a programa\u00e7\u00e3o completa da Solenidade do SENHOR DO BONFIM: *BLOG DO ELOILTON CAJUHY &nbsp;<\/p>\n","protected":false},"author":2,"featured_media":14791,"comment_status":"open","ping_status":"open","sticky":false,"template":"","format":"standard","meta":{"_acf_changed":false,"_monsterinsights_skip_tracking":false,"_monsterinsights_sitenote_active":false,"_monsterinsights_sitenote_note":"","_monsterinsights_sitenote_category":0,"_jetpack_memberships_contains_paid_content":false,"footnotes":"","jetpack_publicize_message":"","jetpack_publicize_feature_enabled":true,"jetpack_social_post_already_shared":true,"jetpack_social_options":{"image_generator_settings":{"template":"highway","default_image_id":0,"font":"","enabled":false},"version":2}},"categories":[1,4],"tags":[],"class_list":["post-14790","post","type-post","status-publish","format-standard","has-post-thumbnail","hentry","category-noticias","category-local"],"acf":[],"jetpack_publicize_connections":[],"jetpack_featured_media_url":"https:\/\/i0.wp.com\/blogdoeloiltoncajuhy.com.br\/site\/wp-content\/uploads\/2017\/01\/Festa-SB_17.01.2017-e1484607368511.jpg?fit=640%2C700&ssl=1","jetpack_sharing_enabled":true,"publishpress_future_workflow_manual_trigger":{"enabledWorkflows":[]},"_links":{"self":[{"href":"https:\/\/blogdoeloiltoncajuhy.com.br\/site\/wp-json\/wp\/v2\/posts\/14790","targetHints":{"allow":["GET"]}}],"collection":[{"href":"https:\/\/blogdoeloiltoncajuhy.com.br\/site\/wp-json\/wp\/v2\/posts"}],"about":[{"href":"https:\/\/blogdoeloiltoncajuhy.com.br\/site\/wp-json\/wp\/v2\/types\/post"}],"author":[{"embeddable":true,"href":"https:\/\/blogdoeloiltoncajuhy.com.br\/site\/wp-json\/wp\/v2\/users\/2"}],"replies":[{"embeddable":true,"href":"https:\/\/blogdoeloiltoncajuhy.com.br\/site\/wp-json\/wp\/v2\/comments?post=14790"}],"version-history":[{"count":1,"href":"https:\/\/blogdoeloiltoncajuhy.com.br\/site\/wp-json\/wp\/v2\/posts\/14790\/revisions"}],"predecessor-version":[{"id":14792,"href":"https:\/\/blogdoeloiltoncajuhy.com.br\/site\/wp-json\/wp\/v2\/posts\/14790\/revisions\/14792"}],"wp:featuredmedia":[{"embeddable":true,"href":"https:\/\/blogdoeloiltoncajuhy.com.br\/site\/wp-json\/wp\/v2\/media\/14791"}],"wp:attachment":[{"href":"https:\/\/blogdoeloiltoncajuhy.com.br\/site\/wp-json\/wp\/v2\/media?parent=14790"}],"wp:term":[{"taxonomy":"category","embeddable":true,"href":"https:\/\/blogdoeloiltoncajuhy.com.br\/site\/wp-json\/wp\/v2\/categories?post=14790"},{"taxonomy":"post_tag","embeddable":true,"href":"https:\/\/blogdoeloiltoncajuhy.com.br\/site\/wp-json\/wp\/v2\/tags?post=14790"}],"curies":[{"name":"wp","href":"https:\/\/api.w.org\/{rel}","templated":true}]}}