{"id":14769,"date":"2017-01-15T19:52:07","date_gmt":"2017-01-15T22:52:07","guid":{"rendered":"http:\/\/blogdoeloiltoncajuhy.com.br\/site\/?p=14769"},"modified":"2017-01-15T19:52:07","modified_gmt":"2017-01-15T22:52:07","slug":"filarmonica-sera-atracao-da-ultima-novena-em-louvor-ao-senhor-do-bonfim","status":"publish","type":"post","link":"https:\/\/blogdoeloiltoncajuhy.com.br\/site\/filarmonica-sera-atracao-da-ultima-novena-em-louvor-ao-senhor-do-bonfim\/","title":{"rendered":"Filarm\u00f4nica ser\u00e1 atra\u00e7\u00e3o da \u00faltima novena em louvor ao Senhor do Bonfim"},"content":{"rendered":"<p><a href=\"https:\/\/i0.wp.com\/blogdoeloiltoncajuhy.com.br\/site\/wp-content\/uploads\/2017\/01\/Festa-SB_capa-2017.jpg\"><img data-recalc-dims=\"1\" fetchpriority=\"high\" decoding=\"async\" class=\"wp-image-14770 size-medium alignright\" src=\"https:\/\/i0.wp.com\/blogdoeloiltoncajuhy.com.br\/site\/wp-content\/uploads\/2017\/01\/Festa-SB_capa-2017.jpg?resize=214%2C300\" width=\"214\" height=\"300\" srcset=\"https:\/\/i0.wp.com\/blogdoeloiltoncajuhy.com.br\/site\/wp-content\/uploads\/2017\/01\/Festa-SB_capa-2017.jpg?resize=214%2C300&amp;ssl=1 214w, https:\/\/i0.wp.com\/blogdoeloiltoncajuhy.com.br\/site\/wp-content\/uploads\/2017\/01\/Festa-SB_capa-2017.jpg?resize=178%2C250&amp;ssl=1 178w, https:\/\/i0.wp.com\/blogdoeloiltoncajuhy.com.br\/site\/wp-content\/uploads\/2017\/01\/Festa-SB_capa-2017.jpg?w=428&amp;ssl=1 428w\" sizes=\"(max-width: 214px) 100vw, 214px\" \/><\/a>A Filarm\u00f4nica Uni\u00e3o dos Ferrovi\u00e1rios Bonfinenses estar\u00e1 abrilhantando a \u00faltima novena preparat\u00f3ria para a Festa do Senhor do Bonfim, padroeiro da nossa cidade. Ter\u00e7a-feira, dia do nosso padroeiro, ser\u00e1 feriado municipal em Bonfim.<\/p>\n<p><strong>Confira a programa\u00e7\u00e3o desta segunda-feira, dia 16, \u00faltima novena:<\/strong><\/p>\n<p><strong>*7h &#8211;<\/strong> Santa Missa pelos enfermos. Respons\u00e1veis: Comunidade Cat\u00f3lica Shalom.<\/p>\n<p><strong>*19h30 &#8211;<\/strong> Celebra\u00e7\u00e3o da Novena. <strong>Tema:<\/strong> Maria, Sa\u00fade dos enfermos. <strong>Pregador:<\/strong> Padre Carlos Antonio Barbosa de Ara\u00fajo J\u00fanior.\u00a0<strong>Noiteiros:<\/strong> Par\u00f3quias de S\u00e3o Crist\u00f3v\u00e3o (Capim Grosso), S\u00e3o Roque (Serrol\u00e2ndia) e \u00c1rea Pastoral de Nossa Senhora do Perp\u00e9tuo Socorro (Quixabeira); Comunidades Kolping, Caatinguinha e Mam\u00e3o; Ter\u00e7o dos Homens, Pastorais Familiar e do Batismo; Receitas Federal e Estadual; N\u00facleo Regional de Educa\u00e7\u00e3o (antiga DIREC), SAC, Fanfarra e Bonfinenses ausentes.<\/p>\n<p>Ap\u00f3s a novena, quermesse com vendas de comidas t\u00edpicas e lembran\u00e7as da festa, al\u00e9m de <strong>atra\u00e7\u00f5es culturais, conforme imagens abaixo:<\/strong><\/p>\n<p><em><a href=\"https:\/\/i0.wp.com\/blogdoeloiltoncajuhy.com.br\/site\/wp-content\/uploads\/2017\/01\/Festa-SB-atra%C3%A7%C3%A3o-cultural-1-e1484520678694.jpg\"><img data-recalc-dims=\"1\" decoding=\"async\" class=\"aligncenter size-full wp-image-14771\" src=\"https:\/\/i0.wp.com\/blogdoeloiltoncajuhy.com.br\/site\/wp-content\/uploads\/2017\/01\/Festa-SB-atra%C3%A7%C3%A3o-cultural-1-e1484520678694.jpg?resize=411%2C500\" alt=\"\" width=\"411\" height=\"500\" \/><\/a> <a href=\"https:\/\/i0.wp.com\/blogdoeloiltoncajuhy.com.br\/site\/wp-content\/uploads\/2017\/01\/Festa-SB-atra%C3%A7%C3%A3o-cultural-2-e1484520693421.jpg\"><img data-recalc-dims=\"1\" decoding=\"async\" class=\"aligncenter size-full wp-image-14772\" src=\"https:\/\/i0.wp.com\/blogdoeloiltoncajuhy.com.br\/site\/wp-content\/uploads\/2017\/01\/Festa-SB-atra%C3%A7%C3%A3o-cultural-2-e1484520693421.jpg?resize=411%2C500\" alt=\"\" width=\"411\" height=\"500\" \/><\/a>*BLOG DO ELOILTON CAJUHY<\/em><\/p>\n","protected":false},"excerpt":{"rendered":"<p>A Filarm\u00f4nica Uni\u00e3o dos Ferrovi\u00e1rios Bonfinenses estar\u00e1 abrilhantando a \u00faltima novena preparat\u00f3ria para a Festa do Senhor do Bonfim, padroeiro da nossa cidade. Ter\u00e7a-feira, dia do nosso padroeiro, ser\u00e1 feriado municipal em Bonfim. Confira a programa\u00e7\u00e3o desta segunda-feira, dia 16, \u00faltima novena: *7h &#8211; Santa Missa pelos enfermos. Respons\u00e1veis: Comunidade Cat\u00f3lica Shalom. *19h30 &#8211; Celebra\u00e7\u00e3o [&hellip;]<\/p>\n","protected":false},"author":2,"featured_media":14772,"comment_status":"open","ping_status":"open","sticky":false,"template":"","format":"standard","meta":{"_acf_changed":false,"_monsterinsights_skip_tracking":false,"_monsterinsights_sitenote_active":false,"_monsterinsights_sitenote_note":"","_monsterinsights_sitenote_category":0,"_jetpack_memberships_contains_paid_content":false,"footnotes":"","jetpack_publicize_message":"","jetpack_publicize_feature_enabled":true,"jetpack_social_post_already_shared":true,"jetpack_social_options":{"image_generator_settings":{"template":"highway","default_image_id":0,"font":"","enabled":false},"version":2}},"categories":[1,4],"tags":[],"class_list":["post-14769","post","type-post","status-publish","format-standard","has-post-thumbnail","hentry","category-noticias","category-local"],"acf":[],"jetpack_publicize_connections":[],"jetpack_featured_media_url":"https:\/\/i0.wp.com\/blogdoeloiltoncajuhy.com.br\/site\/wp-content\/uploads\/2017\/01\/Festa-SB-atra%C3%A7%C3%A3o-cultural-2-e1484520693421.jpg?fit=411%2C500&ssl=1","jetpack_sharing_enabled":true,"publishpress_future_workflow_manual_trigger":{"enabledWorkflows":[]},"_links":{"self":[{"href":"https:\/\/blogdoeloiltoncajuhy.com.br\/site\/wp-json\/wp\/v2\/posts\/14769","targetHints":{"allow":["GET"]}}],"collection":[{"href":"https:\/\/blogdoeloiltoncajuhy.com.br\/site\/wp-json\/wp\/v2\/posts"}],"about":[{"href":"https:\/\/blogdoeloiltoncajuhy.com.br\/site\/wp-json\/wp\/v2\/types\/post"}],"author":[{"embeddable":true,"href":"https:\/\/blogdoeloiltoncajuhy.com.br\/site\/wp-json\/wp\/v2\/users\/2"}],"replies":[{"embeddable":true,"href":"https:\/\/blogdoeloiltoncajuhy.com.br\/site\/wp-json\/wp\/v2\/comments?post=14769"}],"version-history":[{"count":1,"href":"https:\/\/blogdoeloiltoncajuhy.com.br\/site\/wp-json\/wp\/v2\/posts\/14769\/revisions"}],"predecessor-version":[{"id":14773,"href":"https:\/\/blogdoeloiltoncajuhy.com.br\/site\/wp-json\/wp\/v2\/posts\/14769\/revisions\/14773"}],"wp:featuredmedia":[{"embeddable":true,"href":"https:\/\/blogdoeloiltoncajuhy.com.br\/site\/wp-json\/wp\/v2\/media\/14772"}],"wp:attachment":[{"href":"https:\/\/blogdoeloiltoncajuhy.com.br\/site\/wp-json\/wp\/v2\/media?parent=14769"}],"wp:term":[{"taxonomy":"category","embeddable":true,"href":"https:\/\/blogdoeloiltoncajuhy.com.br\/site\/wp-json\/wp\/v2\/categories?post=14769"},{"taxonomy":"post_tag","embeddable":true,"href":"https:\/\/blogdoeloiltoncajuhy.com.br\/site\/wp-json\/wp\/v2\/tags?post=14769"}],"curies":[{"name":"wp","href":"https:\/\/api.w.org\/{rel}","templated":true}]}}