{"id":14762,"date":"2017-01-15T18:28:12","date_gmt":"2017-01-15T21:28:12","guid":{"rendered":"http:\/\/blogdoeloiltoncajuhy.com.br\/site\/?p=14762"},"modified":"2017-01-15T18:28:12","modified_gmt":"2017-01-15T21:28:12","slug":"saude-prefeitura-de-senhor-do-bonfim-inaugura-nova-central-de-regulacao-e-marcacao-de-exames-e-consultas-especializadas","status":"publish","type":"post","link":"https:\/\/blogdoeloiltoncajuhy.com.br\/site\/saude-prefeitura-de-senhor-do-bonfim-inaugura-nova-central-de-regulacao-e-marcacao-de-exames-e-consultas-especializadas\/","title":{"rendered":"SA\u00daDE: Prefeitura de Senhor do Bonfim inaugura nova Central de Regula\u00e7\u00e3o e Marca\u00e7\u00e3o de Exames e Consultas especializadas"},"content":{"rendered":"<p><a href=\"https:\/\/i0.wp.com\/blogdoeloiltoncajuhy.com.br\/site\/wp-content\/uploads\/2017\/01\/Inaugura%C3%A7%C3%A3o-nova-central-de-marca%C3%A7%C3%A3o-1.jpg\"><img data-recalc-dims=\"1\" fetchpriority=\"high\" decoding=\"async\" class=\"aligncenter size-full wp-image-14763\" src=\"https:\/\/i0.wp.com\/blogdoeloiltoncajuhy.com.br\/site\/wp-content\/uploads\/2017\/01\/Inaugura%C3%A7%C3%A3o-nova-central-de-marca%C3%A7%C3%A3o-1.jpg?resize=778%2C519\" alt=\"\" width=\"778\" height=\"519\" srcset=\"https:\/\/i0.wp.com\/blogdoeloiltoncajuhy.com.br\/site\/wp-content\/uploads\/2017\/01\/Inaugura%C3%A7%C3%A3o-nova-central-de-marca%C3%A7%C3%A3o-1.jpg?w=778&amp;ssl=1 778w, https:\/\/i0.wp.com\/blogdoeloiltoncajuhy.com.br\/site\/wp-content\/uploads\/2017\/01\/Inaugura%C3%A7%C3%A3o-nova-central-de-marca%C3%A7%C3%A3o-1.jpg?resize=300%2C200&amp;ssl=1 300w, https:\/\/i0.wp.com\/blogdoeloiltoncajuhy.com.br\/site\/wp-content\/uploads\/2017\/01\/Inaugura%C3%A7%C3%A3o-nova-central-de-marca%C3%A7%C3%A3o-1.jpg?resize=768%2C512&amp;ssl=1 768w, https:\/\/i0.wp.com\/blogdoeloiltoncajuhy.com.br\/site\/wp-content\/uploads\/2017\/01\/Inaugura%C3%A7%C3%A3o-nova-central-de-marca%C3%A7%C3%A3o-1.jpg?resize=250%2C167&amp;ssl=1 250w\" sizes=\"(max-width: 778px) 100vw, 778px\" \/><\/a>Foi inaugurada nesta sexta-feira(13), na rua C\u00f4nego Hugo, n\u00ba 232, a nova sede da Central de Regula\u00e7\u00e3o, Marca\u00e7\u00f5es de Exames e Consultas Especializadas. A entrega desse equipamento p\u00fablico \u00e9 um passo importante para o processo de reestrutura\u00e7\u00e3o da sa\u00fade municipal. A popula\u00e7\u00e3o bonfinense disp\u00f5e agora de uma estrutura confort\u00e1vel e moderna que facilitar\u00e1 os agendamentos e acompanhamentos de exames e consultas nas diversas especialidades, acabando de vez com as intermin\u00e1veis e humilhantes filas.<\/p>\n<p>A Secret\u00e1ria de Sa\u00fade, Angeli Matos, externou sua felicidade em oferecer a popula\u00e7\u00e3o bonfinense um atendimento diferenciado, e por fazer parte de uma gest\u00e3o que tem como uma de suas prioridades, a sa\u00fade municipal, \u201cHoje, temos um lugar digno para o atendimento. Quando o paciente chega \u00e0 central de marca\u00e7\u00e3o ele n\u00e3o vem s\u00f3 em busca da consulta ou do exame, vem tamb\u00e9m em busca de aten\u00e7\u00e3o. Agora, com essa nova estrutura, moderna, confort\u00e1vel e informatizada, podemos oferecer muito mais ao nosso povo\u201d, afirmou Angeli Matos.<\/p>\n<p><a href=\"https:\/\/i0.wp.com\/blogdoeloiltoncajuhy.com.br\/site\/wp-content\/uploads\/2017\/01\/Inaugura%C3%A7%C3%A3o-nova-central-de-marca%C3%A7%C3%A3o-2.jpg\"><img data-recalc-dims=\"1\" decoding=\"async\" class=\"aligncenter wp-image-14764 size-medium\" src=\"https:\/\/i0.wp.com\/blogdoeloiltoncajuhy.com.br\/site\/wp-content\/uploads\/2017\/01\/Inaugura%C3%A7%C3%A3o-nova-central-de-marca%C3%A7%C3%A3o-2.jpg?resize=300%2C200\" width=\"300\" height=\"200\" srcset=\"https:\/\/i0.wp.com\/blogdoeloiltoncajuhy.com.br\/site\/wp-content\/uploads\/2017\/01\/Inaugura%C3%A7%C3%A3o-nova-central-de-marca%C3%A7%C3%A3o-2.jpg?resize=300%2C200&amp;ssl=1 300w, https:\/\/i0.wp.com\/blogdoeloiltoncajuhy.com.br\/site\/wp-content\/uploads\/2017\/01\/Inaugura%C3%A7%C3%A3o-nova-central-de-marca%C3%A7%C3%A3o-2.jpg?resize=768%2C512&amp;ssl=1 768w, https:\/\/i0.wp.com\/blogdoeloiltoncajuhy.com.br\/site\/wp-content\/uploads\/2017\/01\/Inaugura%C3%A7%C3%A3o-nova-central-de-marca%C3%A7%C3%A3o-2.jpg?resize=250%2C167&amp;ssl=1 250w, https:\/\/i0.wp.com\/blogdoeloiltoncajuhy.com.br\/site\/wp-content\/uploads\/2017\/01\/Inaugura%C3%A7%C3%A3o-nova-central-de-marca%C3%A7%C3%A3o-2.jpg?w=778&amp;ssl=1 778w\" sizes=\"(max-width: 300px) 100vw, 300px\" \/><\/a>Em seu discurso, o Prefeito Carlos Brasileiro fez quest\u00e3o de mencionar que desde o dia 1\u00b0 de janeiro a sa\u00fade municipal j\u00e1 vem sendo reestruturada. \u201cQue bom andar pelas ruas levando propostas para o povo, e depois voc\u00ea poder cumpri-las. Os pacientes agora disp\u00f5em de \u00f4nibus confort\u00e1vel para fazer tratamento fora do munic\u00edpio (TFD), o Hospital Regional conta com o atendimento de tr\u00eas m\u00e9dicos com especialidades distintas, e acabamos com as filas na central de marca\u00e7\u00e3o de consultas. Estamos oferecendo ao paciente um atendimento mais eficiente e humanizado\u201d, concluiu.<\/p>\n<p><a href=\"https:\/\/i0.wp.com\/blogdoeloiltoncajuhy.com.br\/site\/wp-content\/uploads\/2017\/01\/Inaugura%C3%A7%C3%A3o-nova-central-de-marca%C3%A7%C3%A3o-3.jpg\"><img data-recalc-dims=\"1\" decoding=\"async\" class=\"aligncenter wp-image-14765 size-medium\" src=\"https:\/\/i0.wp.com\/blogdoeloiltoncajuhy.com.br\/site\/wp-content\/uploads\/2017\/01\/Inaugura%C3%A7%C3%A3o-nova-central-de-marca%C3%A7%C3%A3o-3.jpg?resize=300%2C223\" width=\"300\" height=\"223\" srcset=\"https:\/\/i0.wp.com\/blogdoeloiltoncajuhy.com.br\/site\/wp-content\/uploads\/2017\/01\/Inaugura%C3%A7%C3%A3o-nova-central-de-marca%C3%A7%C3%A3o-3.jpg?resize=300%2C223&amp;ssl=1 300w, https:\/\/i0.wp.com\/blogdoeloiltoncajuhy.com.br\/site\/wp-content\/uploads\/2017\/01\/Inaugura%C3%A7%C3%A3o-nova-central-de-marca%C3%A7%C3%A3o-3.jpg?resize=250%2C186&amp;ssl=1 250w, https:\/\/i0.wp.com\/blogdoeloiltoncajuhy.com.br\/site\/wp-content\/uploads\/2017\/01\/Inaugura%C3%A7%C3%A3o-nova-central-de-marca%C3%A7%C3%A3o-3.jpg?w=697&amp;ssl=1 697w\" sizes=\"(max-width: 300px) 100vw, 300px\" \/><\/a>Estiveram presentes na inaugura\u00e7\u00e3o da nova sede da Central de Regula\u00e7\u00e3o, Marca\u00e7\u00f5es de Exames e Consultas Especializadas, o Prefeito Carlos Brasileiro e a primeira dama F\u00e1tima Brasileiro, o Vice-prefeito Z\u00e9 Ant\u00f4nio e sua Neide Oliveira, o Presidente do Conselho Municipal de Sa\u00fade \u2013 Valberto Silva, os diretores do Hospital Regional &#8211; Claudio Roberto e Renato Melo, e Secret\u00e1rios de Governo.<\/p>\n<p>O evento contou tamb\u00e9m com a presen\u00e7a do presidente da C\u00e2mara de Vereadores, R\u00ea do Sindicato, e dos vereadores Dr. Jorginho, Cleiton Vieira, Reinaldo Jos\u00e9, La\u00e9rcio Jr., Lucia Cerqueira e Elizeu dos Temperos.<\/p>\n<p><em>*Ascom Prefeitura Municipal de Senhor do Bonfim<\/em><\/p>\n","protected":false},"excerpt":{"rendered":"<p>Foi inaugurada nesta sexta-feira(13), na rua C\u00f4nego Hugo, n\u00ba 232, a nova sede da Central de Regula\u00e7\u00e3o, Marca\u00e7\u00f5es de Exames e Consultas Especializadas. A entrega desse equipamento p\u00fablico \u00e9 um passo importante para o processo de reestrutura\u00e7\u00e3o da sa\u00fade municipal. A popula\u00e7\u00e3o bonfinense disp\u00f5e agora de uma estrutura confort\u00e1vel e moderna que facilitar\u00e1 os agendamentos [&hellip;]<\/p>\n","protected":false},"author":2,"featured_media":14765,"comment_status":"open","ping_status":"open","sticky":false,"template":"","format":"standard","meta":{"_acf_changed":false,"_monsterinsights_skip_tracking":false,"_monsterinsights_sitenote_active":false,"_monsterinsights_sitenote_note":"","_monsterinsights_sitenote_category":0,"_jetpack_memberships_contains_paid_content":false,"footnotes":"","jetpack_publicize_message":"","jetpack_publicize_feature_enabled":true,"jetpack_social_post_already_shared":true,"jetpack_social_options":{"image_generator_settings":{"template":"highway","default_image_id":0,"font":"","enabled":false},"version":2}},"categories":[1,7,4],"tags":[],"class_list":["post-14762","post","type-post","status-publish","format-standard","has-post-thumbnail","hentry","category-noticias","category-saude","category-local"],"acf":[],"jetpack_publicize_connections":[],"jetpack_featured_media_url":"https:\/\/i0.wp.com\/blogdoeloiltoncajuhy.com.br\/site\/wp-content\/uploads\/2017\/01\/Inaugura%C3%A7%C3%A3o-nova-central-de-marca%C3%A7%C3%A3o-3.jpg?fit=697%2C519&ssl=1","jetpack_sharing_enabled":true,"publishpress_future_workflow_manual_trigger":{"enabledWorkflows":[]},"_links":{"self":[{"href":"https:\/\/blogdoeloiltoncajuhy.com.br\/site\/wp-json\/wp\/v2\/posts\/14762","targetHints":{"allow":["GET"]}}],"collection":[{"href":"https:\/\/blogdoeloiltoncajuhy.com.br\/site\/wp-json\/wp\/v2\/posts"}],"about":[{"href":"https:\/\/blogdoeloiltoncajuhy.com.br\/site\/wp-json\/wp\/v2\/types\/post"}],"author":[{"embeddable":true,"href":"https:\/\/blogdoeloiltoncajuhy.com.br\/site\/wp-json\/wp\/v2\/users\/2"}],"replies":[{"embeddable":true,"href":"https:\/\/blogdoeloiltoncajuhy.com.br\/site\/wp-json\/wp\/v2\/comments?post=14762"}],"version-history":[{"count":1,"href":"https:\/\/blogdoeloiltoncajuhy.com.br\/site\/wp-json\/wp\/v2\/posts\/14762\/revisions"}],"predecessor-version":[{"id":14766,"href":"https:\/\/blogdoeloiltoncajuhy.com.br\/site\/wp-json\/wp\/v2\/posts\/14762\/revisions\/14766"}],"wp:featuredmedia":[{"embeddable":true,"href":"https:\/\/blogdoeloiltoncajuhy.com.br\/site\/wp-json\/wp\/v2\/media\/14765"}],"wp:attachment":[{"href":"https:\/\/blogdoeloiltoncajuhy.com.br\/site\/wp-json\/wp\/v2\/media?parent=14762"}],"wp:term":[{"taxonomy":"category","embeddable":true,"href":"https:\/\/blogdoeloiltoncajuhy.com.br\/site\/wp-json\/wp\/v2\/categories?post=14762"},{"taxonomy":"post_tag","embeddable":true,"href":"https:\/\/blogdoeloiltoncajuhy.com.br\/site\/wp-json\/wp\/v2\/tags?post=14762"}],"curies":[{"name":"wp","href":"https:\/\/api.w.org\/{rel}","templated":true}]}}