{"id":14750,"date":"2017-01-14T22:49:14","date_gmt":"2017-01-15T01:49:14","guid":{"rendered":"http:\/\/blogdoeloiltoncajuhy.com.br\/site\/?p=14750"},"modified":"2017-01-14T22:49:14","modified_gmt":"2017-01-15T01:49:14","slug":"secretaria-de-educacao-de-senhor-do-bonfim-realiza-campanha-de-matriculas-2017-da-rede-municipal-de-ensino","status":"publish","type":"post","link":"https:\/\/blogdoeloiltoncajuhy.com.br\/site\/secretaria-de-educacao-de-senhor-do-bonfim-realiza-campanha-de-matriculas-2017-da-rede-municipal-de-ensino\/","title":{"rendered":"Secretaria de Educa\u00e7\u00e3o de Senhor do Bonfim realiza campanha de Matriculas 2017 da rede municipal de ensino"},"content":{"rendered":"<p><a href=\"https:\/\/i0.wp.com\/blogdoeloiltoncajuhy.com.br\/site\/wp-content\/uploads\/2017\/01\/educa%C3%A7%C3%A3o-matr%C3%ADculas1-e1484444904265.jpg\"><img data-recalc-dims=\"1\" fetchpriority=\"high\" decoding=\"async\" class=\"aligncenter size-full wp-image-14751\" src=\"https:\/\/i0.wp.com\/blogdoeloiltoncajuhy.com.br\/site\/wp-content\/uploads\/2017\/01\/educa%C3%A7%C3%A3o-matr%C3%ADculas1-e1484444904265.jpg?resize=600%2C338\" alt=\"\" width=\"600\" height=\"338\" \/><\/a>Aconteceu, nesta sexta-feira (13), uma a\u00e7\u00e3o de divulga\u00e7\u00e3o da campanha de matriculas 2017 da rede municipal de ensino. Com o slogan \u201cVem, traz mais um! A escola municipal est\u00e1 mudando pra melhor\u201d, membros da Secretaria de Educa\u00e7\u00e3o montaram um stand no Cal\u00e7ad\u00e3o e distribu\u00edram panfletos. A campanha tem como objetivo informar sobre os procedimentos de matr\u00edcula e resgatar a participa\u00e7\u00e3o do alunado nas escolas municipais.<\/p>\n<p>A Secret\u00e1ria de educa\u00e7\u00e3o, Cristiane Maia, falou sobre a valoriza\u00e7\u00e3o do ensino na rede municipal e os avan\u00e7os que pretende executar: \u201cA rede municipal sempre foi refer\u00eancia pela qualidade dos seus professores e pelo conte\u00fado did\u00e1tico. Nos \u00faltimos quatro anos o ensino municipal sofreu com falta de investimentos na estrutura e no pessoal, causando uma grande debandada do alunado. A educa\u00e7\u00e3o municipal ser\u00e1 uma das prioridades do governo de Carlos Brasileiro, com investimentos na melhoria das escolas do munic\u00edpio e na capacita\u00e7\u00e3o dos professores. Quem ganha com isso s\u00e3o os alunos da rede municipal\u201d, concluiu.<\/p>\n<p>No segundo dia da a\u00e7\u00e3o, neste s\u00e1bado (14), a equipe da Secretaria de Educa\u00e7\u00e3o realizou panfletagem no com\u00e9rcio e feira livre, e contou com a participa\u00e7\u00e3o do prefeito Carlos Brasileiro na distribui\u00e7\u00e3o do material explicativo. O Prefeito de Senhor do Bonfim enfatizou que a educa\u00e7\u00e3o municipal sempre foi refer\u00eancia e durante seu mandato n\u00e3o medir\u00e1 esfor\u00e7os na qualifica\u00e7\u00e3o dos professores e na melhoria na estrutura f\u00edsica das escolas do munic\u00edpio, proporcionando um ambiente melhor para o ensino.<\/p>\n<p><a href=\"https:\/\/i0.wp.com\/blogdoeloiltoncajuhy.com.br\/site\/wp-content\/uploads\/2017\/01\/educa%C3%A7%C3%A3o-matr%C3%ADculas2-e1484444918780.jpg\"><img data-recalc-dims=\"1\" decoding=\"async\" class=\"aligncenter size-full wp-image-14752\" src=\"https:\/\/i0.wp.com\/blogdoeloiltoncajuhy.com.br\/site\/wp-content\/uploads\/2017\/01\/educa%C3%A7%C3%A3o-matr%C3%ADculas2-e1484444918780.jpg?resize=600%2C338\" alt=\"\" width=\"600\" height=\"338\" \/><\/a>As matr\u00edculas da Educa\u00e7\u00e3o Infantil ao Ensino Fundamental II, j\u00e1 est\u00e3o abertas. No ato da matricula s\u00e3o necess\u00e1rios os seguintes documentos: certid\u00e3o de nascimento ou carteira de identidade do aluno, documento do respons\u00e1vel (CPF ou identidade), comprovante de resid\u00eancia, 02 fotos 3&#215;4, xerox do cart\u00e3o do Bolsa Fam\u00edlia, cart\u00e3o de vacina e transfer\u00eancia ou declara\u00e7\u00e3o. As matr\u00edculas devem ser realizadas preferencialmente nas escolas mais pr\u00f3ximas das resid\u00eancias dos alunos, nos turnos matutino e vespertino.<\/p>\n<p><em>*Ascom Prefeitura Municipal de Senhor do Bonfim<\/em><\/p>\n","protected":false},"excerpt":{"rendered":"<p>Aconteceu, nesta sexta-feira (13), uma a\u00e7\u00e3o de divulga\u00e7\u00e3o da campanha de matriculas 2017 da rede municipal de ensino. Com o slogan \u201cVem, traz mais um! A escola municipal est\u00e1 mudando pra melhor\u201d, membros da Secretaria de Educa\u00e7\u00e3o montaram um stand no Cal\u00e7ad\u00e3o e distribu\u00edram panfletos. A campanha tem como objetivo informar sobre os procedimentos de [&hellip;]<\/p>\n","protected":false},"author":2,"featured_media":14752,"comment_status":"open","ping_status":"open","sticky":false,"template":"","format":"standard","meta":{"_acf_changed":false,"_monsterinsights_skip_tracking":false,"_monsterinsights_sitenote_active":false,"_monsterinsights_sitenote_note":"","_monsterinsights_sitenote_category":0,"_jetpack_memberships_contains_paid_content":false,"footnotes":"","jetpack_publicize_message":"","jetpack_publicize_feature_enabled":true,"jetpack_social_post_already_shared":true,"jetpack_social_options":{"image_generator_settings":{"template":"highway","default_image_id":0,"font":"","enabled":false},"version":2}},"categories":[14,1],"tags":[],"class_list":["post-14750","post","type-post","status-publish","format-standard","has-post-thumbnail","hentry","category-educacao","category-noticias"],"acf":[],"jetpack_publicize_connections":[],"jetpack_featured_media_url":"https:\/\/i0.wp.com\/blogdoeloiltoncajuhy.com.br\/site\/wp-content\/uploads\/2017\/01\/educa%C3%A7%C3%A3o-matr%C3%ADculas2-e1484444918780.jpg?fit=600%2C338&ssl=1","jetpack_sharing_enabled":true,"publishpress_future_workflow_manual_trigger":{"enabledWorkflows":[]},"_links":{"self":[{"href":"https:\/\/blogdoeloiltoncajuhy.com.br\/site\/wp-json\/wp\/v2\/posts\/14750","targetHints":{"allow":["GET"]}}],"collection":[{"href":"https:\/\/blogdoeloiltoncajuhy.com.br\/site\/wp-json\/wp\/v2\/posts"}],"about":[{"href":"https:\/\/blogdoeloiltoncajuhy.com.br\/site\/wp-json\/wp\/v2\/types\/post"}],"author":[{"embeddable":true,"href":"https:\/\/blogdoeloiltoncajuhy.com.br\/site\/wp-json\/wp\/v2\/users\/2"}],"replies":[{"embeddable":true,"href":"https:\/\/blogdoeloiltoncajuhy.com.br\/site\/wp-json\/wp\/v2\/comments?post=14750"}],"version-history":[{"count":1,"href":"https:\/\/blogdoeloiltoncajuhy.com.br\/site\/wp-json\/wp\/v2\/posts\/14750\/revisions"}],"predecessor-version":[{"id":14753,"href":"https:\/\/blogdoeloiltoncajuhy.com.br\/site\/wp-json\/wp\/v2\/posts\/14750\/revisions\/14753"}],"wp:featuredmedia":[{"embeddable":true,"href":"https:\/\/blogdoeloiltoncajuhy.com.br\/site\/wp-json\/wp\/v2\/media\/14752"}],"wp:attachment":[{"href":"https:\/\/blogdoeloiltoncajuhy.com.br\/site\/wp-json\/wp\/v2\/media?parent=14750"}],"wp:term":[{"taxonomy":"category","embeddable":true,"href":"https:\/\/blogdoeloiltoncajuhy.com.br\/site\/wp-json\/wp\/v2\/categories?post=14750"},{"taxonomy":"post_tag","embeddable":true,"href":"https:\/\/blogdoeloiltoncajuhy.com.br\/site\/wp-json\/wp\/v2\/tags?post=14750"}],"curies":[{"name":"wp","href":"https:\/\/api.w.org\/{rel}","templated":true}]}}