{"id":14745,"date":"2017-01-14T22:35:06","date_gmt":"2017-01-15T01:35:06","guid":{"rendered":"http:\/\/blogdoeloiltoncajuhy.com.br\/site\/?p=14745"},"modified":"2017-01-14T22:35:06","modified_gmt":"2017-01-15T01:35:06","slug":"comece-o-domingo-meditando-eis-o-cordeiro-de-deus-que-tira-o-pecado-do-mundo-jo-129-34","status":"publish","type":"post","link":"https:\/\/blogdoeloiltoncajuhy.com.br\/site\/comece-o-domingo-meditando-eis-o-cordeiro-de-deus-que-tira-o-pecado-do-mundo-jo-129-34\/","title":{"rendered":"COMECE O DOMINGO MEDITANDO: &#8220;Eis o Cordeiro de Deus, que tira o pecado do mundo&#8221; &#8211; Jo 1,29-34"},"content":{"rendered":"<p><a href=\"https:\/\/i0.wp.com\/blogdoeloiltoncajuhy.com.br\/site\/wp-content\/uploads\/2015\/10\/liturgia_diaria.jpg\"><img data-recalc-dims=\"1\" fetchpriority=\"high\" decoding=\"async\" class=\"aligncenter wp-image-4757 size-medium\" src=\"https:\/\/i0.wp.com\/blogdoeloiltoncajuhy.com.br\/site\/wp-content\/uploads\/2015\/10\/liturgia_diaria.jpg?resize=300%2C227\" width=\"300\" height=\"227\" srcset=\"https:\/\/i0.wp.com\/blogdoeloiltoncajuhy.com.br\/site\/wp-content\/uploads\/2015\/10\/liturgia_diaria.jpg?resize=300%2C227&amp;ssl=1 300w, https:\/\/i0.wp.com\/blogdoeloiltoncajuhy.com.br\/site\/wp-content\/uploads\/2015\/10\/liturgia_diaria.jpg?resize=250%2C189&amp;ssl=1 250w, https:\/\/i0.wp.com\/blogdoeloiltoncajuhy.com.br\/site\/wp-content\/uploads\/2015\/10\/liturgia_diaria.jpg?w=449&amp;ssl=1 449w\" sizes=\"(max-width: 300px) 100vw, 300px\" \/><\/a>Naquele tempo, Jo\u00e3o viu Jesus aproximar-se dele e disse: \u201cEis o Cordeiro de Deus, que tira o pecado do mundo. Dele \u00e9 que eu disse: Depois de mim vem um homem que passou \u00e0 minha frente, porque existia antes de mim. Tamb\u00e9m eu n\u00e3o o conhecia, mas se eu vim batizar com \u00e1gua, foi para que ele fosse manifestado a Israel\u201d.<\/p>\n<p>E Jo\u00e3o deu testemunho, dizendo: \u201cEu vi o Esp\u00edrito descer, como uma pomba do c\u00e9u, e permanecer sobre ele. Tamb\u00e9m eu n\u00e3o o conhecia, mas aquele que me enviou a batizar com \u00e1gua me disse: \u2018Aquele sobre quem vires o Esp\u00edrito descer e permanecer, este \u00e9 quem batiza com o Esp\u00edrito Santo\u2019. Eu vi e dou testemunho: Este \u00e9 o Filho de Deus!\u201d<\/p>\n<p><strong><em>*<a href=\"http:\/\/liturgia.cancaonova.com\/liturgia\/2o-domingo-do-tempo-comum-15012017\/\">Can\u00e7\u00e3o Nova<\/a><\/em><\/strong><\/p>\n","protected":false},"excerpt":{"rendered":"<p>Naquele tempo, Jo\u00e3o viu Jesus aproximar-se dele e disse: \u201cEis o Cordeiro de Deus, que tira o pecado do mundo. Dele \u00e9 que eu disse: Depois de mim vem um homem que passou \u00e0 minha frente, porque existia antes de mim. Tamb\u00e9m eu n\u00e3o o conhecia, mas se eu vim batizar com \u00e1gua, foi para [&hellip;]<\/p>\n","protected":false},"author":2,"featured_media":0,"comment_status":"open","ping_status":"open","sticky":false,"template":"","format":"standard","meta":{"_acf_changed":false,"_monsterinsights_skip_tracking":false,"_monsterinsights_sitenote_active":false,"_monsterinsights_sitenote_note":"","_monsterinsights_sitenote_category":0,"_jetpack_memberships_contains_paid_content":false,"footnotes":"","jetpack_publicize_message":"","jetpack_publicize_feature_enabled":true,"jetpack_social_post_already_shared":true,"jetpack_social_options":{"image_generator_settings":{"template":"highway","default_image_id":0,"font":"","enabled":false},"version":2}},"categories":[1,9],"tags":[],"class_list":["post-14745","post","type-post","status-publish","format-standard","hentry","category-noticias","category-reflexao"],"acf":[],"jetpack_publicize_connections":[],"jetpack_featured_media_url":"","jetpack_sharing_enabled":true,"publishpress_future_workflow_manual_trigger":{"enabledWorkflows":[]},"_links":{"self":[{"href":"https:\/\/blogdoeloiltoncajuhy.com.br\/site\/wp-json\/wp\/v2\/posts\/14745","targetHints":{"allow":["GET"]}}],"collection":[{"href":"https:\/\/blogdoeloiltoncajuhy.com.br\/site\/wp-json\/wp\/v2\/posts"}],"about":[{"href":"https:\/\/blogdoeloiltoncajuhy.com.br\/site\/wp-json\/wp\/v2\/types\/post"}],"author":[{"embeddable":true,"href":"https:\/\/blogdoeloiltoncajuhy.com.br\/site\/wp-json\/wp\/v2\/users\/2"}],"replies":[{"embeddable":true,"href":"https:\/\/blogdoeloiltoncajuhy.com.br\/site\/wp-json\/wp\/v2\/comments?post=14745"}],"version-history":[{"count":1,"href":"https:\/\/blogdoeloiltoncajuhy.com.br\/site\/wp-json\/wp\/v2\/posts\/14745\/revisions"}],"predecessor-version":[{"id":14746,"href":"https:\/\/blogdoeloiltoncajuhy.com.br\/site\/wp-json\/wp\/v2\/posts\/14745\/revisions\/14746"}],"wp:attachment":[{"href":"https:\/\/blogdoeloiltoncajuhy.com.br\/site\/wp-json\/wp\/v2\/media?parent=14745"}],"wp:term":[{"taxonomy":"category","embeddable":true,"href":"https:\/\/blogdoeloiltoncajuhy.com.br\/site\/wp-json\/wp\/v2\/categories?post=14745"},{"taxonomy":"post_tag","embeddable":true,"href":"https:\/\/blogdoeloiltoncajuhy.com.br\/site\/wp-json\/wp\/v2\/tags?post=14745"}],"curies":[{"name":"wp","href":"https:\/\/api.w.org\/{rel}","templated":true}]}}