{"id":14736,"date":"2017-01-13T20:25:58","date_gmt":"2017-01-13T23:25:58","guid":{"rendered":"http:\/\/blogdoeloiltoncajuhy.com.br\/site\/?p=14736"},"modified":"2017-01-13T20:25:58","modified_gmt":"2017-01-13T23:25:58","slug":"bonfim-prefeito-discute-novo-modelo-de-atendimento-com-empresa-responsavel-pela-gestao-do-hdam","status":"publish","type":"post","link":"https:\/\/blogdoeloiltoncajuhy.com.br\/site\/bonfim-prefeito-discute-novo-modelo-de-atendimento-com-empresa-responsavel-pela-gestao-do-hdam\/","title":{"rendered":"BONFIM: Prefeito discute novo modelo de atendimento com empresa respons\u00e1vel pela gest\u00e3o do HDAM"},"content":{"rendered":"<p><a href=\"https:\/\/i0.wp.com\/blogdoeloiltoncajuhy.com.br\/site\/wp-content\/uploads\/2017\/01\/reuni%C3%A3o-hdam3.jpg\"><img data-recalc-dims=\"1\" fetchpriority=\"high\" decoding=\"async\" class=\"wp-image-14739 size-medium alignleft\" src=\"https:\/\/i0.wp.com\/blogdoeloiltoncajuhy.com.br\/site\/wp-content\/uploads\/2017\/01\/reuni%C3%A3o-hdam3.jpg?resize=300%2C200\" width=\"300\" height=\"200\" srcset=\"https:\/\/i0.wp.com\/blogdoeloiltoncajuhy.com.br\/site\/wp-content\/uploads\/2017\/01\/reuni%C3%A3o-hdam3.jpg?resize=300%2C200&amp;ssl=1 300w, https:\/\/i0.wp.com\/blogdoeloiltoncajuhy.com.br\/site\/wp-content\/uploads\/2017\/01\/reuni%C3%A3o-hdam3.jpg?resize=250%2C167&amp;ssl=1 250w, https:\/\/i0.wp.com\/blogdoeloiltoncajuhy.com.br\/site\/wp-content\/uploads\/2017\/01\/reuni%C3%A3o-hdam3.jpg?w=600&amp;ssl=1 600w\" sizes=\"(max-width: 300px) 100vw, 300px\" \/><\/a>O Prefeito de Senhor do Bonfim, Carlos Brasileiro, esteve reunido na noite da \u00faltima quinta-feira (12), com representantes do grupo RMX &#8211; Controlador do Cons\u00f3rcio de Empreendedores Sociais (Coesa), empresa respons\u00e1vel pela gest\u00e3o administrativa do Hospital Dom Ant\u00f4nio Monteiro (HDAM).<\/p>\n<p>\u201cEssa reuni\u00e3o serviu para apresentamos o nosso novo diretor t\u00e9cnico, o m\u00e9dico Wilson Bahia, e a situa\u00e7\u00e3o que o hospital est\u00e1 vivendo agora. Al\u00e9m, \u00e9 claro, de apresentar os planos de expans\u00e3o que estamos projetando para os pr\u00f3ximos 60 dias, que \u00e9 reestruturar a \u00e1rea de emerg\u00eancia e come\u00e7ar a reformular o corpo cl\u00ednico do hospital\u201d, disse Renato Melo, presidente do Grupo RMX.<\/p>\n<p><a href=\"https:\/\/i0.wp.com\/blogdoeloiltoncajuhy.com.br\/site\/wp-content\/uploads\/2017\/01\/reuni%C3%A3o-hdam2.jpg\"><img data-recalc-dims=\"1\" decoding=\"async\" class=\"wp-image-14738 size-medium alignright\" src=\"https:\/\/i0.wp.com\/blogdoeloiltoncajuhy.com.br\/site\/wp-content\/uploads\/2017\/01\/reuni%C3%A3o-hdam2.jpg?resize=300%2C200\" width=\"300\" height=\"200\" srcset=\"https:\/\/i0.wp.com\/blogdoeloiltoncajuhy.com.br\/site\/wp-content\/uploads\/2017\/01\/reuni%C3%A3o-hdam2.jpg?resize=300%2C200&amp;ssl=1 300w, https:\/\/i0.wp.com\/blogdoeloiltoncajuhy.com.br\/site\/wp-content\/uploads\/2017\/01\/reuni%C3%A3o-hdam2.jpg?resize=250%2C167&amp;ssl=1 250w, https:\/\/i0.wp.com\/blogdoeloiltoncajuhy.com.br\/site\/wp-content\/uploads\/2017\/01\/reuni%C3%A3o-hdam2.jpg?w=600&amp;ssl=1 600w\" sizes=\"(max-width: 300px) 100vw, 300px\" \/><\/a>O representante da empresa, ainda confirmou que nos pr\u00f3ximos seis meses um plano de voca\u00e7\u00e3o estar\u00e1 sendo apresentado ao munic\u00edpio com intuito de direcionar, organizar e priorizar de forma eficiente as a\u00e7\u00f5es do hospital.<\/p>\n<p>\u201cO projeto vai possibilitar sabermos o modelo de atendimento que queremos para o nosso hospital. \u00c9 s\u00f3 urg\u00eancia e emerg\u00eancia? Traumatologia? Servi\u00e7os de oftalmologia? Otorrino? Enfim, um diagn\u00f3stico para que o hospital n\u00e3o sobreviva somente de cirurgia, internamento, urg\u00eancia e emerg\u00eancia ou maternidade\u201d, disse.<\/p>\n<p>\u201cEsperamos que o projeto vocacional seja feito o mais r\u00e1pido poss\u00edvel, para que a gente possa definir a voca\u00e7\u00e3o e come\u00e7ar a implantar o melhor modelo de atendimento para popula\u00e7\u00e3o\u201d, comentou, o prefeito Carlos Brasileiro.<\/p>\n<p><a href=\"https:\/\/i0.wp.com\/blogdoeloiltoncajuhy.com.br\/site\/wp-content\/uploads\/2017\/01\/reuni%C3%A3o-hdam1.jpg\"><img data-recalc-dims=\"1\" decoding=\"async\" class=\"wp-image-14737 size-medium alignleft\" src=\"https:\/\/i0.wp.com\/blogdoeloiltoncajuhy.com.br\/site\/wp-content\/uploads\/2017\/01\/reuni%C3%A3o-hdam1.jpg?resize=300%2C200\" width=\"300\" height=\"200\" srcset=\"https:\/\/i0.wp.com\/blogdoeloiltoncajuhy.com.br\/site\/wp-content\/uploads\/2017\/01\/reuni%C3%A3o-hdam1.jpg?resize=300%2C200&amp;ssl=1 300w, https:\/\/i0.wp.com\/blogdoeloiltoncajuhy.com.br\/site\/wp-content\/uploads\/2017\/01\/reuni%C3%A3o-hdam1.jpg?resize=250%2C167&amp;ssl=1 250w, https:\/\/i0.wp.com\/blogdoeloiltoncajuhy.com.br\/site\/wp-content\/uploads\/2017\/01\/reuni%C3%A3o-hdam1.jpg?w=600&amp;ssl=1 600w\" sizes=\"(max-width: 300px) 100vw, 300px\" \/><\/a>Estiveram presentes na reuni\u00e3o, o prefeito Carlos Brasileiro, a secret\u00e1ria de sa\u00fade Angeli Matos, o diretor t\u00e9cnico do hospital Dr. Wilson Bahia, Dr. Carlos Eduardo e Dr. Francisco Lustiago e o novo diretor administrativo da unidade de sa\u00fade do munic\u00edpio, Cl\u00e1udio Rodrigues Alves de Moraes.<\/p>\n<p><em>*Ascom Prefeitura Municipal de Senhor do Bonfim<\/em><\/p>\n","protected":false},"excerpt":{"rendered":"<p>O Prefeito de Senhor do Bonfim, Carlos Brasileiro, esteve reunido na noite da \u00faltima quinta-feira (12), com representantes do grupo RMX &#8211; Controlador do Cons\u00f3rcio de Empreendedores Sociais (Coesa), empresa respons\u00e1vel pela gest\u00e3o administrativa do Hospital Dom Ant\u00f4nio Monteiro (HDAM). \u201cEssa reuni\u00e3o serviu para apresentamos o nosso novo diretor t\u00e9cnico, o m\u00e9dico Wilson Bahia, e [&hellip;]<\/p>\n","protected":false},"author":2,"featured_media":14739,"comment_status":"open","ping_status":"open","sticky":false,"template":"","format":"standard","meta":{"_acf_changed":false,"_monsterinsights_skip_tracking":false,"_monsterinsights_sitenote_active":false,"_monsterinsights_sitenote_note":"","_monsterinsights_sitenote_category":0,"_jetpack_memberships_contains_paid_content":false,"footnotes":"","jetpack_publicize_message":"","jetpack_publicize_feature_enabled":true,"jetpack_social_post_already_shared":true,"jetpack_social_options":{"image_generator_settings":{"template":"highway","default_image_id":0,"font":"","enabled":false},"version":2}},"categories":[1,3,4],"tags":[],"class_list":["post-14736","post","type-post","status-publish","format-standard","has-post-thumbnail","hentry","category-noticias","category-politica","category-local"],"acf":[],"jetpack_publicize_connections":[],"jetpack_featured_media_url":"https:\/\/i0.wp.com\/blogdoeloiltoncajuhy.com.br\/site\/wp-content\/uploads\/2017\/01\/reuni%C3%A3o-hdam3.jpg?fit=600%2C400&ssl=1","jetpack_sharing_enabled":true,"publishpress_future_workflow_manual_trigger":{"enabledWorkflows":[]},"_links":{"self":[{"href":"https:\/\/blogdoeloiltoncajuhy.com.br\/site\/wp-json\/wp\/v2\/posts\/14736","targetHints":{"allow":["GET"]}}],"collection":[{"href":"https:\/\/blogdoeloiltoncajuhy.com.br\/site\/wp-json\/wp\/v2\/posts"}],"about":[{"href":"https:\/\/blogdoeloiltoncajuhy.com.br\/site\/wp-json\/wp\/v2\/types\/post"}],"author":[{"embeddable":true,"href":"https:\/\/blogdoeloiltoncajuhy.com.br\/site\/wp-json\/wp\/v2\/users\/2"}],"replies":[{"embeddable":true,"href":"https:\/\/blogdoeloiltoncajuhy.com.br\/site\/wp-json\/wp\/v2\/comments?post=14736"}],"version-history":[{"count":1,"href":"https:\/\/blogdoeloiltoncajuhy.com.br\/site\/wp-json\/wp\/v2\/posts\/14736\/revisions"}],"predecessor-version":[{"id":14740,"href":"https:\/\/blogdoeloiltoncajuhy.com.br\/site\/wp-json\/wp\/v2\/posts\/14736\/revisions\/14740"}],"wp:featuredmedia":[{"embeddable":true,"href":"https:\/\/blogdoeloiltoncajuhy.com.br\/site\/wp-json\/wp\/v2\/media\/14739"}],"wp:attachment":[{"href":"https:\/\/blogdoeloiltoncajuhy.com.br\/site\/wp-json\/wp\/v2\/media?parent=14736"}],"wp:term":[{"taxonomy":"category","embeddable":true,"href":"https:\/\/blogdoeloiltoncajuhy.com.br\/site\/wp-json\/wp\/v2\/categories?post=14736"},{"taxonomy":"post_tag","embeddable":true,"href":"https:\/\/blogdoeloiltoncajuhy.com.br\/site\/wp-json\/wp\/v2\/tags?post=14736"}],"curies":[{"name":"wp","href":"https:\/\/api.w.org\/{rel}","templated":true}]}}