{"id":14734,"date":"2017-01-13T20:16:43","date_gmt":"2017-01-13T23:16:43","guid":{"rendered":"http:\/\/blogdoeloiltoncajuhy.com.br\/site\/?p=14734"},"modified":"2017-01-13T20:34:02","modified_gmt":"2017-01-13T23:34:02","slug":"festa-do-senhor-do-bonfim-paroquias-da-regiao-e-emissoras-de-radio-estao-entre-os-homenageados-deste-sabado-14","status":"publish","type":"post","link":"https:\/\/blogdoeloiltoncajuhy.com.br\/site\/festa-do-senhor-do-bonfim-paroquias-da-regiao-e-emissoras-de-radio-estao-entre-os-homenageados-deste-sabado-14\/","title":{"rendered":"Festa do Senhor do Bonfim: Par\u00f3quias da regi\u00e3o e emissoras de r\u00e1dio est\u00e3o entre os homenageados deste s\u00e1bado (14)"},"content":{"rendered":"<p><a href=\"https:\/\/i0.wp.com\/blogdoeloiltoncajuhy.com.br\/site\/wp-content\/uploads\/2017\/01\/Festa-Senhor-do-Bonfim_capa.jpg\"><img data-recalc-dims=\"1\" fetchpriority=\"high\" decoding=\"async\" class=\"wp-image-14560 size-medium alignleft\" src=\"https:\/\/i0.wp.com\/blogdoeloiltoncajuhy.com.br\/site\/wp-content\/uploads\/2017\/01\/Festa-Senhor-do-Bonfim_capa.jpg?resize=212%2C300\" width=\"212\" height=\"300\" srcset=\"https:\/\/i0.wp.com\/blogdoeloiltoncajuhy.com.br\/site\/wp-content\/uploads\/2017\/01\/Festa-Senhor-do-Bonfim_capa.jpg?resize=212%2C300&amp;ssl=1 212w, https:\/\/i0.wp.com\/blogdoeloiltoncajuhy.com.br\/site\/wp-content\/uploads\/2017\/01\/Festa-Senhor-do-Bonfim_capa.jpg?resize=177%2C250&amp;ssl=1 177w, https:\/\/i0.wp.com\/blogdoeloiltoncajuhy.com.br\/site\/wp-content\/uploads\/2017\/01\/Festa-Senhor-do-Bonfim_capa.jpg?w=678&amp;ssl=1 678w\" sizes=\"(max-width: 212px) 100vw, 212px\" \/><\/a>Prossegue neste s\u00e1bado (14), o noven\u00e1rio preparat\u00f3rio para a grande festa do Padroeiro de nossa cidade, Senhor do Bonfim. Os eventos come\u00e7am \u00e0s 7h da manh\u00e3 com <strong><em>Santa Missa pelos prisioneiros<\/em><\/strong>.<\/p>\n<p><strong>Confira a programa\u00e7\u00e3o completa:<\/strong><\/p>\n<p><strong>7h &#8211; Santa Missa pelos prisioneiros &#8211;<\/strong> Respons\u00e1veis: Ministros Extraordin\u00e1rios da Comunh\u00e3o.<\/p>\n<p><strong>19h30 &#8211;<\/strong> Celebra\u00e7\u00e3o da Novena.<\/p>\n<p><strong>Tema:<\/strong> Maria, M\u00e3e da consola\u00e7\u00e3o.<\/p>\n<p><strong>Pregador:<\/strong> Padre Edinei Fantoni.<\/p>\n<p><strong>Noiteiros:<\/strong> Par\u00f3quia do Sagrado Cora\u00e7\u00e3o de Jesus (Antonio Gon\u00e7alves), S\u00e3o Sebasti\u00e3o (Filad\u00e9lfia) e Nossa Senhora de F\u00e1tima (Ponto Novo); Comunidades da Olaria, Tijua\u00e7u e Tanquinho; Movimento da M\u00e3e Rainha, Pastorais Vocacional e Mission\u00e1ria; R\u00e1dios Cara\u00edba e Rainha FM; Liga Desportiva e Detran.<\/p>\n<p><em>*BLOG DO ELOILTON CAJUHY<\/em><\/p>\n","protected":false},"excerpt":{"rendered":"<p>Prossegue neste s\u00e1bado (14), o noven\u00e1rio preparat\u00f3rio para a grande festa do Padroeiro de nossa cidade, Senhor do Bonfim. Os eventos come\u00e7am \u00e0s 7h da manh\u00e3 com Santa Missa pelos prisioneiros. Confira a programa\u00e7\u00e3o completa: 7h &#8211; Santa Missa pelos prisioneiros &#8211; Respons\u00e1veis: Ministros Extraordin\u00e1rios da Comunh\u00e3o. 19h30 &#8211; Celebra\u00e7\u00e3o da Novena. Tema: Maria, M\u00e3e [&hellip;]<\/p>\n","protected":false},"author":2,"featured_media":0,"comment_status":"open","ping_status":"open","sticky":false,"template":"","format":"standard","meta":{"_acf_changed":false,"_monsterinsights_skip_tracking":false,"_monsterinsights_sitenote_active":false,"_monsterinsights_sitenote_note":"","_monsterinsights_sitenote_category":0,"_jetpack_memberships_contains_paid_content":false,"footnotes":"","jetpack_publicize_message":"","jetpack_publicize_feature_enabled":true,"jetpack_social_post_already_shared":true,"jetpack_social_options":{"image_generator_settings":{"template":"highway","default_image_id":0,"font":"","enabled":false},"version":2}},"categories":[1,4],"tags":[],"class_list":["post-14734","post","type-post","status-publish","format-standard","hentry","category-noticias","category-local"],"acf":[],"jetpack_publicize_connections":[],"jetpack_featured_media_url":"","jetpack_sharing_enabled":true,"publishpress_future_workflow_manual_trigger":{"enabledWorkflows":[]},"_links":{"self":[{"href":"https:\/\/blogdoeloiltoncajuhy.com.br\/site\/wp-json\/wp\/v2\/posts\/14734","targetHints":{"allow":["GET"]}}],"collection":[{"href":"https:\/\/blogdoeloiltoncajuhy.com.br\/site\/wp-json\/wp\/v2\/posts"}],"about":[{"href":"https:\/\/blogdoeloiltoncajuhy.com.br\/site\/wp-json\/wp\/v2\/types\/post"}],"author":[{"embeddable":true,"href":"https:\/\/blogdoeloiltoncajuhy.com.br\/site\/wp-json\/wp\/v2\/users\/2"}],"replies":[{"embeddable":true,"href":"https:\/\/blogdoeloiltoncajuhy.com.br\/site\/wp-json\/wp\/v2\/comments?post=14734"}],"version-history":[{"count":2,"href":"https:\/\/blogdoeloiltoncajuhy.com.br\/site\/wp-json\/wp\/v2\/posts\/14734\/revisions"}],"predecessor-version":[{"id":14741,"href":"https:\/\/blogdoeloiltoncajuhy.com.br\/site\/wp-json\/wp\/v2\/posts\/14734\/revisions\/14741"}],"wp:attachment":[{"href":"https:\/\/blogdoeloiltoncajuhy.com.br\/site\/wp-json\/wp\/v2\/media?parent=14734"}],"wp:term":[{"taxonomy":"category","embeddable":true,"href":"https:\/\/blogdoeloiltoncajuhy.com.br\/site\/wp-json\/wp\/v2\/categories?post=14734"},{"taxonomy":"post_tag","embeddable":true,"href":"https:\/\/blogdoeloiltoncajuhy.com.br\/site\/wp-json\/wp\/v2\/tags?post=14734"}],"curies":[{"name":"wp","href":"https:\/\/api.w.org\/{rel}","templated":true}]}}