{"id":14732,"date":"2017-01-13T19:46:25","date_gmt":"2017-01-13T22:46:25","guid":{"rendered":"http:\/\/blogdoeloiltoncajuhy.com.br\/site\/?p=14732"},"modified":"2017-01-13T19:46:25","modified_gmt":"2017-01-13T22:46:25","slug":"comece-o-sabado-meditando-eu-nao-vim-para-chamar-justos-mas-sim-pecadores-mc-213-17","status":"publish","type":"post","link":"https:\/\/blogdoeloiltoncajuhy.com.br\/site\/comece-o-sabado-meditando-eu-nao-vim-para-chamar-justos-mas-sim-pecadores-mc-213-17\/","title":{"rendered":"COMECE O S\u00c1BADO MEDITANDO: &#8220;Eu n\u00e3o vim para chamar justos, mas sim pecadores&#8221; &#8211; Mc 2,13-17"},"content":{"rendered":"<p><a href=\"https:\/\/i0.wp.com\/blogdoeloiltoncajuhy.com.br\/site\/wp-content\/uploads\/2015\/10\/liturgia_diaria.jpg\"><img data-recalc-dims=\"1\" fetchpriority=\"high\" decoding=\"async\" class=\"aligncenter wp-image-4757 size-medium\" src=\"https:\/\/i0.wp.com\/blogdoeloiltoncajuhy.com.br\/site\/wp-content\/uploads\/2015\/10\/liturgia_diaria.jpg?resize=300%2C227\" width=\"300\" height=\"227\" srcset=\"https:\/\/i0.wp.com\/blogdoeloiltoncajuhy.com.br\/site\/wp-content\/uploads\/2015\/10\/liturgia_diaria.jpg?resize=300%2C227&amp;ssl=1 300w, https:\/\/i0.wp.com\/blogdoeloiltoncajuhy.com.br\/site\/wp-content\/uploads\/2015\/10\/liturgia_diaria.jpg?resize=250%2C189&amp;ssl=1 250w, https:\/\/i0.wp.com\/blogdoeloiltoncajuhy.com.br\/site\/wp-content\/uploads\/2015\/10\/liturgia_diaria.jpg?w=449&amp;ssl=1 449w\" sizes=\"(max-width: 300px) 100vw, 300px\" \/><\/a>Naquele tempo, Jesus saiu de novo para a beira mar. Toda a multid\u00e3o ia a seu encontro, e Jesus os ensinava. Enquanto passava, Jesus viu Levi, o filho de Alfeu, sentado na coletoria de impostos, e disse-lhe: \u201cSegue-me!\u201d Levi se levantou e o seguiu.<\/p>\n<p>E aconteceu que, estando \u00e0 mesa na casa de Levi, muitos cobradores de impostos e pecadores tamb\u00e9m estavam \u00e0 mesa com Jesus e seus disc\u00edpulos. Com efeito, eram muitos os que o seguiam.<\/p>\n<p>Alguns doutores da Lei, que eram fariseus, viram que Jesus estava comendo com pecadores e cobradores de impostos. Ent\u00e3o eles perguntaram aos disc\u00edpulos: \u201cPor que ele come com cobradores de impostos e pecadores?\u201d<\/p>\n<p>Tendo ouvido, Jesus respondeu-lhes: \u201cN\u00e3o s\u00e3o as pessoas sadias que precisam de m\u00e9dico, mas as doentes. Eu n\u00e3o vim para chamar justos, mas sim pecadores\u201d.<\/p>\n<p><strong><em>*<a href=\"http:\/\/liturgia.cancaonova.com\/liturgia\/1a-semana-comum-sabado-14012017\/\">Can\u00e7\u00e3o Nova<\/a><\/em><\/strong><\/p>\n","protected":false},"excerpt":{"rendered":"<p>Naquele tempo, Jesus saiu de novo para a beira mar. Toda a multid\u00e3o ia a seu encontro, e Jesus os ensinava. Enquanto passava, Jesus viu Levi, o filho de Alfeu, sentado na coletoria de impostos, e disse-lhe: \u201cSegue-me!\u201d Levi se levantou e o seguiu. E aconteceu que, estando \u00e0 mesa na casa de Levi, muitos [&hellip;]<\/p>\n","protected":false},"author":2,"featured_media":0,"comment_status":"open","ping_status":"open","sticky":false,"template":"","format":"standard","meta":{"_acf_changed":false,"_monsterinsights_skip_tracking":false,"_monsterinsights_sitenote_active":false,"_monsterinsights_sitenote_note":"","_monsterinsights_sitenote_category":0,"_jetpack_memberships_contains_paid_content":false,"footnotes":"","jetpack_publicize_message":"","jetpack_publicize_feature_enabled":true,"jetpack_social_post_already_shared":true,"jetpack_social_options":{"image_generator_settings":{"template":"highway","default_image_id":0,"font":"","enabled":false},"version":2}},"categories":[1,9],"tags":[],"class_list":["post-14732","post","type-post","status-publish","format-standard","hentry","category-noticias","category-reflexao"],"acf":[],"jetpack_publicize_connections":[],"jetpack_featured_media_url":"","jetpack_sharing_enabled":true,"publishpress_future_workflow_manual_trigger":{"enabledWorkflows":[]},"_links":{"self":[{"href":"https:\/\/blogdoeloiltoncajuhy.com.br\/site\/wp-json\/wp\/v2\/posts\/14732","targetHints":{"allow":["GET"]}}],"collection":[{"href":"https:\/\/blogdoeloiltoncajuhy.com.br\/site\/wp-json\/wp\/v2\/posts"}],"about":[{"href":"https:\/\/blogdoeloiltoncajuhy.com.br\/site\/wp-json\/wp\/v2\/types\/post"}],"author":[{"embeddable":true,"href":"https:\/\/blogdoeloiltoncajuhy.com.br\/site\/wp-json\/wp\/v2\/users\/2"}],"replies":[{"embeddable":true,"href":"https:\/\/blogdoeloiltoncajuhy.com.br\/site\/wp-json\/wp\/v2\/comments?post=14732"}],"version-history":[{"count":1,"href":"https:\/\/blogdoeloiltoncajuhy.com.br\/site\/wp-json\/wp\/v2\/posts\/14732\/revisions"}],"predecessor-version":[{"id":14733,"href":"https:\/\/blogdoeloiltoncajuhy.com.br\/site\/wp-json\/wp\/v2\/posts\/14732\/revisions\/14733"}],"wp:attachment":[{"href":"https:\/\/blogdoeloiltoncajuhy.com.br\/site\/wp-json\/wp\/v2\/media?parent=14732"}],"wp:term":[{"taxonomy":"category","embeddable":true,"href":"https:\/\/blogdoeloiltoncajuhy.com.br\/site\/wp-json\/wp\/v2\/categories?post=14732"},{"taxonomy":"post_tag","embeddable":true,"href":"https:\/\/blogdoeloiltoncajuhy.com.br\/site\/wp-json\/wp\/v2\/tags?post=14732"}],"curies":[{"name":"wp","href":"https:\/\/api.w.org\/{rel}","templated":true}]}}