{"id":14729,"date":"2017-01-13T19:41:13","date_gmt":"2017-01-13T22:41:13","guid":{"rendered":"http:\/\/blogdoeloiltoncajuhy.com.br\/site\/?p=14729"},"modified":"2017-01-13T19:41:13","modified_gmt":"2017-01-13T22:41:13","slug":"andorinha-prefeito-recebe-representantes-de-empresa-que-ira-construir-aterro-sanitario-em-bonfim","status":"publish","type":"post","link":"https:\/\/blogdoeloiltoncajuhy.com.br\/site\/andorinha-prefeito-recebe-representantes-de-empresa-que-ira-construir-aterro-sanitario-em-bonfim\/","title":{"rendered":"ANDORINHA: Prefeito recebe representantes de empresa que ir\u00e1 construir aterro sanit\u00e1rio em Bonfim"},"content":{"rendered":"<p><a href=\"https:\/\/i0.wp.com\/blogdoeloiltoncajuhy.com.br\/site\/wp-content\/uploads\/2017\/01\/renato-e1484347249527.png\"><img data-recalc-dims=\"1\" fetchpriority=\"high\" decoding=\"async\" class=\"aligncenter size-full wp-image-14730\" src=\"https:\/\/i0.wp.com\/blogdoeloiltoncajuhy.com.br\/site\/wp-content\/uploads\/2017\/01\/renato-e1484347249527.png?resize=600%2C300\" alt=\"\" width=\"600\" height=\"300\" \/><\/a>O Prefeito de Andorinha, Renato Brand\u00e3o, foi recebido na quinta-feira (12), pelos diretores do Centro de Tratamento e Coleta de Res\u00edduos Norte da Bahia (Cetren). A Cetren Ambiental comp\u00f5e o grupo EXA, respons\u00e1vel pela constru\u00e7\u00e3o e administra\u00e7\u00e3o do aterro sanit\u00e1rio de Iti\u00faba.<\/p>\n<p>O objetivo do encontro foi conhecer o projeto que a empresa est\u00e1 anunciando para os pr\u00f3ximos meses construir\u00a0um moderno aterro sanit\u00e1rio e uma usina para produ\u00e7\u00e3o de combust\u00edvel solido em Senhor do Bonfim.<\/p>\n<p>Em funcionamento, o projeto da Cetren vai possibilitar a todos os munic\u00edpios do Territ\u00f3rio do Piemonte Norte do Itapicuru a possibilidade de um descarte do lixo urbano s\u00f3lido de forma adequada e ambientalmente correta. Al\u00e9m da produ\u00e7\u00e3o de combust\u00edvel para uso industrial.<\/p>\n<p>\u201cO lix\u00e3o \u00e9 uma forma inadequada de disposi\u00e7\u00e3o final de res\u00edduos s\u00f3lidos. Entrando em decomposi\u00e7\u00e3o, voc\u00ea tem chorume, voc\u00ea tem gases e isso se torna um ambiente extremamente nocivo e poluidor para o solo, para a \u00e1gua subterr\u00e2nea, para os rios pr\u00f3ximos e tamb\u00e9m para a atmosfera. Muito interessante esse projeto de receber e tratar o lixo da Cetren Ambiental\u201d, disse Renato Brand\u00e3o, Prefeito de Andorinha.<\/p>\n<p>A empresa est\u00e1 anunciando um investimento de mais de R$ 30 milh\u00f5es de reais e a gera\u00e7\u00e3o de dezenas de empregos no empreendimento, que obedece todas as normas ambientais vigentes no Brasil. O composto que produzir\u00e1 o combust\u00edvel mineral levar\u00e1 30% de res\u00edduos provenientes do lixo e os 70% restantes ser\u00e1 composto por res\u00edduos produzidos por diversas ind\u00fastrias.<\/p>\n<p>Uma lei federal prorrogou at\u00e9 agosto de 2018 o prazo para que todos os munic\u00edpios brasileiros se adequem \u00e0s regras de gerenciamento de res\u00edduos s\u00f3lidos. A pol\u00edtica Nacional de Res\u00edduos S\u00f3lidos foi aprovada em 2010 e determina que todos os lix\u00f5es do pa\u00eds deveriam ter sido fechados at\u00e9 2 de agosto de 2014.<\/p>\n<p><em>*Ascom Prefeitura Municipal de Andorinha<\/em><\/p>\n","protected":false},"excerpt":{"rendered":"<p>O Prefeito de Andorinha, Renato Brand\u00e3o, foi recebido na quinta-feira (12), pelos diretores do Centro de Tratamento e Coleta de Res\u00edduos Norte da Bahia (Cetren). A Cetren Ambiental comp\u00f5e o grupo EXA, respons\u00e1vel pela constru\u00e7\u00e3o e administra\u00e7\u00e3o do aterro sanit\u00e1rio de Iti\u00faba. O objetivo do encontro foi conhecer o projeto que a empresa est\u00e1 anunciando [&hellip;]<\/p>\n","protected":false},"author":2,"featured_media":14730,"comment_status":"open","ping_status":"open","sticky":false,"template":"","format":"standard","meta":{"_acf_changed":false,"_monsterinsights_skip_tracking":false,"_monsterinsights_sitenote_active":false,"_monsterinsights_sitenote_note":"","_monsterinsights_sitenote_category":0,"_jetpack_memberships_contains_paid_content":false,"footnotes":"","jetpack_publicize_message":"","jetpack_publicize_feature_enabled":true,"jetpack_social_post_already_shared":true,"jetpack_social_options":{"image_generator_settings":{"template":"highway","default_image_id":0,"font":"","enabled":false},"version":2}},"categories":[1,3,11],"tags":[],"class_list":["post-14729","post","type-post","status-publish","format-standard","has-post-thumbnail","hentry","category-noticias","category-politica","category-regional"],"acf":[],"jetpack_publicize_connections":[],"jetpack_featured_media_url":"https:\/\/i0.wp.com\/blogdoeloiltoncajuhy.com.br\/site\/wp-content\/uploads\/2017\/01\/renato-e1484347249527.png?fit=600%2C300&ssl=1","jetpack_sharing_enabled":true,"publishpress_future_workflow_manual_trigger":{"enabledWorkflows":[]},"_links":{"self":[{"href":"https:\/\/blogdoeloiltoncajuhy.com.br\/site\/wp-json\/wp\/v2\/posts\/14729","targetHints":{"allow":["GET"]}}],"collection":[{"href":"https:\/\/blogdoeloiltoncajuhy.com.br\/site\/wp-json\/wp\/v2\/posts"}],"about":[{"href":"https:\/\/blogdoeloiltoncajuhy.com.br\/site\/wp-json\/wp\/v2\/types\/post"}],"author":[{"embeddable":true,"href":"https:\/\/blogdoeloiltoncajuhy.com.br\/site\/wp-json\/wp\/v2\/users\/2"}],"replies":[{"embeddable":true,"href":"https:\/\/blogdoeloiltoncajuhy.com.br\/site\/wp-json\/wp\/v2\/comments?post=14729"}],"version-history":[{"count":1,"href":"https:\/\/blogdoeloiltoncajuhy.com.br\/site\/wp-json\/wp\/v2\/posts\/14729\/revisions"}],"predecessor-version":[{"id":14731,"href":"https:\/\/blogdoeloiltoncajuhy.com.br\/site\/wp-json\/wp\/v2\/posts\/14729\/revisions\/14731"}],"wp:featuredmedia":[{"embeddable":true,"href":"https:\/\/blogdoeloiltoncajuhy.com.br\/site\/wp-json\/wp\/v2\/media\/14730"}],"wp:attachment":[{"href":"https:\/\/blogdoeloiltoncajuhy.com.br\/site\/wp-json\/wp\/v2\/media?parent=14729"}],"wp:term":[{"taxonomy":"category","embeddable":true,"href":"https:\/\/blogdoeloiltoncajuhy.com.br\/site\/wp-json\/wp\/v2\/categories?post=14729"},{"taxonomy":"post_tag","embeddable":true,"href":"https:\/\/blogdoeloiltoncajuhy.com.br\/site\/wp-json\/wp\/v2\/tags?post=14729"}],"curies":[{"name":"wp","href":"https:\/\/api.w.org\/{rel}","templated":true}]}}