{"id":14725,"date":"2017-01-13T18:58:23","date_gmt":"2017-01-13T21:58:23","guid":{"rendered":"http:\/\/blogdoeloiltoncajuhy.com.br\/site\/?p=14725"},"modified":"2017-01-13T18:58:23","modified_gmt":"2017-01-13T21:58:23","slug":"bonfim-camara-de-vereadores-aprova-projeto-do-prefeito-que-reduz-secretarias-e-moderniza-estrutura","status":"publish","type":"post","link":"https:\/\/blogdoeloiltoncajuhy.com.br\/site\/bonfim-camara-de-vereadores-aprova-projeto-do-prefeito-que-reduz-secretarias-e-moderniza-estrutura\/","title":{"rendered":"BONFIM: C\u00e2mara de Vereadores aprova projeto do Prefeito que reduz Secretarias e moderniza estrutura"},"content":{"rendered":"<p><a href=\"https:\/\/i0.wp.com\/blogdoeloiltoncajuhy.com.br\/site\/wp-content\/uploads\/2017\/01\/PL-01_2017-1.jpg\"><img data-recalc-dims=\"1\" fetchpriority=\"high\" decoding=\"async\" class=\"aligncenter size-full wp-image-14726\" src=\"https:\/\/i0.wp.com\/blogdoeloiltoncajuhy.com.br\/site\/wp-content\/uploads\/2017\/01\/PL-01_2017-1.jpg?resize=600%2C400\" alt=\"\" width=\"600\" height=\"400\" srcset=\"https:\/\/i0.wp.com\/blogdoeloiltoncajuhy.com.br\/site\/wp-content\/uploads\/2017\/01\/PL-01_2017-1.jpg?w=600&amp;ssl=1 600w, https:\/\/i0.wp.com\/blogdoeloiltoncajuhy.com.br\/site\/wp-content\/uploads\/2017\/01\/PL-01_2017-1.jpg?resize=300%2C200&amp;ssl=1 300w, https:\/\/i0.wp.com\/blogdoeloiltoncajuhy.com.br\/site\/wp-content\/uploads\/2017\/01\/PL-01_2017-1.jpg?resize=250%2C167&amp;ssl=1 250w\" sizes=\"(max-width: 600px) 100vw, 600px\" \/><\/a>Aconteceu nesta quinta-feira (12), na c\u00e2mara de vereadores, uma sess\u00e3o extraordin\u00e1ria que analisou, votou e aprovou o primeiro projeto de lei n\u00ba 01\/2017. Por 12 votos favor\u00e1veis e um contra, o projeto de lei encaminhado pelo executivo municipal na ultima ter\u00e7a-feira (10) tem o intuito de agrupar e extinguir secretarias municipais, al\u00e9m de estabelecer finalidades e compet\u00eancias de novas pastas.<\/p>\n<p>O PL\u00a0n\u00b001\/2017 apresenta diversas mudan\u00e7as, entre elas a reestrutura\u00e7\u00e3o do organograma da prefeitura, reativando a Secretaria de Cultura, alterando a nomenclatura da antiga Ind\u00fastria e Com\u00e9rcio para Desenvolvimento Econ\u00f4mico, Turismo e Esporte e desmembrando a Secretaria de Agricultura em duas pastas: uma para atender o agroneg\u00f3cio e outra para atender a agricultura familiar. Mesmo com essas altera\u00e7\u00f5es o numero de secretarias diminui de 12 para 10.<\/p>\n<p>Com a aprova\u00e7\u00e3o do projeto, o novo organograma de secretarias de governo fica da seguinte maneira: Secretaria de Sa\u00fade; Secretaria de Educa\u00e7\u00e3o; Secretaria de A\u00e7\u00e3o e Desenvolvimento Social; Secretaria de Finan\u00e7as e planejamento; Secretaria de Cultura; Secretaria de Desenvolvimento da Agricultura Familiar, Secretaria de Desenvolvimento da Agropecu\u00e1ria; Secretaria de Desenvolvimento Econ\u00f4mico, Secretaria de Turismo e Esporte; Secretaria de Administra\u00e7\u00e3o e Transporte Urbano; Secretaria de Infraestrutura e Meio Ambiente.<\/p>\n<p>O Vice-prefeito Z\u00e9 Ant\u00f4nio e secret\u00e1rios de governo acompanharam a vota\u00e7\u00e3o, entre eles: de Sa\u00fade \u2013 Angeli Matos, de Educa\u00e7\u00e3o \u2013 Cristiane Maia, de A\u00e7\u00e3o e Desenvolvimento Social \u2013 Vera Magalh\u00e3es, de Finan\u00e7as e Planejamento \u2013 Benito Brasileiro, de Cultura \u2013 Rodrigo Wanderley, de Desenvolvimento da Agricultura Familiar \u2013 Damiana Duarte, de Desenvolvimento da Agropecu\u00e1ria \u2013 Fabio Cedraz e de Administra\u00e7\u00e3o \u2013 Cl\u00e1udio Nunes, Idelson Benedito \u2013 Controle Interno, Gilvan Almeida, advogado.<\/p>\n<p><a href=\"https:\/\/i0.wp.com\/blogdoeloiltoncajuhy.com.br\/site\/wp-content\/uploads\/2017\/01\/PL-01_2017-2-e1484344688726.jpg\"><img data-recalc-dims=\"1\" decoding=\"async\" class=\"aligncenter size-full wp-image-14727\" src=\"https:\/\/i0.wp.com\/blogdoeloiltoncajuhy.com.br\/site\/wp-content\/uploads\/2017\/01\/PL-01_2017-2-e1484344688726.jpg?resize=600%2C400\" alt=\"\" width=\"600\" height=\"400\" \/><\/a>Vereadores que votaram a favor do Projeto: Cleiton Vieira, Mimo, Reinaldo Jos\u00e9, Eliseu dos Temperos, Carlos de Tijua\u00e7u, Pebinha, Andreilton Almeida, Lucia Cerqueira, Geri, Tavinho, Deto do Quic\u00e9 e Dr.Jorginho. Voto contra: La\u00e9rcio Muniz Junior. Ausente: Moge. O presidente R\u00ea do Sindicato s\u00f3 votaria no caso de empate.<\/p>\n<p><em>*Ascom Prefeitura Municipal de Senhor do Bonfim<\/em><\/p>\n","protected":false},"excerpt":{"rendered":"<p>Aconteceu nesta quinta-feira (12), na c\u00e2mara de vereadores, uma sess\u00e3o extraordin\u00e1ria que analisou, votou e aprovou o primeiro projeto de lei n\u00ba 01\/2017. Por 12 votos favor\u00e1veis e um contra, o projeto de lei encaminhado pelo executivo municipal na ultima ter\u00e7a-feira (10) tem o intuito de agrupar e extinguir secretarias municipais, al\u00e9m de estabelecer finalidades [&hellip;]<\/p>\n","protected":false},"author":2,"featured_media":14727,"comment_status":"open","ping_status":"open","sticky":false,"template":"","format":"standard","meta":{"_acf_changed":false,"_monsterinsights_skip_tracking":false,"_monsterinsights_sitenote_active":false,"_monsterinsights_sitenote_note":"","_monsterinsights_sitenote_category":0,"_jetpack_memberships_contains_paid_content":false,"footnotes":"","jetpack_publicize_message":"","jetpack_publicize_feature_enabled":true,"jetpack_social_post_already_shared":true,"jetpack_social_options":{"image_generator_settings":{"template":"highway","default_image_id":0,"font":"","enabled":false},"version":2}},"categories":[1,3,4],"tags":[],"class_list":["post-14725","post","type-post","status-publish","format-standard","has-post-thumbnail","hentry","category-noticias","category-politica","category-local"],"acf":[],"jetpack_publicize_connections":[],"jetpack_featured_media_url":"https:\/\/i0.wp.com\/blogdoeloiltoncajuhy.com.br\/site\/wp-content\/uploads\/2017\/01\/PL-01_2017-2-e1484344688726.jpg?fit=600%2C400&ssl=1","jetpack_sharing_enabled":true,"publishpress_future_workflow_manual_trigger":{"enabledWorkflows":[]},"_links":{"self":[{"href":"https:\/\/blogdoeloiltoncajuhy.com.br\/site\/wp-json\/wp\/v2\/posts\/14725","targetHints":{"allow":["GET"]}}],"collection":[{"href":"https:\/\/blogdoeloiltoncajuhy.com.br\/site\/wp-json\/wp\/v2\/posts"}],"about":[{"href":"https:\/\/blogdoeloiltoncajuhy.com.br\/site\/wp-json\/wp\/v2\/types\/post"}],"author":[{"embeddable":true,"href":"https:\/\/blogdoeloiltoncajuhy.com.br\/site\/wp-json\/wp\/v2\/users\/2"}],"replies":[{"embeddable":true,"href":"https:\/\/blogdoeloiltoncajuhy.com.br\/site\/wp-json\/wp\/v2\/comments?post=14725"}],"version-history":[{"count":1,"href":"https:\/\/blogdoeloiltoncajuhy.com.br\/site\/wp-json\/wp\/v2\/posts\/14725\/revisions"}],"predecessor-version":[{"id":14728,"href":"https:\/\/blogdoeloiltoncajuhy.com.br\/site\/wp-json\/wp\/v2\/posts\/14725\/revisions\/14728"}],"wp:featuredmedia":[{"embeddable":true,"href":"https:\/\/blogdoeloiltoncajuhy.com.br\/site\/wp-json\/wp\/v2\/media\/14727"}],"wp:attachment":[{"href":"https:\/\/blogdoeloiltoncajuhy.com.br\/site\/wp-json\/wp\/v2\/media?parent=14725"}],"wp:term":[{"taxonomy":"category","embeddable":true,"href":"https:\/\/blogdoeloiltoncajuhy.com.br\/site\/wp-json\/wp\/v2\/categories?post=14725"},{"taxonomy":"post_tag","embeddable":true,"href":"https:\/\/blogdoeloiltoncajuhy.com.br\/site\/wp-json\/wp\/v2\/tags?post=14725"}],"curies":[{"name":"wp","href":"https:\/\/api.w.org\/{rel}","templated":true}]}}