{"id":14719,"date":"2017-01-13T18:45:17","date_gmt":"2017-01-13T21:45:17","guid":{"rendered":"http:\/\/blogdoeloiltoncajuhy.com.br\/site\/?p=14719"},"modified":"2017-01-13T18:45:17","modified_gmt":"2017-01-13T21:45:17","slug":"geddel-fazia-parte-de-uma-verdadeira-organizacao-criminosa-diz-mpf","status":"publish","type":"post","link":"https:\/\/blogdoeloiltoncajuhy.com.br\/site\/geddel-fazia-parte-de-uma-verdadeira-organizacao-criminosa-diz-mpf\/","title":{"rendered":"Geddel fazia parte de uma verdadeira organiza\u00e7\u00e3o criminosa, diz MPF"},"content":{"rendered":"<p><a href=\"https:\/\/i0.wp.com\/blogdoeloiltoncajuhy.com.br\/site\/wp-content\/uploads\/2017\/01\/geddel2.jpg\"><img data-recalc-dims=\"1\" fetchpriority=\"high\" decoding=\"async\" class=\"aligncenter size-full wp-image-14720\" src=\"https:\/\/i0.wp.com\/blogdoeloiltoncajuhy.com.br\/site\/wp-content\/uploads\/2017\/01\/geddel2.jpg?resize=620%2C465\" alt=\"\" width=\"620\" height=\"465\" srcset=\"https:\/\/i0.wp.com\/blogdoeloiltoncajuhy.com.br\/site\/wp-content\/uploads\/2017\/01\/geddel2.jpg?w=620&amp;ssl=1 620w, https:\/\/i0.wp.com\/blogdoeloiltoncajuhy.com.br\/site\/wp-content\/uploads\/2017\/01\/geddel2.jpg?resize=300%2C225&amp;ssl=1 300w, https:\/\/i0.wp.com\/blogdoeloiltoncajuhy.com.br\/site\/wp-content\/uploads\/2017\/01\/geddel2.jpg?resize=250%2C188&amp;ssl=1 250w\" sizes=\"(max-width: 620px) 100vw, 620px\" \/><\/a>Em seu pedido de busca e apreens\u00e3o \u00e0 10\u00aa Vara Federal de Bras\u00edlia, o Minist\u00e9rio P\u00fablico Federal afirma que o ex-ministro Geddel Vieira Lima (PMDB) fazia parte &#8220;de uma verdadeira organiza\u00e7\u00e3o criminosa&#8221;.<\/p>\n<p>A Pol\u00edcia Federal cumpriu mandados de busca e apreens\u00e3o em im\u00f3veis de Geddel, nesta sexta-feira (13), em Salvador. Agentes estiveram, de manh\u00e3, no edif\u00edcio Pedra do Valle, no Jardim Apipema, e em uma casa, no bairro Interlagos. Os mandados foram cumpridos por ordem do juiz federal Vallisney de Souza Oliveira.<\/p>\n<p>Geddel, que foi ministro nos governos do ex-presidente Luiz In\u00e1cio Lula da Silva e de Michel Temer, \u00e9 suspeito de participar de um esquema de fraude na libera\u00e7\u00e3o de recursos da Caixa Econ\u00f4mica Federal para empresas entre 2011 e 2013, per\u00edodo em que foi vice-presidente de Pessoa Jur\u00eddica do banco, em troca de &#8220;vantagens il\u00edcitas&#8221;.<\/p>\n<p>&#8220;A fundamenta\u00e7\u00e3o apresentada pela autoridade policial \u00e9 bastante consistente, sendo os fatos narrados na representa\u00e7\u00e3o indicativos de que os investigados Geddel Vieira Lima, Marcos Roberto Vasconcelos, Jos\u00e9 Henrique Marques da Cruz, e Marcos Antonio Molina dos Santos faziam parte de uma verdadeira organiza\u00e7\u00e3o criminosa&#8221;, afirma no documento o procurador da Rep\u00fablica Anselmo Henrique Cordeiro Lopes.<\/p>\n<p>Em nota, a Caixa diz &#8220;que o banco est\u00e1 em contato permanente com as autoridades, prestando irrestrita colabora\u00e7\u00e3o com as investiga\u00e7\u00f5es, procedimento que continuar\u00e1 sendo adotado pela Caixa&#8221;.<\/p>\n<p>Geddel \u00e9 suspeito dos crimes de corrup\u00e7\u00e3o, lavagem de dinheiro e forma\u00e7\u00e3o de quadrilha.<\/p>\n<p><em>*UOL<\/em><\/p>\n","protected":false},"excerpt":{"rendered":"<p>Em seu pedido de busca e apreens\u00e3o \u00e0 10\u00aa Vara Federal de Bras\u00edlia, o Minist\u00e9rio P\u00fablico Federal afirma que o ex-ministro Geddel Vieira Lima (PMDB) fazia parte &#8220;de uma verdadeira organiza\u00e7\u00e3o criminosa&#8221;. A Pol\u00edcia Federal cumpriu mandados de busca e apreens\u00e3o em im\u00f3veis de Geddel, nesta sexta-feira (13), em Salvador. Agentes estiveram, de manh\u00e3, no [&hellip;]<\/p>\n","protected":false},"author":2,"featured_media":14720,"comment_status":"open","ping_status":"open","sticky":false,"template":"","format":"standard","meta":{"_acf_changed":false,"_monsterinsights_skip_tracking":false,"_monsterinsights_sitenote_active":false,"_monsterinsights_sitenote_note":"","_monsterinsights_sitenote_category":0,"_jetpack_memberships_contains_paid_content":false,"footnotes":"","jetpack_publicize_message":"","jetpack_publicize_feature_enabled":true,"jetpack_social_post_already_shared":true,"jetpack_social_options":{"image_generator_settings":{"template":"highway","default_image_id":0,"font":"","enabled":false},"version":2}},"categories":[1,3],"tags":[],"class_list":["post-14719","post","type-post","status-publish","format-standard","has-post-thumbnail","hentry","category-noticias","category-politica"],"acf":[],"jetpack_publicize_connections":[],"jetpack_featured_media_url":"https:\/\/i0.wp.com\/blogdoeloiltoncajuhy.com.br\/site\/wp-content\/uploads\/2017\/01\/geddel2.jpg?fit=620%2C465&ssl=1","jetpack_sharing_enabled":true,"publishpress_future_workflow_manual_trigger":{"enabledWorkflows":[]},"_links":{"self":[{"href":"https:\/\/blogdoeloiltoncajuhy.com.br\/site\/wp-json\/wp\/v2\/posts\/14719","targetHints":{"allow":["GET"]}}],"collection":[{"href":"https:\/\/blogdoeloiltoncajuhy.com.br\/site\/wp-json\/wp\/v2\/posts"}],"about":[{"href":"https:\/\/blogdoeloiltoncajuhy.com.br\/site\/wp-json\/wp\/v2\/types\/post"}],"author":[{"embeddable":true,"href":"https:\/\/blogdoeloiltoncajuhy.com.br\/site\/wp-json\/wp\/v2\/users\/2"}],"replies":[{"embeddable":true,"href":"https:\/\/blogdoeloiltoncajuhy.com.br\/site\/wp-json\/wp\/v2\/comments?post=14719"}],"version-history":[{"count":1,"href":"https:\/\/blogdoeloiltoncajuhy.com.br\/site\/wp-json\/wp\/v2\/posts\/14719\/revisions"}],"predecessor-version":[{"id":14721,"href":"https:\/\/blogdoeloiltoncajuhy.com.br\/site\/wp-json\/wp\/v2\/posts\/14719\/revisions\/14721"}],"wp:featuredmedia":[{"embeddable":true,"href":"https:\/\/blogdoeloiltoncajuhy.com.br\/site\/wp-json\/wp\/v2\/media\/14720"}],"wp:attachment":[{"href":"https:\/\/blogdoeloiltoncajuhy.com.br\/site\/wp-json\/wp\/v2\/media?parent=14719"}],"wp:term":[{"taxonomy":"category","embeddable":true,"href":"https:\/\/blogdoeloiltoncajuhy.com.br\/site\/wp-json\/wp\/v2\/categories?post=14719"},{"taxonomy":"post_tag","embeddable":true,"href":"https:\/\/blogdoeloiltoncajuhy.com.br\/site\/wp-json\/wp\/v2\/tags?post=14719"}],"curies":[{"name":"wp","href":"https:\/\/api.w.org\/{rel}","templated":true}]}}