{"id":14704,"date":"2017-01-12T20:47:33","date_gmt":"2017-01-12T23:47:33","guid":{"rendered":"http:\/\/blogdoeloiltoncajuhy.com.br\/site\/?p=14704"},"modified":"2017-01-12T20:50:28","modified_gmt":"2017-01-12T23:50:28","slug":"bonfim-alvara-de-licenca-e-funcionamento-para-2017-comeca-a-ser-emitido-pela-prefeitura","status":"publish","type":"post","link":"https:\/\/blogdoeloiltoncajuhy.com.br\/site\/bonfim-alvara-de-licenca-e-funcionamento-para-2017-comeca-a-ser-emitido-pela-prefeitura\/","title":{"rendered":"BONFIM: Alvar\u00e1 de Licen\u00e7a e Funcionamento para 2017, come\u00e7a a ser emitido pela prefeitura"},"content":{"rendered":"<p><a href=\"https:\/\/i0.wp.com\/blogdoeloiltoncajuhy.com.br\/site\/wp-content\/uploads\/2017\/01\/alvar%C3%A1-2017-e1484264842361.jpg\"><img data-recalc-dims=\"1\" fetchpriority=\"high\" decoding=\"async\" class=\"aligncenter size-full wp-image-14705\" src=\"https:\/\/i0.wp.com\/blogdoeloiltoncajuhy.com.br\/site\/wp-content\/uploads\/2017\/01\/alvar%C3%A1-2017-e1484264842361.jpg?resize=500%2C334\" alt=\"\" width=\"500\" height=\"334\" \/><\/a>A Secretaria de Finan\u00e7as e Planejamento informa aos contribuintes estabelecidos no munic\u00edpio de Senhor do Bonfim, que a Taxa de Licen\u00e7a, Localiza\u00e7\u00e3o e Funcionamento (Alvar\u00e1 de Licen\u00e7a) j\u00e1 est\u00e1 sendo emitido para o exerc\u00edcio 2017.<\/p>\n<p>O decreto N\u00ba 021\/2017, convoca os donos ou representantes legais de estabelecimentos comerciais, industriais ou de presta\u00e7\u00e3o de servi\u00e7o com atividades no munic\u00edpio para regularizar a taxa no setor de tributos e rendas do munic\u00edpio. O Setor Tribut\u00e1rio fica na sede da prefeitura, na Pra\u00e7a Juracy Magalh\u00e3es 126, centro de Senhor do Bonfim.<\/p>\n<p>O contribuinte que preferir fazer o pagamento em cota \u00fanica, at\u00e9 28 de fevereiro, ter\u00e1 10% de desconto. Caso deseje parcelar, poder\u00e1 pagar em tr\u00eas cotas sem desconto, nos dias 28 de fevereiro, 31 de mar\u00e7o e 31 de abril de 2017. Observa\u00e7\u00e3o: o contribuinte ter\u00e1 o direito de pagar em at\u00e9 03 (tr\u00eas) cotas, desde que o valor do alvar\u00e1\u00a0seja igual ou superior a R$ 100,00 (cem reais), conforme vencimento acima.<\/p>\n<p>O Alvar\u00e1 \u00e9 uma licen\u00e7a concedida pela Prefeitura, permitindo a localiza\u00e7\u00e3o e o funcionamento de estabelecimentos comerciais, industriais, agr\u00edcolas, prestadores de servi\u00e7os, bem como de sociedades, institui\u00e7\u00f5es, e associa\u00e7\u00f5es de qualquer natureza, vinculadas a pessoas f\u00edsicas ou jur\u00eddicas. A Taxa de Funcionamento \u00e9 cobrada anualmente.<\/p>\n<p><em>*Ascom Prefeitura Municipal de Senhor do Bonfim<\/em><\/p>\n","protected":false},"excerpt":{"rendered":"<p>A Secretaria de Finan\u00e7as e Planejamento informa aos contribuintes estabelecidos no munic\u00edpio de Senhor do Bonfim, que a Taxa de Licen\u00e7a, Localiza\u00e7\u00e3o e Funcionamento (Alvar\u00e1 de Licen\u00e7a) j\u00e1 est\u00e1 sendo emitido para o exerc\u00edcio 2017. O decreto N\u00ba 021\/2017, convoca os donos ou representantes legais de estabelecimentos comerciais, industriais ou de presta\u00e7\u00e3o de servi\u00e7o com [&hellip;]<\/p>\n","protected":false},"author":2,"featured_media":14705,"comment_status":"open","ping_status":"open","sticky":false,"template":"","format":"standard","meta":{"_acf_changed":false,"_monsterinsights_skip_tracking":false,"_monsterinsights_sitenote_active":false,"_monsterinsights_sitenote_note":"","_monsterinsights_sitenote_category":0,"_jetpack_memberships_contains_paid_content":false,"footnotes":"","jetpack_publicize_message":"","jetpack_publicize_feature_enabled":true,"jetpack_social_post_already_shared":true,"jetpack_social_options":{"image_generator_settings":{"template":"highway","default_image_id":0,"font":"","enabled":false},"version":2}},"categories":[1,4],"tags":[],"class_list":["post-14704","post","type-post","status-publish","format-standard","has-post-thumbnail","hentry","category-noticias","category-local"],"acf":[],"jetpack_publicize_connections":[],"jetpack_featured_media_url":"https:\/\/i0.wp.com\/blogdoeloiltoncajuhy.com.br\/site\/wp-content\/uploads\/2017\/01\/alvar%C3%A1-2017-e1484264842361.jpg?fit=500%2C334&ssl=1","jetpack_sharing_enabled":true,"publishpress_future_workflow_manual_trigger":{"enabledWorkflows":[]},"_links":{"self":[{"href":"https:\/\/blogdoeloiltoncajuhy.com.br\/site\/wp-json\/wp\/v2\/posts\/14704","targetHints":{"allow":["GET"]}}],"collection":[{"href":"https:\/\/blogdoeloiltoncajuhy.com.br\/site\/wp-json\/wp\/v2\/posts"}],"about":[{"href":"https:\/\/blogdoeloiltoncajuhy.com.br\/site\/wp-json\/wp\/v2\/types\/post"}],"author":[{"embeddable":true,"href":"https:\/\/blogdoeloiltoncajuhy.com.br\/site\/wp-json\/wp\/v2\/users\/2"}],"replies":[{"embeddable":true,"href":"https:\/\/blogdoeloiltoncajuhy.com.br\/site\/wp-json\/wp\/v2\/comments?post=14704"}],"version-history":[{"count":2,"href":"https:\/\/blogdoeloiltoncajuhy.com.br\/site\/wp-json\/wp\/v2\/posts\/14704\/revisions"}],"predecessor-version":[{"id":14707,"href":"https:\/\/blogdoeloiltoncajuhy.com.br\/site\/wp-json\/wp\/v2\/posts\/14704\/revisions\/14707"}],"wp:featuredmedia":[{"embeddable":true,"href":"https:\/\/blogdoeloiltoncajuhy.com.br\/site\/wp-json\/wp\/v2\/media\/14705"}],"wp:attachment":[{"href":"https:\/\/blogdoeloiltoncajuhy.com.br\/site\/wp-json\/wp\/v2\/media?parent=14704"}],"wp:term":[{"taxonomy":"category","embeddable":true,"href":"https:\/\/blogdoeloiltoncajuhy.com.br\/site\/wp-json\/wp\/v2\/categories?post=14704"},{"taxonomy":"post_tag","embeddable":true,"href":"https:\/\/blogdoeloiltoncajuhy.com.br\/site\/wp-json\/wp\/v2\/tags?post=14704"}],"curies":[{"name":"wp","href":"https:\/\/api.w.org\/{rel}","templated":true}]}}