{"id":14702,"date":"2017-01-12T20:39:00","date_gmt":"2017-01-12T23:39:00","guid":{"rendered":"http:\/\/blogdoeloiltoncajuhy.com.br\/site\/?p=14702"},"modified":"2017-01-12T20:39:00","modified_gmt":"2017-01-12T23:39:00","slug":"comece-a-sexta-feira-meditando-filho-os-teus-pecados-sao-perdoados-mc-21-12","status":"publish","type":"post","link":"https:\/\/blogdoeloiltoncajuhy.com.br\/site\/comece-a-sexta-feira-meditando-filho-os-teus-pecados-sao-perdoados-mc-21-12\/","title":{"rendered":"COMECE A SEXTA-FEIRA MEDITANDO: &#8220;Filho, os teus pecados s\u00e3o perdoados&#8221; &#8211; Mc 2,1-12"},"content":{"rendered":"<p><a href=\"https:\/\/i0.wp.com\/blogdoeloiltoncajuhy.com.br\/site\/wp-content\/uploads\/2015\/10\/liturgia_diaria.jpg\"><img data-recalc-dims=\"1\" fetchpriority=\"high\" decoding=\"async\" class=\"wp-image-4757 size-medium alignright\" src=\"https:\/\/i0.wp.com\/blogdoeloiltoncajuhy.com.br\/site\/wp-content\/uploads\/2015\/10\/liturgia_diaria.jpg?resize=300%2C227\" width=\"300\" height=\"227\" srcset=\"https:\/\/i0.wp.com\/blogdoeloiltoncajuhy.com.br\/site\/wp-content\/uploads\/2015\/10\/liturgia_diaria.jpg?resize=300%2C227&amp;ssl=1 300w, https:\/\/i0.wp.com\/blogdoeloiltoncajuhy.com.br\/site\/wp-content\/uploads\/2015\/10\/liturgia_diaria.jpg?resize=250%2C189&amp;ssl=1 250w, https:\/\/i0.wp.com\/blogdoeloiltoncajuhy.com.br\/site\/wp-content\/uploads\/2015\/10\/liturgia_diaria.jpg?w=449&amp;ssl=1 449w\" sizes=\"(max-width: 300px) 100vw, 300px\" \/><\/a>Alguns dias depois, Jesus entrou de novo em Cafarnaum. Logo se espalhou a not\u00edcia de que ele estava em casa. E reuniram-se ali tantas pessoas, que j\u00e1 n\u00e3o havia lugar, nem mesmo diante da porta. E Jesus anunciava-lhes a Palavra. Trouxeram-lhe, ent\u00e3o, um paral\u00edtico, carregado por quatro homens. Mas n\u00e3o conseguindo chegar at\u00e9 Jesus, por causa da multid\u00e3o, abriram ent\u00e3o o teto, bem em cima do lugar onde ele se encontrava.<\/p>\n<p>Por essa abertura desceram a cama em que o paral\u00edtico estava deitado. Quando viu a f\u00e9 daqueles homens, Jesus disse ao paral\u00edtico: \u201cFilho, os teus pecados est\u00e3o perdoados\u201d. Ora, alguns mestres da Lei, que estavam ali sentados, refletiam em seus cora\u00e7\u00f5es: \u201cComo este homem pode falar assim? Ele est\u00e1 blasfemando: ningu\u00e9m pode perdoar pecados, a n\u00e3o ser Deus\u201d.<\/p>\n<p>Jesus percebeu logo o que eles estavam pensando no seu \u00edntimo, e disse: \u201cPor que pensais assim em vossos cora\u00e7\u00f5es? O que \u00e9 mais f\u00e1cil: dizer ao paral\u00edtico: \u2018os teus pecados est\u00e3o perdoados\u2019, ou dizer: \u2018Levanta-te, pega a tua cama e anda\u2019?<\/p>\n<p>Pois bem, para que saibais que o Filho do Homem tem, na terra, poder de perdoar pecados disse ele ao paral\u00edtico: eu te ordeno: levanta-te, pega tua cama, e vai para tua casa!\u201d O paral\u00edtico ent\u00e3o se levantou e, carregando a sua cama, saiu diante de todos. E ficaram todos admirados e louvavam a Deus, dizendo: \u201cNunca vimos uma coisa assim\u201d.<\/p>\n<p><a href=\"http:\/\/liturgia.cancaonova.com\/liturgia\/1a-semana-comum-sexta-feira-13012017\/\"><strong><em>*Can\u00e7\u00e3o Nova<\/em><\/strong><\/a><\/p>\n","protected":false},"excerpt":{"rendered":"<p>Alguns dias depois, Jesus entrou de novo em Cafarnaum. Logo se espalhou a not\u00edcia de que ele estava em casa. E reuniram-se ali tantas pessoas, que j\u00e1 n\u00e3o havia lugar, nem mesmo diante da porta. E Jesus anunciava-lhes a Palavra. Trouxeram-lhe, ent\u00e3o, um paral\u00edtico, carregado por quatro homens. Mas n\u00e3o conseguindo chegar at\u00e9 Jesus, por [&hellip;]<\/p>\n","protected":false},"author":2,"featured_media":0,"comment_status":"open","ping_status":"open","sticky":false,"template":"","format":"standard","meta":{"_acf_changed":false,"_monsterinsights_skip_tracking":false,"_monsterinsights_sitenote_active":false,"_monsterinsights_sitenote_note":"","_monsterinsights_sitenote_category":0,"_jetpack_memberships_contains_paid_content":false,"footnotes":"","jetpack_publicize_message":"","jetpack_publicize_feature_enabled":true,"jetpack_social_post_already_shared":true,"jetpack_social_options":{"image_generator_settings":{"template":"highway","default_image_id":0,"font":"","enabled":false},"version":2}},"categories":[1,9],"tags":[],"class_list":["post-14702","post","type-post","status-publish","format-standard","hentry","category-noticias","category-reflexao"],"acf":[],"jetpack_publicize_connections":[],"jetpack_featured_media_url":"","jetpack_sharing_enabled":true,"publishpress_future_workflow_manual_trigger":{"enabledWorkflows":[]},"_links":{"self":[{"href":"https:\/\/blogdoeloiltoncajuhy.com.br\/site\/wp-json\/wp\/v2\/posts\/14702","targetHints":{"allow":["GET"]}}],"collection":[{"href":"https:\/\/blogdoeloiltoncajuhy.com.br\/site\/wp-json\/wp\/v2\/posts"}],"about":[{"href":"https:\/\/blogdoeloiltoncajuhy.com.br\/site\/wp-json\/wp\/v2\/types\/post"}],"author":[{"embeddable":true,"href":"https:\/\/blogdoeloiltoncajuhy.com.br\/site\/wp-json\/wp\/v2\/users\/2"}],"replies":[{"embeddable":true,"href":"https:\/\/blogdoeloiltoncajuhy.com.br\/site\/wp-json\/wp\/v2\/comments?post=14702"}],"version-history":[{"count":1,"href":"https:\/\/blogdoeloiltoncajuhy.com.br\/site\/wp-json\/wp\/v2\/posts\/14702\/revisions"}],"predecessor-version":[{"id":14703,"href":"https:\/\/blogdoeloiltoncajuhy.com.br\/site\/wp-json\/wp\/v2\/posts\/14702\/revisions\/14703"}],"wp:attachment":[{"href":"https:\/\/blogdoeloiltoncajuhy.com.br\/site\/wp-json\/wp\/v2\/media?parent=14702"}],"wp:term":[{"taxonomy":"category","embeddable":true,"href":"https:\/\/blogdoeloiltoncajuhy.com.br\/site\/wp-json\/wp\/v2\/categories?post=14702"},{"taxonomy":"post_tag","embeddable":true,"href":"https:\/\/blogdoeloiltoncajuhy.com.br\/site\/wp-json\/wp\/v2\/tags?post=14702"}],"curies":[{"name":"wp","href":"https:\/\/api.w.org\/{rel}","templated":true}]}}