{"id":14699,"date":"2017-01-12T20:15:28","date_gmt":"2017-01-12T23:15:28","guid":{"rendered":"http:\/\/blogdoeloiltoncajuhy.com.br\/site\/?p=14699"},"modified":"2017-01-12T20:15:28","modified_gmt":"2017-01-12T23:15:28","slug":"grupo-ser-educacional-oferece-mais-de-70-mil-vagas-em-cursos-gratuitos","status":"publish","type":"post","link":"https:\/\/blogdoeloiltoncajuhy.com.br\/site\/grupo-ser-educacional-oferece-mais-de-70-mil-vagas-em-cursos-gratuitos\/","title":{"rendered":"Grupo Ser Educacional oferece mais de 70 mil vagas em cursos gratuitos"},"content":{"rendered":"<p style=\"text-align: center;\"><em><strong>Os cursos fazem parte do projeto Capacita e est\u00e3o distribu\u00eddos em v\u00e1rias regi\u00f5es do Pa\u00eds<\/strong><\/em><\/p>\n<p><a href=\"https:\/\/i0.wp.com\/blogdoeloiltoncajuhy.com.br\/site\/wp-content\/uploads\/2017\/01\/ser-educacional.png\"><img data-recalc-dims=\"1\" fetchpriority=\"high\" decoding=\"async\" class=\"aligncenter size-full wp-image-14700\" src=\"https:\/\/i0.wp.com\/blogdoeloiltoncajuhy.com.br\/site\/wp-content\/uploads\/2017\/01\/ser-educacional.png?resize=374%2C315\" alt=\"\" width=\"374\" height=\"315\" srcset=\"https:\/\/i0.wp.com\/blogdoeloiltoncajuhy.com.br\/site\/wp-content\/uploads\/2017\/01\/ser-educacional.png?w=374&amp;ssl=1 374w, https:\/\/i0.wp.com\/blogdoeloiltoncajuhy.com.br\/site\/wp-content\/uploads\/2017\/01\/ser-educacional.png?resize=300%2C253&amp;ssl=1 300w, https:\/\/i0.wp.com\/blogdoeloiltoncajuhy.com.br\/site\/wp-content\/uploads\/2017\/01\/ser-educacional.png?resize=250%2C211&amp;ssl=1 250w\" sizes=\"(max-width: 374px) 100vw, 374px\" \/><\/a>Para quem procura uma oportunidade de aprimorar as habilidades e se capacitar para o mercado de trabalho, as institui\u00e7\u00f5es do Grupo Ser Educacional, UNINASSAU &#8211; Centro Universit\u00e1rio Maur\u00edcio de Nassau, UNG Universidade, UNAMA \u2013 Universidade da Amaz\u00f4nia, FIT\/UNAMA Faculdades Integradas do Tapaj\u00f3s, Faculdades Maur\u00edcio de Nassau e Faculdades Joaquim Nabuco, est\u00e3o oferecendo essa chance de forma gratuita. Trata-se do projeto Capacita, que tem o objetivo de levar cursos r\u00e1pidos de capacita\u00e7\u00e3o a qualquer pessoa interessada em qualifica\u00e7\u00e3o profissional e adquirir novos conhecimentos.<\/p>\n<p>S\u00e3o mais de 70 mil vagas em, aproximadamente, 1016 cursos, distribu\u00eddos nas \u00e1reas como Direito, Administra\u00e7\u00e3o, Pedagogia, Ci\u00eancias Cont\u00e1beis, Sistemas de Informa\u00e7\u00e3o, Redes de Computadores, Fisioterapia, Farm\u00e1cia, Recursos Humanos, Servi\u00e7o Social, Jornalismo e Publicidade, Log\u00edstica, Nutri\u00e7\u00e3o entre outras. Os temas s\u00e3o variados, abordando, por exemplo, Como se tornar um l\u00edder coach; Excel como ferramenta de gest\u00e3o; Maquiagem e Camuflagem; Cozinha Pr\u00e1tica e R\u00e1pida; Portugu\u00eas para concurso; Oficinas de doces finos; Primeiros socorros; Maquiagem de Carnaval; entre outros.<\/p>\n<p>As institui\u00e7\u00f5es do grupo Ser Educacional est\u00e3o distribu\u00eddas em v\u00e1rias cidades das Regi\u00f5es Norte, Nordeste e Sudeste do Pa\u00eds. Os cursos est\u00e3o sendo realizados durante todo o m\u00eas de janeiro e os interessados em participar dever\u00e3o contribuir com um quilo de alimento n\u00e3o perec\u00edvel, que ser\u00e3o doados \u00e0s institui\u00e7\u00f5es beneficentes. Mais informa\u00e7\u00f5es sobre a programa\u00e7\u00e3o das unidades podem ser conferidas nos links abaixo:<\/p>\n<p><strong><u>UNINASSAU e Faculdade Maur\u00edcio de Nassau<\/u><\/strong><\/p>\n<p>UNINASSAU Recife (PE) &#8211;\u00a0<a id=\"m_-3512013138955620605LPlnk328700\" href=\"http:\/\/www.uninassau.edu.br\/noticias\/uninassau-oferta-8400-vagas-em-cursos-gratuitos-para-populacao\" target=\"_blank\" data-saferedirecturl=\"https:\/\/www.google.com\/url?hl=pt-BR&amp;q=http:\/\/www.uninassau.edu.br\/noticias\/uninassau-oferta-8400-vagas-em-cursos-gratuitos-para-populacao&amp;source=gmail&amp;ust=1484348391886000&amp;usg=AFQjCNEvdVGjyIq4zy1uZP9AT1XXCfmzPw\">http:\/\/www.uninassau.edu.br\/<wbr \/>noticias\/uninassau-oferta-<wbr \/>8400-vagas-em-cursos-<wbr \/>gratuitos-para-populacao<\/a><\/p>\n<p>UNINASSAU Macei\u00f3 (AL) \u2013 \u00a0<a id=\"m_-3512013138955620605LPlnk139168\" href=\"http:\/\/www.uninassau.edu.br\/noticias\/uninassau-maceio-oferece-20-mil-vagas-em-cursos-de-capacitacao-gratuitos\" target=\"_blank\" data-saferedirecturl=\"https:\/\/www.google.com\/url?hl=pt-BR&amp;q=http:\/\/www.uninassau.edu.br\/noticias\/uninassau-maceio-oferece-20-mil-vagas-em-cursos-de-capacitacao-gratuitos&amp;source=gmail&amp;ust=1484348391886000&amp;usg=AFQjCNGs2Ocqb7EB63VwmFvloOcVnCB1rQ\">http:\/\/www.uninassau.edu.br\/<wbr \/>noticias\/uninassau-maceio-<wbr \/>oferece-20-mil-vagas-em-<wbr \/>cursos-de-capacitacao-<wbr \/>gratuitos<\/a><\/p>\n<p>Cabo de Santo Agostinho (PE) &#8211;\u00a0<a id=\"m_-3512013138955620605LPlnk752519\" href=\"http:\/\/www.uninassau.edu.br\/noticias\/nassau-oferta-840-vagas-em-cursos-gratuitos-em-jaboatao-e-no-cabo\" target=\"_blank\" data-saferedirecturl=\"https:\/\/www.google.com\/url?hl=pt-BR&amp;q=http:\/\/www.uninassau.edu.br\/noticias\/nassau-oferta-840-vagas-em-cursos-gratuitos-em-jaboatao-e-no-cabo&amp;source=gmail&amp;ust=1484348391886000&amp;usg=AFQjCNGQXKTXcaDtveKZSkymi8uGpzCXyg\">http:\/\/www.uninassau.edu.br\/<wbr \/>noticias\/nassau-oferta-840-<wbr \/>vagas-em-cursos-gratuitos-em-<wbr \/>jaboatao-e-no-cabo<\/a><\/p>\n<p>Aracaju (SE) \u2013\u00a0<a id=\"m_-3512013138955620605LPlnk350005\" href=\"http:\/\/www.uninassau.edu.br\/noticias\/nassau-aracaju-oferta-mais-de-2000-vagas-para-cursos-gratuitos\" target=\"_blank\" data-saferedirecturl=\"https:\/\/www.google.com\/url?hl=pt-BR&amp;q=http:\/\/www.uninassau.edu.br\/noticias\/nassau-aracaju-oferta-mais-de-2000-vagas-para-cursos-gratuitos&amp;source=gmail&amp;ust=1484348391886000&amp;usg=AFQjCNEKAKy2aWMULazPDDI5Gx7KLsQzqg\">http:\/\/www.uninassau.edu.br\/<wbr \/>noticias\/nassau-aracaju-<wbr \/>oferta-mais-de-2000-vagas-<wbr \/>para-cursos-gratuitos<\/a><\/p>\n<p>Vit\u00f3ria da Conquista (BA) &#8211;\u00a0<a id=\"m_-3512013138955620605LPlnk959624\" href=\"http:\/\/www.uninassau.edu.br\/noticias\/faculdade-mauricio-de-nassau-oferece-35-cursos-gratuitos-para-alunos-e-comunidade\" target=\"_blank\" data-saferedirecturl=\"https:\/\/www.google.com\/url?hl=pt-BR&amp;q=http:\/\/www.uninassau.edu.br\/noticias\/faculdade-mauricio-de-nassau-oferece-35-cursos-gratuitos-para-alunos-e-comunidade&amp;source=gmail&amp;ust=1484348391886000&amp;usg=AFQjCNEAGwaZUB6Z0yyZd83vx9uSgWvI0g\">http:\/\/www.uninassau.edu.br\/<wbr \/>noticias\/faculdade-mauricio-<wbr \/>de-nassau-oferece-35-cursos-<wbr \/>gratuitos-para-alunos-e-<wbr \/>comunidade<\/a><\/p>\n<p>Natal (RN) &#8211;\u00a0<a id=\"m_-3512013138955620605LPlnk935577\" href=\"http:\/\/www.uninassau.edu.br\/noticias\/nassau-oferece-mais-de-2-mil-vagas-gratuitas-para-capacitacao-no-rn\" target=\"_blank\" data-saferedirecturl=\"https:\/\/www.google.com\/url?hl=pt-BR&amp;q=http:\/\/www.uninassau.edu.br\/noticias\/nassau-oferece-mais-de-2-mil-vagas-gratuitas-para-capacitacao-no-rn&amp;source=gmail&amp;ust=1484348391886000&amp;usg=AFQjCNFs9OH4OVd17BdOKLtREzYYF44_UQ\">http:\/\/www.uninassau.edu.br\/<wbr \/>noticias\/nassau-oferece-mais-<wbr \/>de-2-mil-vagas-gratuitas-para-<wbr \/>capacitacao-no-rn<\/a><\/p>\n<p>Manaus (AM) &#8211; \u00a0<a id=\"m_-3512013138955620605LPlnk2975\" href=\"http:\/\/www.uninassau.edu.br\/noticias\/mauricio-de-nassau-promove-capacita-20171\" target=\"_blank\" data-saferedirecturl=\"https:\/\/www.google.com\/url?hl=pt-BR&amp;q=http:\/\/www.uninassau.edu.br\/noticias\/mauricio-de-nassau-promove-capacita-20171&amp;source=gmail&amp;ust=1484348391886000&amp;usg=AFQjCNEMSywTZYde-qxEveTYE4R4vhQTIA\">http:\/\/www.uninassau.edu.br\/<wbr \/>noticias\/mauricio-de-nassau-<wbr \/>promove-capacita-20171<\/a><\/p>\n<p>Petrolina (PE) &#8211;\u00a0<a id=\"m_-3512013138955620605LPlnk88465\" href=\"http:\/\/www.uninassau.edu.br\/noticias\/em-petrolina-nassau-oferece-cursos-profissionalizantes-gratuitos\" target=\"_blank\" data-saferedirecturl=\"https:\/\/www.google.com\/url?hl=pt-BR&amp;q=http:\/\/www.uninassau.edu.br\/noticias\/em-petrolina-nassau-oferece-cursos-profissionalizantes-gratuitos&amp;source=gmail&amp;ust=1484348391886000&amp;usg=AFQjCNFRthV5fFUk7dg3eGpVYA2MA1vYIg\">http:\/\/www.uninassau.edu.br\/<wbr \/>noticias\/em-petrolina-nassau-<wbr \/>oferece-cursos-<wbr \/>profissionalizantes-gratuitos<\/a><\/p>\n<p>Lauro de Freitas (BA) &#8211;\u00a0<a id=\"m_-3512013138955620605LPlnk404549\" href=\"http:\/\/www.uninassau.edu.br\/noticias\/nassau-oferta-mais-de-700-vagas-em-cursos-gratuitos\" target=\"_blank\" data-saferedirecturl=\"https:\/\/www.google.com\/url?hl=pt-BR&amp;q=http:\/\/www.uninassau.edu.br\/noticias\/nassau-oferta-mais-de-700-vagas-em-cursos-gratuitos&amp;source=gmail&amp;ust=1484348391886000&amp;usg=AFQjCNG7N1DdY73rl3AsPLQlgxYqrnIpqA\">http:\/\/www.uninassau.edu.br\/<wbr \/>noticias\/nassau-oferta-mais-<wbr \/>de-700-vagas-em-cursos-<wbr \/>gratuitos<\/a><\/p>\n<p>Jo\u00e3o Pessoa (PB) \u2013\u00a0<a id=\"m_-3512013138955620605LPlnk816019\" href=\"http:\/\/www.uninassau.edu.br\/noticias\/projeto-capacita-oferece-mais-de-1300-vagas-em-34-cursos-gratuitos\" target=\"_blank\" data-saferedirecturl=\"https:\/\/www.google.com\/url?hl=pt-BR&amp;q=http:\/\/www.uninassau.edu.br\/noticias\/projeto-capacita-oferece-mais-de-1300-vagas-em-34-cursos-gratuitos&amp;source=gmail&amp;ust=1484348391886000&amp;usg=AFQjCNEuCiaZqx7Huc8hn0kRR_GycGLqWA\">http:\/\/www.uninassau.edu.br\/<wbr \/>noticias\/projeto-capacita-<wbr \/>oferece-mais-de-1300-vagas-em-<wbr \/>34-cursos-gratuitos<\/a><\/p>\n<p>Salvador (BA) \u2013\u00a0<a id=\"m_-3512013138955620605LPlnk539335\" href=\"http:\/\/www.uninassau.edu.br\/noticias\/1800-vagas-em-cursos-de-capacitacao-gratuitos-sao-oferecidas-em-salvador\" target=\"_blank\" data-saferedirecturl=\"https:\/\/www.google.com\/url?hl=pt-BR&amp;q=http:\/\/www.uninassau.edu.br\/noticias\/1800-vagas-em-cursos-de-capacitacao-gratuitos-sao-oferecidas-em-salvador&amp;source=gmail&amp;ust=1484348391886000&amp;usg=AFQjCNEzaj4wJcp3Ufb_HC87Ba5bAuSqcw\">http:\/\/www.uninassau.edu.br\/<wbr \/>noticias\/1800-vagas-em-cursos-<wbr \/>de-capacitacao-gratuitos-sao-<wbr \/>oferecidas-em-salvador<\/a><\/p>\n<p>Feira de Santana (BA) &#8211;\u00a0<a id=\"m_-3512013138955620605LPlnk981741\" href=\"http:\/\/www.uninassau.edu.br\/noticias\/nassau-oferta-mais-de-700-vagas-em-cursos-gratuitos\" target=\"_blank\" data-saferedirecturl=\"https:\/\/www.google.com\/url?hl=pt-BR&amp;q=http:\/\/www.uninassau.edu.br\/noticias\/nassau-oferta-mais-de-700-vagas-em-cursos-gratuitos&amp;source=gmail&amp;ust=1484348391886000&amp;usg=AFQjCNG7N1DdY73rl3AsPLQlgxYqrnIpqA\">http:\/\/www.uninassau.edu.br\/<wbr \/>noticias\/nassau-oferta-mais-<wbr \/>de-700-vagas-em-cursos-<wbr \/>gratuitos<\/a><\/p>\n<p>Teresina Nassau Alian\u00e7a (PI) \u2013\u00a0<a id=\"m_-3512013138955620605LPlnk746480\" href=\"http:\/\/www.uninassau.edu.br\/noticias\/faculdade-mauricio-de-nassaualianca-abre-inscricoes-para-cursos-gratuitos\" target=\"_blank\" data-saferedirecturl=\"https:\/\/www.google.com\/url?hl=pt-BR&amp;q=http:\/\/www.uninassau.edu.br\/noticias\/faculdade-mauricio-de-nassaualianca-abre-inscricoes-para-cursos-gratuitos&amp;source=gmail&amp;ust=1484348391886000&amp;usg=AFQjCNF6zz_r8lp7WGax-2azX69cncYZlQ\">http:\/\/www.uninassau.edu.br\/<wbr \/>noticias\/faculdade-mauricio-<wbr \/>de-nassaualianca-abre-<wbr \/>inscricoes-para-cursos-<wbr \/>gratuitos<\/a><\/p>\n<p>Teresina Nassau FAP (PI) &#8211;\u00a0<a id=\"m_-3512013138955620605LPlnk839736\" href=\"http:\/\/www.uninassau.edu.br\/noticias\/fapteresina-abre-inscricao-dos-cursos-do-capacita\" target=\"_blank\" data-saferedirecturl=\"https:\/\/www.google.com\/url?hl=pt-BR&amp;q=http:\/\/www.uninassau.edu.br\/noticias\/fapteresina-abre-inscricao-dos-cursos-do-capacita&amp;source=gmail&amp;ust=1484348391886000&amp;usg=AFQjCNEnJS5D1fJPHcXrsCl_sQb5vcVW9w\">http:\/\/www.uninassau.edu.br\/<wbr \/>noticias\/fapteresina-abre-<wbr \/>inscricao-dos-cursos-do-<wbr \/>capacita<\/a><\/p>\n<p>Campina Grande (PB) &#8211;\u00a0<a id=\"m_-3512013138955620605LPlnk673540\" href=\"http:\/\/www.uninassau.edu.br\/noticias\/nassau-campina-grande-oferta-cursos-gratuitos\" target=\"_blank\" data-saferedirecturl=\"https:\/\/www.google.com\/url?hl=pt-BR&amp;q=http:\/\/www.uninassau.edu.br\/noticias\/nassau-campina-grande-oferta-cursos-gratuitos&amp;source=gmail&amp;ust=1484348391886000&amp;usg=AFQjCNHQfC0mQW5F9q8hXYyF0KbhNIzBnw\">http:\/\/www.uninassau.edu.br\/<wbr \/>noticias\/nassau-campina-<wbr \/>grande-oferta-cursos-gratuitos<\/a><\/p>\n<p>Fortaleza (CE) &#8211;\u00a0<a id=\"m_-3512013138955620605LPlnk38301\" href=\"http:\/\/www.uninassau.edu.br\/noticias\/gordinha-sim-linda-tambem-sera-um-dos-71-cursos-gratuitos-do-capacita-2017\" target=\"_blank\" data-saferedirecturl=\"https:\/\/www.google.com\/url?hl=pt-BR&amp;q=http:\/\/www.uninassau.edu.br\/noticias\/gordinha-sim-linda-tambem-sera-um-dos-71-cursos-gratuitos-do-capacita-2017&amp;source=gmail&amp;ust=1484348391886000&amp;usg=AFQjCNHC5ekWktXOi2SC1wGw63gV3U4dVw\">http:\/\/www.uninassau.edu.br\/<wbr \/>noticias\/gordinha-sim-linda-<wbr \/>tambem-sera-um-dos-71-cursos-<wbr \/>gratuitos-do-capacita-2017<\/a><\/p>\n<p>Parna\u00edba (PI) \u2013\u00a0<a id=\"m_-3512013138955620605LPlnk465865\" href=\"http:\/\/www.uninassau.edu.br\/noticias\/faculdade-oferece-mais-de-2600-vagas-em-cursos-de-capacitacao\" target=\"_blank\" data-saferedirecturl=\"https:\/\/www.google.com\/url?hl=pt-BR&amp;q=http:\/\/www.uninassau.edu.br\/noticias\/faculdade-oferece-mais-de-2600-vagas-em-cursos-de-capacitacao&amp;source=gmail&amp;ust=1484348391886000&amp;usg=AFQjCNGU9hNkQxTvn3Q7nrojof_pl03-ng\">http:\/\/www.uninassau.edu.br\/<wbr \/>noticias\/faculdade-oferece-<wbr \/>mais-de-2600-vagas-em-cursos-<wbr \/>de-capacitacao<\/a><\/p>\n<p>Jaboat\u00e3o dos Guararapes (PE) \u2013\u00a0<a id=\"m_-3512013138955620605LPlnk859056\" href=\"http:\/\/www.uninassau.edu.br\/noticias\/nassau-oferta-840-vagas-em-cursos-gratuitos-em-jaboatao-e-no-cabo\" target=\"_blank\" data-saferedirecturl=\"https:\/\/www.google.com\/url?hl=pt-BR&amp;q=http:\/\/www.uninassau.edu.br\/noticias\/nassau-oferta-840-vagas-em-cursos-gratuitos-em-jaboatao-e-no-cabo&amp;source=gmail&amp;ust=1484348391886000&amp;usg=AFQjCNGQXKTXcaDtveKZSkymi8uGpzCXyg\">http:\/\/www.uninassau.edu.br\/<wbr \/>noticias\/nassau-oferta-840-<wbr \/>vagas-em-cursos-gratuitos-em-<wbr \/>jaboatao-e-no-cabo<\/a><\/p>\n<p>Caruaru (PE) \u2013\u00a0<a id=\"m_-3512013138955620605LPlnk298165\" href=\"http:\/\/www.uninassau.edu.br\/noticias\/capacita-oferece-cursos-profissionalizantes-gratuitos-populacao-de-caruaru\" target=\"_blank\" data-saferedirecturl=\"https:\/\/www.google.com\/url?hl=pt-BR&amp;q=http:\/\/www.uninassau.edu.br\/noticias\/capacita-oferece-cursos-profissionalizantes-gratuitos-populacao-de-caruaru&amp;source=gmail&amp;ust=1484348391886000&amp;usg=AFQjCNGqsrRK1lDgp0Pa0Ar8ZAcRd6pq6Q\">http:\/\/www.uninassau.edu.br\/<wbr \/>noticias\/capacita-oferece-<wbr \/>cursos-profissionalizantes-<wbr \/>gratuitos-populacao-de-caruaru<\/a><\/p>\n<p>Bel\u00e9m (PA) &#8211;\u00a0<a id=\"m_-3512013138955620605LPlnk497139\" href=\"http:\/\/www.uninassau.edu.br\/noticias\/nassau-capacita-sociedade-para-o-mercado-de-trabalho-no-mes-das-ferias\" target=\"_blank\" data-saferedirecturl=\"https:\/\/www.google.com\/url?hl=pt-BR&amp;q=http:\/\/www.uninassau.edu.br\/noticias\/nassau-capacita-sociedade-para-o-mercado-de-trabalho-no-mes-das-ferias&amp;source=gmail&amp;ust=1484348391886000&amp;usg=AFQjCNE9B4OLnn29QiUmASTJbG0U-FT4fA\">http:\/\/www.uninassau.edu.br\/<wbr \/>noticias\/nassau-capacita-<wbr \/>sociedade-para-o-mercado-de-<wbr \/>trabalho-no-mes-das-ferias<\/a><\/p>\n<p>S\u00e3o Lu\u00eds (MA) &#8211;\u00a0<a id=\"m_-3512013138955620605LPlnk948150\" href=\"http:\/\/www.uninassau.edu.br\/noticias\/projeto-capacita-oferece-15-cursos-gratuitos\" target=\"_blank\" data-saferedirecturl=\"https:\/\/www.google.com\/url?hl=pt-BR&amp;q=http:\/\/www.uninassau.edu.br\/noticias\/projeto-capacita-oferece-15-cursos-gratuitos&amp;source=gmail&amp;ust=1484348391886000&amp;usg=AFQjCNGTAmrLOQ2EpAKIynwW3h7uZhWplA\">http:\/\/www.uninassau.edu.br\/<wbr \/>noticias\/projeto-capacita-<wbr \/>oferece-15-cursos-gratuitos<\/a><\/p>\n<p><strong><u>Faculdades Joaquim Nabuco<\/u><\/strong><\/p>\n<p>Recife (PE) &#8211;\u00a0<a id=\"m_-3512013138955620605LPlnk161355\" href=\"http:\/\/www.joaquimnabuco.edu.br\/noticias\/minicursos-e-oficinas-profissionalizantes-gratuitos-na-nabuco-recife\" target=\"_blank\" data-saferedirecturl=\"https:\/\/www.google.com\/url?hl=pt-BR&amp;q=http:\/\/www.joaquimnabuco.edu.br\/noticias\/minicursos-e-oficinas-profissionalizantes-gratuitos-na-nabuco-recife&amp;source=gmail&amp;ust=1484348391886000&amp;usg=AFQjCNFb6GyWncX_Ngav-DQ9n1enjDx77w\">http:\/\/www.joaquimnabuco.<wbr \/>edu.br\/noticias\/minicursos-e-<wbr \/>oficinas-profissionalizantes-<wbr \/>gratuitos-na-nabuco-recife<\/a><\/p>\n<p>Janga (PE)-\u00a0<a id=\"m_-3512013138955620605LPlnk824777\" href=\"http:\/\/www.joaquimnabuco.edu.br\/noticias\/nabuco-janga-oferta-cursos-gratuitos-com-o-capacita\" target=\"_blank\" data-saferedirecturl=\"https:\/\/www.google.com\/url?hl=pt-BR&amp;q=http:\/\/www.joaquimnabuco.edu.br\/noticias\/nabuco-janga-oferta-cursos-gratuitos-com-o-capacita&amp;source=gmail&amp;ust=1484348391886000&amp;usg=AFQjCNG__EcAfr7eIvFOMJ_dxAIhKIezYw\">http:\/\/www.<wbr \/>joaquimnabuco.edu.br\/noticias\/<wbr \/>nabuco-janga-oferta-cursos-<wbr \/>gratuitos-com-o-capacita<\/a><\/p>\n<p>Olinda (PE)-\u00a0<a id=\"m_-3512013138955620605LPlnk136198\" href=\"http:\/\/www.joaquimnabuco.edu.br\/noticias\/em-olinda-cursos-profissionalizantes-gratuitos-acontecem-em-janeiro\" target=\"_blank\" data-saferedirecturl=\"https:\/\/www.google.com\/url?hl=pt-BR&amp;q=http:\/\/www.joaquimnabuco.edu.br\/noticias\/em-olinda-cursos-profissionalizantes-gratuitos-acontecem-em-janeiro&amp;source=gmail&amp;ust=1484348391887000&amp;usg=AFQjCNEP2IQjs-JI9C5cCm8uEF3sPGpWiw\">http:\/\/www.<wbr \/>joaquimnabuco.edu.br\/noticias\/<wbr \/>em-olinda-cursos-<wbr \/>profissionalizantes-gratuitos-<wbr \/>acontecem-em-janeiro<\/a><\/p>\n<p>S\u00e3o Louren\u00e7o (PE) &#8211;\u00a0<a id=\"m_-3512013138955620605LPlnk843432\" href=\"http:\/\/www.joaquimnabuco.edu.br\/noticias\/oficinas-profissionalizantes-gratuitos-em-sao-lourenco-da-mata\" target=\"_blank\" data-saferedirecturl=\"https:\/\/www.google.com\/url?hl=pt-BR&amp;q=http:\/\/www.joaquimnabuco.edu.br\/noticias\/oficinas-profissionalizantes-gratuitos-em-sao-lourenco-da-mata&amp;source=gmail&amp;ust=1484348391887000&amp;usg=AFQjCNGj42LwB-8uTj0yXmbFsz1Vlp8RWw\">http:\/\/www.joaquimnabuco.<wbr \/>edu.br\/noticias\/oficinas-<wbr \/>profissionalizantes-gratuitos-<wbr \/>em-sao-lourenco-da-mata<\/a><\/p>\n<p>Paulista (PE) &#8211;\u00a0<a id=\"m_-3512013138955620605LPlnk684459\" href=\"http:\/\/www.joaquimnabuco.edu.br\/noticias\/cursos-profissionalizantes-gratuitos-na-nabuco-paulista-em-janeiro-0\" target=\"_blank\" data-saferedirecturl=\"https:\/\/www.google.com\/url?hl=pt-BR&amp;q=http:\/\/www.joaquimnabuco.edu.br\/noticias\/cursos-profissionalizantes-gratuitos-na-nabuco-paulista-em-janeiro-0&amp;source=gmail&amp;ust=1484348391887000&amp;usg=AFQjCNGxDTUEjVIe8SuZxOWZlzGy_bcBDA\">http:\/\/www.joaquimnabuco.<wbr \/>edu.br\/noticias\/cursos-<wbr \/>profissionalizantes-gratuitos-<wbr \/>na-nabuco-paulista-em-janeiro-<wbr \/>0<\/a><\/p>\n<p><strong><u>UNG Universidade (SP)\u00a0<\/u><\/strong>&#8211;\u00a0<a id=\"m_-3512013138955620605LPlnk492648\" href=\"http:\/\/www.ung.br\/noticias\/universidade-oferece-10-mil-vagas-para-cursos-de-ferias\" target=\"_blank\" data-saferedirecturl=\"https:\/\/www.google.com\/url?hl=pt-BR&amp;q=http:\/\/www.ung.br\/noticias\/universidade-oferece-10-mil-vagas-para-cursos-de-ferias&amp;source=gmail&amp;ust=1484348391887000&amp;usg=AFQjCNEwrBX-SP6wzFytH35cGCLL1SLEXg\">http:\/\/www.ung.br\/<wbr \/>noticias\/universidade-oferece-<wbr \/>10-mil-vagas-para-cursos-de-<wbr \/>ferias<\/a><\/p>\n<p><strong><u>UNAMA \u2013 Universidade da Amaz\u00f4nia (PA) &#8211;<\/u><\/strong>\u00a0<a id=\"m_-3512013138955620605LPlnk176682\" href=\"http:\/\/www.unama.br\/noticias\/universidade-promove-cursos-de-extensao-durante-o-mes-de-janeiro\" target=\"_blank\" data-saferedirecturl=\"https:\/\/www.google.com\/url?hl=pt-BR&amp;q=http:\/\/www.unama.br\/noticias\/universidade-promove-cursos-de-extensao-durante-o-mes-de-janeiro&amp;source=gmail&amp;ust=1484348391887000&amp;usg=AFQjCNFd9E_R_T8pmont8PPp1B8iRSfo_g\">http:\/\/www.unama.br\/<wbr \/>noticias\/universidade-promove-<wbr \/>cursos-de-extensao-durante-o-<wbr \/>mes-de-janeiro<\/a><\/p>\n<p><strong><u>FIT\/UNAMA \u2013 Faculdades Integradas do Tapaj\u00f3s (PA) &#8211;<\/u><\/strong>\u00a0<a id=\"m_-3512013138955620605LPlnk236801\" href=\"http:\/\/www.unama.br\/noticias\/capacita-2017-segue-com-inscricoes-abertas\" target=\"_blank\" data-saferedirecturl=\"https:\/\/www.google.com\/url?hl=pt-BR&amp;q=http:\/\/www.unama.br\/noticias\/capacita-2017-segue-com-inscricoes-abertas&amp;source=gmail&amp;ust=1484348391887000&amp;usg=AFQjCNEJaMDT0a0diqbZc-adGEkcKpy3gQ\">http:\/\/www.unama.br\/<wbr \/>noticias\/capacita-2017-segue-<wbr \/>com-inscricoes-abertas<\/a><\/p>\n<p><em>*Silvia Fragoso<\/em><\/p>\n","protected":false},"excerpt":{"rendered":"<p>Os cursos fazem parte do projeto Capacita e est\u00e3o distribu\u00eddos em v\u00e1rias regi\u00f5es do Pa\u00eds Para quem procura uma oportunidade de aprimorar as habilidades e se capacitar para o mercado de trabalho, as institui\u00e7\u00f5es do Grupo Ser Educacional, UNINASSAU &#8211; Centro Universit\u00e1rio Maur\u00edcio de Nassau, UNG Universidade, UNAMA \u2013 Universidade da Amaz\u00f4nia, FIT\/UNAMA Faculdades Integradas [&hellip;]<\/p>\n","protected":false},"author":2,"featured_media":14700,"comment_status":"open","ping_status":"open","sticky":false,"template":"","format":"standard","meta":{"_acf_changed":false,"_monsterinsights_skip_tracking":false,"_monsterinsights_sitenote_active":false,"_monsterinsights_sitenote_note":"","_monsterinsights_sitenote_category":0,"_jetpack_memberships_contains_paid_content":false,"footnotes":"","jetpack_publicize_message":"","jetpack_publicize_feature_enabled":true,"jetpack_social_post_already_shared":true,"jetpack_social_options":{"image_generator_settings":{"template":"highway","default_image_id":0,"font":"","enabled":false},"version":2}},"categories":[14,1],"tags":[],"class_list":["post-14699","post","type-post","status-publish","format-standard","has-post-thumbnail","hentry","category-educacao","category-noticias"],"acf":[],"jetpack_publicize_connections":[],"jetpack_featured_media_url":"https:\/\/i0.wp.com\/blogdoeloiltoncajuhy.com.br\/site\/wp-content\/uploads\/2017\/01\/ser-educacional.png?fit=374%2C315&ssl=1","jetpack_sharing_enabled":true,"publishpress_future_workflow_manual_trigger":{"enabledWorkflows":[]},"_links":{"self":[{"href":"https:\/\/blogdoeloiltoncajuhy.com.br\/site\/wp-json\/wp\/v2\/posts\/14699","targetHints":{"allow":["GET"]}}],"collection":[{"href":"https:\/\/blogdoeloiltoncajuhy.com.br\/site\/wp-json\/wp\/v2\/posts"}],"about":[{"href":"https:\/\/blogdoeloiltoncajuhy.com.br\/site\/wp-json\/wp\/v2\/types\/post"}],"author":[{"embeddable":true,"href":"https:\/\/blogdoeloiltoncajuhy.com.br\/site\/wp-json\/wp\/v2\/users\/2"}],"replies":[{"embeddable":true,"href":"https:\/\/blogdoeloiltoncajuhy.com.br\/site\/wp-json\/wp\/v2\/comments?post=14699"}],"version-history":[{"count":1,"href":"https:\/\/blogdoeloiltoncajuhy.com.br\/site\/wp-json\/wp\/v2\/posts\/14699\/revisions"}],"predecessor-version":[{"id":14701,"href":"https:\/\/blogdoeloiltoncajuhy.com.br\/site\/wp-json\/wp\/v2\/posts\/14699\/revisions\/14701"}],"wp:featuredmedia":[{"embeddable":true,"href":"https:\/\/blogdoeloiltoncajuhy.com.br\/site\/wp-json\/wp\/v2\/media\/14700"}],"wp:attachment":[{"href":"https:\/\/blogdoeloiltoncajuhy.com.br\/site\/wp-json\/wp\/v2\/media?parent=14699"}],"wp:term":[{"taxonomy":"category","embeddable":true,"href":"https:\/\/blogdoeloiltoncajuhy.com.br\/site\/wp-json\/wp\/v2\/categories?post=14699"},{"taxonomy":"post_tag","embeddable":true,"href":"https:\/\/blogdoeloiltoncajuhy.com.br\/site\/wp-json\/wp\/v2\/tags?post=14699"}],"curies":[{"name":"wp","href":"https:\/\/api.w.org\/{rel}","templated":true}]}}