{"id":14694,"date":"2017-01-12T12:36:06","date_gmt":"2017-01-12T15:36:06","guid":{"rendered":"http:\/\/blogdoeloiltoncajuhy.com.br\/site\/?p=14694"},"modified":"2017-01-12T12:36:06","modified_gmt":"2017-01-12T15:36:06","slug":"bonfim-prefeito-e-secretarios-visitam-a-praca-augusto-sena-gomes-para-inicio-do-processo-de-reestruturacao","status":"publish","type":"post","link":"https:\/\/blogdoeloiltoncajuhy.com.br\/site\/bonfim-prefeito-e-secretarios-visitam-a-praca-augusto-sena-gomes-para-inicio-do-processo-de-reestruturacao\/","title":{"rendered":"BONFIM: Prefeito e Secret\u00e1rios visitam a Pra\u00e7a Augusto Sena Gomes para inicio do processo de reestrutura\u00e7\u00e3o"},"content":{"rendered":"<p><a href=\"https:\/\/i0.wp.com\/blogdoeloiltoncajuhy.com.br\/site\/wp-content\/uploads\/2017\/01\/PMSB-feira2-e1484235289377.jpg\"><img data-recalc-dims=\"1\" fetchpriority=\"high\" decoding=\"async\" class=\"aligncenter size-full wp-image-14696\" src=\"https:\/\/i0.wp.com\/blogdoeloiltoncajuhy.com.br\/site\/wp-content\/uploads\/2017\/01\/PMSB-feira2-e1484235289377.jpg?resize=600%2C400\" alt=\"\" width=\"600\" height=\"400\" \/><\/a>Acompanhado dos Secret\u00e1rios de Administra\u00e7\u00e3o, Cl\u00e1udio Nunes, e de Infraestrutura, Ivan Barbosa, o prefeito Carlos Brasileiro visitou na manh\u00e3 desta quarta-feira(11), a Pra\u00e7a Augusto Sena Gomes, . para o inicio do processo de reestrutura\u00e7\u00e3o da feira livre do munic\u00edpio. O primeiro passo do projeto acontecer\u00e1 com a retirada das 22 barracas de zinco, realoc<span class=\"m_-3012677824673985165gmail-text_exposed_show\">ando-as para o galp\u00e3o de hortifruti desativado na Pra\u00e7a Castelo Branco.<\/span><\/p>\n<div class=\"m_-3012677824673985165gmail-text_exposed_show\">\n<p>Segundo o Secret\u00e1rio Cl\u00e1udio Nunes o projeto de revitaliza\u00e7\u00e3o da feira livre ser\u00e1 dividido em tr\u00eas etapas, \u201cVamos come\u00e7ar estruturando o galp\u00e3o de hortifruti visando oferecer condi\u00e7\u00f5es de trabalho e higiene adequados aos comerciantes e clientes. Na segunda etapa, realizaremos a transfer\u00eancia das barracas para um local apropriado. A etapa final consiste em transformar de maneira provis\u00f3ria o local hoje ocupado pelas barracas em uma central de transbordo, desafogando o centro da cidade que convive com constantes engarrafamentos devido ao grande movimento de carga e descarga\u201d, afirmou.<\/p>\n<p><a href=\"https:\/\/i0.wp.com\/blogdoeloiltoncajuhy.com.br\/site\/wp-content\/uploads\/2017\/01\/PMSB-feira1-1.jpg\"><img data-recalc-dims=\"1\" decoding=\"async\" class=\"aligncenter size-full wp-image-14697\" src=\"https:\/\/i0.wp.com\/blogdoeloiltoncajuhy.com.br\/site\/wp-content\/uploads\/2017\/01\/PMSB-feira1-1.jpg?resize=600%2C400\" alt=\"\" width=\"600\" height=\"400\" srcset=\"https:\/\/i0.wp.com\/blogdoeloiltoncajuhy.com.br\/site\/wp-content\/uploads\/2017\/01\/PMSB-feira1-1.jpg?w=600&amp;ssl=1 600w, https:\/\/i0.wp.com\/blogdoeloiltoncajuhy.com.br\/site\/wp-content\/uploads\/2017\/01\/PMSB-feira1-1.jpg?resize=300%2C200&amp;ssl=1 300w, https:\/\/i0.wp.com\/blogdoeloiltoncajuhy.com.br\/site\/wp-content\/uploads\/2017\/01\/PMSB-feira1-1.jpg?resize=250%2C167&amp;ssl=1 250w\" sizes=\"(max-width: 600px) 100vw, 600px\" \/><\/a>O prefeito Carlos Brasileiro informou que a central de transbordo funcionar\u00e1 de maneira provis\u00f3ria onde ser\u00e1 constru\u00eddo, no futuro, o mercado popular e o camel\u00f3dromo. \u201cEstamos aqui fazendo estudos e avaliando a situa\u00e7\u00e3o da Pra\u00e7a Augusto Sena Gomes com o objetivo de reorganizar a nossa feira livre e modernizar nossa estrutura. Estamos informando a popula\u00e7\u00e3o sobre as mudan\u00e7as e buscando solu\u00e7\u00f5es para os comerciantes, ambulantes, feirantes e consumidores\u201d, finalizou.<\/p>\n<p><em>*Ascom Prefeitura de Senhor do Bonfim<\/em><\/p>\n<\/div>\n","protected":false},"excerpt":{"rendered":"<p>Acompanhado dos Secret\u00e1rios de Administra\u00e7\u00e3o, Cl\u00e1udio Nunes, e de Infraestrutura, Ivan Barbosa, o prefeito Carlos Brasileiro visitou na manh\u00e3 desta quarta-feira(11), a Pra\u00e7a Augusto Sena Gomes, . para o inicio do processo de reestrutura\u00e7\u00e3o da feira livre do munic\u00edpio. O primeiro passo do projeto acontecer\u00e1 com a retirada das 22 barracas de zinco, realocando-as para [&hellip;]<\/p>\n","protected":false},"author":2,"featured_media":14697,"comment_status":"open","ping_status":"open","sticky":false,"template":"","format":"standard","meta":{"_acf_changed":false,"_monsterinsights_skip_tracking":false,"_monsterinsights_sitenote_active":false,"_monsterinsights_sitenote_note":"","_monsterinsights_sitenote_category":0,"_jetpack_memberships_contains_paid_content":false,"footnotes":"","jetpack_publicize_message":"","jetpack_publicize_feature_enabled":true,"jetpack_social_post_already_shared":true,"jetpack_social_options":{"image_generator_settings":{"template":"highway","default_image_id":0,"font":"","enabled":false},"version":2}},"categories":[1,3,4],"tags":[],"class_list":["post-14694","post","type-post","status-publish","format-standard","has-post-thumbnail","hentry","category-noticias","category-politica","category-local"],"acf":[],"jetpack_publicize_connections":[],"jetpack_featured_media_url":"https:\/\/i0.wp.com\/blogdoeloiltoncajuhy.com.br\/site\/wp-content\/uploads\/2017\/01\/PMSB-feira1-1.jpg?fit=600%2C400&ssl=1","jetpack_sharing_enabled":true,"publishpress_future_workflow_manual_trigger":{"enabledWorkflows":[]},"_links":{"self":[{"href":"https:\/\/blogdoeloiltoncajuhy.com.br\/site\/wp-json\/wp\/v2\/posts\/14694","targetHints":{"allow":["GET"]}}],"collection":[{"href":"https:\/\/blogdoeloiltoncajuhy.com.br\/site\/wp-json\/wp\/v2\/posts"}],"about":[{"href":"https:\/\/blogdoeloiltoncajuhy.com.br\/site\/wp-json\/wp\/v2\/types\/post"}],"author":[{"embeddable":true,"href":"https:\/\/blogdoeloiltoncajuhy.com.br\/site\/wp-json\/wp\/v2\/users\/2"}],"replies":[{"embeddable":true,"href":"https:\/\/blogdoeloiltoncajuhy.com.br\/site\/wp-json\/wp\/v2\/comments?post=14694"}],"version-history":[{"count":1,"href":"https:\/\/blogdoeloiltoncajuhy.com.br\/site\/wp-json\/wp\/v2\/posts\/14694\/revisions"}],"predecessor-version":[{"id":14698,"href":"https:\/\/blogdoeloiltoncajuhy.com.br\/site\/wp-json\/wp\/v2\/posts\/14694\/revisions\/14698"}],"wp:featuredmedia":[{"embeddable":true,"href":"https:\/\/blogdoeloiltoncajuhy.com.br\/site\/wp-json\/wp\/v2\/media\/14697"}],"wp:attachment":[{"href":"https:\/\/blogdoeloiltoncajuhy.com.br\/site\/wp-json\/wp\/v2\/media?parent=14694"}],"wp:term":[{"taxonomy":"category","embeddable":true,"href":"https:\/\/blogdoeloiltoncajuhy.com.br\/site\/wp-json\/wp\/v2\/categories?post=14694"},{"taxonomy":"post_tag","embeddable":true,"href":"https:\/\/blogdoeloiltoncajuhy.com.br\/site\/wp-json\/wp\/v2\/tags?post=14694"}],"curies":[{"name":"wp","href":"https:\/\/api.w.org\/{rel}","templated":true}]}}