{"id":14692,"date":"2017-01-12T12:30:14","date_gmt":"2017-01-12T15:30:14","guid":{"rendered":"http:\/\/blogdoeloiltoncajuhy.com.br\/site\/?p=14692"},"modified":"2017-01-12T12:30:14","modified_gmt":"2017-01-12T15:30:14","slug":"festa-do-senhor-do-bonfim-novenario-prossegue-nesta-quinta-feira-12","status":"publish","type":"post","link":"https:\/\/blogdoeloiltoncajuhy.com.br\/site\/festa-do-senhor-do-bonfim-novenario-prossegue-nesta-quinta-feira-12\/","title":{"rendered":"FESTA DO SENHOR DO BONFIM: Noven\u00e1rio prossegue nesta quinta-feira (12)"},"content":{"rendered":"<p><a href=\"https:\/\/i0.wp.com\/blogdoeloiltoncajuhy.com.br\/site\/wp-content\/uploads\/2017\/01\/Festa-Senhor-do-Bonfim_capa.jpg\"><img data-recalc-dims=\"1\" fetchpriority=\"high\" decoding=\"async\" class=\"wp-image-14560 size-medium alignleft\" src=\"https:\/\/i0.wp.com\/blogdoeloiltoncajuhy.com.br\/site\/wp-content\/uploads\/2017\/01\/Festa-Senhor-do-Bonfim_capa.jpg?resize=212%2C300\" width=\"212\" height=\"300\" srcset=\"https:\/\/i0.wp.com\/blogdoeloiltoncajuhy.com.br\/site\/wp-content\/uploads\/2017\/01\/Festa-Senhor-do-Bonfim_capa.jpg?resize=212%2C300&amp;ssl=1 212w, https:\/\/i0.wp.com\/blogdoeloiltoncajuhy.com.br\/site\/wp-content\/uploads\/2017\/01\/Festa-Senhor-do-Bonfim_capa.jpg?resize=177%2C250&amp;ssl=1 177w, https:\/\/i0.wp.com\/blogdoeloiltoncajuhy.com.br\/site\/wp-content\/uploads\/2017\/01\/Festa-Senhor-do-Bonfim_capa.jpg?w=678&amp;ssl=1 678w\" sizes=\"(max-width: 212px) 100vw, 212px\" \/><\/a>A programa\u00e7\u00e3o da Festa do Senhor do Bonfim, padroeiro da nossa cidade &#8211; come\u00e7ou com Missa \u00e0s 7h, em homenagem ao saudoso Bispo Dom Jairo. Ao meio dia, mais uma missa e, sem seguida, exposi\u00e7\u00e3o e adora\u00e7\u00e3o do Sant\u00edssimo Sacramento at\u00e9 as 19h. Durante o dia, acontecem as confiss\u00f5es no Confission\u00e1rio M\u00f3vel, instalado em frente \u00e0 Catedral Diocesana.<\/p>\n<p>\u00c0s 19h30, ser\u00e1 celebrada mais uma novena, com o tema: Maria, M\u00e3e da Unidade. O pregador ser\u00e1 Frei David dos Santos, da Par\u00f3quia Santo Antonio de Campo Formoso.<\/p>\n<p>Ap\u00f3s a celebra\u00e7\u00e3o da novena, haver\u00e1 quermesse e show cultural no palco montado na Pra\u00e7a Juracy Magalh\u00e3es, parte lateral frontal da Igreja.<\/p>\n<p><em>*BLOG DO ELOILTON CAJUHY<\/em><\/p>\n<p>&nbsp;<\/p>\n","protected":false},"excerpt":{"rendered":"<p>A programa\u00e7\u00e3o da Festa do Senhor do Bonfim, padroeiro da nossa cidade &#8211; come\u00e7ou com Missa \u00e0s 7h, em homenagem ao saudoso Bispo Dom Jairo. Ao meio dia, mais uma missa e, sem seguida, exposi\u00e7\u00e3o e adora\u00e7\u00e3o do Sant\u00edssimo Sacramento at\u00e9 as 19h. Durante o dia, acontecem as confiss\u00f5es no Confission\u00e1rio M\u00f3vel, instalado em frente [&hellip;]<\/p>\n","protected":false},"author":2,"featured_media":0,"comment_status":"open","ping_status":"open","sticky":false,"template":"","format":"standard","meta":{"_acf_changed":false,"_monsterinsights_skip_tracking":false,"_monsterinsights_sitenote_active":false,"_monsterinsights_sitenote_note":"","_monsterinsights_sitenote_category":0,"_jetpack_memberships_contains_paid_content":false,"footnotes":"","jetpack_publicize_message":"","jetpack_publicize_feature_enabled":true,"jetpack_social_post_already_shared":true,"jetpack_social_options":{"image_generator_settings":{"template":"highway","default_image_id":0,"font":"","enabled":false},"version":2}},"categories":[1,4],"tags":[],"class_list":["post-14692","post","type-post","status-publish","format-standard","hentry","category-noticias","category-local"],"acf":[],"jetpack_publicize_connections":[],"jetpack_featured_media_url":"","jetpack_sharing_enabled":true,"publishpress_future_workflow_manual_trigger":{"enabledWorkflows":[]},"_links":{"self":[{"href":"https:\/\/blogdoeloiltoncajuhy.com.br\/site\/wp-json\/wp\/v2\/posts\/14692","targetHints":{"allow":["GET"]}}],"collection":[{"href":"https:\/\/blogdoeloiltoncajuhy.com.br\/site\/wp-json\/wp\/v2\/posts"}],"about":[{"href":"https:\/\/blogdoeloiltoncajuhy.com.br\/site\/wp-json\/wp\/v2\/types\/post"}],"author":[{"embeddable":true,"href":"https:\/\/blogdoeloiltoncajuhy.com.br\/site\/wp-json\/wp\/v2\/users\/2"}],"replies":[{"embeddable":true,"href":"https:\/\/blogdoeloiltoncajuhy.com.br\/site\/wp-json\/wp\/v2\/comments?post=14692"}],"version-history":[{"count":1,"href":"https:\/\/blogdoeloiltoncajuhy.com.br\/site\/wp-json\/wp\/v2\/posts\/14692\/revisions"}],"predecessor-version":[{"id":14693,"href":"https:\/\/blogdoeloiltoncajuhy.com.br\/site\/wp-json\/wp\/v2\/posts\/14692\/revisions\/14693"}],"wp:attachment":[{"href":"https:\/\/blogdoeloiltoncajuhy.com.br\/site\/wp-json\/wp\/v2\/media?parent=14692"}],"wp:term":[{"taxonomy":"category","embeddable":true,"href":"https:\/\/blogdoeloiltoncajuhy.com.br\/site\/wp-json\/wp\/v2\/categories?post=14692"},{"taxonomy":"post_tag","embeddable":true,"href":"https:\/\/blogdoeloiltoncajuhy.com.br\/site\/wp-json\/wp\/v2\/tags?post=14692"}],"curies":[{"name":"wp","href":"https:\/\/api.w.org\/{rel}","templated":true}]}}