{"id":14690,"date":"2017-01-12T09:32:58","date_gmt":"2017-01-12T12:32:58","guid":{"rendered":"http:\/\/blogdoeloiltoncajuhy.com.br\/site\/?p=14690"},"modified":"2023-01-12T06:39:15","modified_gmt":"2023-01-12T09:39:15","slug":"missa-lembra-os-10-anos-da-morte-de-dom-jairo-matos","status":"publish","type":"post","link":"https:\/\/blogdoeloiltoncajuhy.com.br\/site\/missa-lembra-os-10-anos-da-morte-de-dom-jairo-matos\/","title":{"rendered":"Missa lembra os 10 anos da morte de Dom Jairo Matos"},"content":{"rendered":"<p><a href=\"https:\/\/i0.wp.com\/blogdoeloiltoncajuhy.com.br\/site\/wp-content\/uploads\/2016\/01\/Dom-Jairo.jpg\"><img data-recalc-dims=\"1\" decoding=\"async\" class=\"wp-image-6975 size-medium alignleft\" src=\"https:\/\/i0.wp.com\/blogdoeloiltoncajuhy.com.br\/site\/wp-content\/uploads\/2016\/01\/Dom-Jairo.jpg?resize=134%2C300\" width=\"134\" height=\"300\" srcset=\"https:\/\/i0.wp.com\/blogdoeloiltoncajuhy.com.br\/site\/wp-content\/uploads\/2016\/01\/Dom-Jairo.jpg?resize=134%2C300&amp;ssl=1 134w, https:\/\/i0.wp.com\/blogdoeloiltoncajuhy.com.br\/site\/wp-content\/uploads\/2016\/01\/Dom-Jairo.jpg?resize=112%2C250&amp;ssl=1 112w, https:\/\/i0.wp.com\/blogdoeloiltoncajuhy.com.br\/site\/wp-content\/uploads\/2016\/01\/Dom-Jairo.jpg?w=271&amp;ssl=1 271w\" sizes=\"(max-width: 134px) 100vw, 134px\" \/><\/a>Fazendo parte das comemora\u00e7\u00f5es alusivas ao Padroeiro Senhor do Bonfim, uma missa foi celebrada \u00e0s 7h da manh\u00e3 desta quinta-feira (12), em homenagem ao saudoso Bispo de Bonfim, Dom Jairo Rui Matos da Silva. Ele faleceu h\u00e1 10 anos, exatamente no dia 12 de janeiro de 2007, por volta das 4h, na Casa de Retiro S\u00e3o Francisco, em Salvador.<\/p>\n<p><strong>UMA VIDA DE ENTREGA A DEUS &#8211;&nbsp;<\/strong>Dom Jairo nasceu no dia 3 de julho de 1929, na cidade de Castro Alves (BA). Fez os estudos iniciais em sua terra natal. Em 1942 ingressou no Semin\u00e1rio Menor de S\u00e3o Vicente de Paulo (em Itaparica) pela Arquidiocese de S\u00e3o Salvador que era dirigido pelo arcebispo primaz D. Augusto \u00c1lvaro da Silva, mais tarde elevado a cardeal. Dois anos depois foi transferido para Salvador (Semin\u00e1rio S\u00e3o Jos\u00e9), onde continuou os estudos eclesi\u00e1sticos.<\/p>\n<p>Em 11 de janeiro de 1963 foi transferido para Jequi\u00e9 (par\u00f3quia Santo Antonio de P\u00e1dua). Ali permaneceu durante 11 anos, at\u00e9 sua nomea\u00e7\u00e3o como bispo da diocese de Bonfim (aos 16 de janeiro de 1974), pelo papa Paulo VI.<\/p>\n<p>Foi ordenado bispo no dia 05 de maio na pra\u00e7a da Igreja Matriz de Jequi\u00e9. Chegou \u00e0 cidade de Senhor do Bonfim no dia 2 de junho de 1974, tomando posse com 5\u00ba bispo da diocese.Durante os anos de magist\u00e9rio episcopal \u00e0 frente da diocese de Bonfim, podemos destacar alguns de seus trabalhos. Restaurou um pr\u00e9dio dos Vicentinos, onde funciona desde 1975 um Artesanato que preparou mais de 500 (quinhentas) pessoas pobres.<\/p>\n<p>Reformou o atual Gin\u00e1sio Diocesano, adaptando-o, tamb\u00e9m, para forma\u00e7\u00e3o de agentes da pastoral. Criou o boletim mensal intitulado \u201cRessurrei\u00e7\u00e3o e Vida\u201d cujo 1\u00ba n\u00famero saiu no mesmo m\u00eas de sua chegada. Apoiou a funda\u00e7\u00e3o do sindicato dos trabalhadores rurais e a Associa\u00e7\u00e3o das Lavadeiras de Senhor do Bonfim. Adquiriu e recuperou algumas casas, sal\u00f5es paroquiais, igrejas e capelas. Construiu uma nova c\u00faria, tendo ao lado um sal\u00e3o \u2013 Audit\u00f3rio e um conjunto de salas para as diversas comiss\u00f5es de trabalho pastoral.<\/p>\n<p>Introduziu a pr\u00e1tica das Assembleias diocesanas para avalia\u00e7\u00e3o e planejamento das atividades apost\u00f3licas e dividiu a diocese em 5 Zonais a fim de que as par\u00f3quias mais pr\u00f3ximas pudessem se encontrar para revis\u00e3o e planejamento dos trabalhos de evangeliza\u00e7\u00e3o.<\/p>\n<p>Aceitou e incentivou o projeto \u201cIgreja Irm\u00e3s\u201d entre as diocese de Santa Catarina e as da Bahia. Fundou a Obra Kolping cuja finalidade \u00e9 formar a juventude pelo trabalho, pela religi\u00e3o e pela recrea\u00e7\u00e3o. Promoveu a \u201cMiss\u00e3o da terra\u201d para irmanar e esclarecer os camponeses no seu esfor\u00e7o e na sua conquista por um mundo mais justo.<\/p>\n<p><em>*BLOG DO ELOILTON CAJUHY &#8211; Informa\u00e7\u00f5es adicionais Can\u00e7\u00e3o Nova<\/em><\/p>\n","protected":false},"excerpt":{"rendered":"<p>Fazendo parte das comemora\u00e7\u00f5es alusivas ao Padroeiro Senhor do Bonfim, uma missa foi celebrada \u00e0s 7h da manh\u00e3 desta quinta-feira (12), em homenagem ao saudoso Bispo de Bonfim, Dom Jairo Rui Matos da Silva. Ele faleceu h\u00e1 10 anos, exatamente no dia 12 de janeiro de 2007, por volta das 4h, na Casa de Retiro [&hellip;]<\/p>\n","protected":false},"author":2,"featured_media":6975,"comment_status":"open","ping_status":"open","sticky":false,"template":"","format":"standard","meta":{"_acf_changed":false,"_monsterinsights_skip_tracking":false,"_monsterinsights_sitenote_active":false,"_monsterinsights_sitenote_note":"","_monsterinsights_sitenote_category":0,"_jetpack_memberships_contains_paid_content":false,"footnotes":"","jetpack_publicize_message":"","jetpack_publicize_feature_enabled":true,"jetpack_social_post_already_shared":true,"jetpack_social_options":{"image_generator_settings":{"template":"highway","default_image_id":0,"font":"","enabled":false},"version":2}},"categories":[4],"tags":[],"class_list":["post-14690","post","type-post","status-publish","format-standard","has-post-thumbnail","hentry","category-local"],"acf":[],"jetpack_publicize_connections":[],"jetpack_featured_media_url":"https:\/\/i0.wp.com\/blogdoeloiltoncajuhy.com.br\/site\/wp-content\/uploads\/2016\/01\/Dom-Jairo.jpg?fit=271%2C605&ssl=1","jetpack_sharing_enabled":true,"publishpress_future_workflow_manual_trigger":{"enabledWorkflows":[]},"_links":{"self":[{"href":"https:\/\/blogdoeloiltoncajuhy.com.br\/site\/wp-json\/wp\/v2\/posts\/14690","targetHints":{"allow":["GET"]}}],"collection":[{"href":"https:\/\/blogdoeloiltoncajuhy.com.br\/site\/wp-json\/wp\/v2\/posts"}],"about":[{"href":"https:\/\/blogdoeloiltoncajuhy.com.br\/site\/wp-json\/wp\/v2\/types\/post"}],"author":[{"embeddable":true,"href":"https:\/\/blogdoeloiltoncajuhy.com.br\/site\/wp-json\/wp\/v2\/users\/2"}],"replies":[{"embeddable":true,"href":"https:\/\/blogdoeloiltoncajuhy.com.br\/site\/wp-json\/wp\/v2\/comments?post=14690"}],"version-history":[{"count":2,"href":"https:\/\/blogdoeloiltoncajuhy.com.br\/site\/wp-json\/wp\/v2\/posts\/14690\/revisions"}],"predecessor-version":[{"id":71541,"href":"https:\/\/blogdoeloiltoncajuhy.com.br\/site\/wp-json\/wp\/v2\/posts\/14690\/revisions\/71541"}],"wp:featuredmedia":[{"embeddable":true,"href":"https:\/\/blogdoeloiltoncajuhy.com.br\/site\/wp-json\/wp\/v2\/media\/6975"}],"wp:attachment":[{"href":"https:\/\/blogdoeloiltoncajuhy.com.br\/site\/wp-json\/wp\/v2\/media?parent=14690"}],"wp:term":[{"taxonomy":"category","embeddable":true,"href":"https:\/\/blogdoeloiltoncajuhy.com.br\/site\/wp-json\/wp\/v2\/categories?post=14690"},{"taxonomy":"post_tag","embeddable":true,"href":"https:\/\/blogdoeloiltoncajuhy.com.br\/site\/wp-json\/wp\/v2\/tags?post=14690"}],"curies":[{"name":"wp","href":"https:\/\/api.w.org\/{rel}","templated":true}]}}