{"id":14684,"date":"2017-01-11T22:30:14","date_gmt":"2017-01-12T01:30:14","guid":{"rendered":"http:\/\/blogdoeloiltoncajuhy.com.br\/site\/?p=14684"},"modified":"2017-01-12T07:30:40","modified_gmt":"2017-01-12T10:30:40","slug":"bonfim-vereador-hermogenes-almeida-sera-transferido-para-salvador-apos-suspeita-de-enfarte","status":"publish","type":"post","link":"https:\/\/blogdoeloiltoncajuhy.com.br\/site\/bonfim-vereador-hermogenes-almeida-sera-transferido-para-salvador-apos-suspeita-de-enfarte\/","title":{"rendered":"BONFIM: Vereador Herm\u00f3genes Almeida ser\u00e1 transferido para Salvador ap\u00f3s suspeita de enfarte"},"content":{"rendered":"<figure id=\"attachment_14685\" aria-describedby=\"caption-attachment-14685\" style=\"width: 552px\" class=\"wp-caption aligncenter\"><a href=\"https:\/\/i0.wp.com\/blogdoeloiltoncajuhy.com.br\/site\/wp-content\/uploads\/2017\/01\/herm%C3%B3genes.jpg\"><img data-recalc-dims=\"1\" fetchpriority=\"high\" decoding=\"async\" class=\"wp-image-14685 size-full\" src=\"https:\/\/i0.wp.com\/blogdoeloiltoncajuhy.com.br\/site\/wp-content\/uploads\/2017\/01\/herm%C3%B3genes.jpg?resize=552%2C368\" width=\"552\" height=\"368\" srcset=\"https:\/\/i0.wp.com\/blogdoeloiltoncajuhy.com.br\/site\/wp-content\/uploads\/2017\/01\/herm%C3%B3genes.jpg?w=552&amp;ssl=1 552w, https:\/\/i0.wp.com\/blogdoeloiltoncajuhy.com.br\/site\/wp-content\/uploads\/2017\/01\/herm%C3%B3genes.jpg?resize=300%2C200&amp;ssl=1 300w, https:\/\/i0.wp.com\/blogdoeloiltoncajuhy.com.br\/site\/wp-content\/uploads\/2017\/01\/herm%C3%B3genes.jpg?resize=250%2C167&amp;ssl=1 250w\" sizes=\"(max-width: 552px) 100vw, 552px\" \/><\/a><figcaption id=\"caption-attachment-14685\" class=\"wp-caption-text\">Foto: Reprodu\u00e7\u00e3o Facebook<\/figcaption><\/figure>\n<p>O Vereador Herm\u00f3genes Almeida, que completou 51 anos de idade nesta quarta-feira (11), foi atendido no dia de seu anivers\u00e1rio, ap\u00f3s sentir-se mal, no distrito de Carrapichel, onde mora. Segundo informa\u00e7\u00f5es do Prefeito Carlos Brasileiro, ele foi atendido de\u00a0manh\u00e3 pelo m\u00e9dico Francisco Lustiago que, ap\u00f3s avaliar seu quadro, recomendou transfer\u00eancia para um\u00a0centro especializado.<\/p>\n<p>A suspeita \u00e9 de que o vereador sofreu um enfarte. Herm\u00f3genes foi internado no Hospital Paulo Hilari\u00e3o, a fim de ser medicado enquanto aguarda transfer\u00eancia. Ainda de acordo com Carlos Brasileiro, \u00e0 noite saiu a regula\u00e7\u00e3o e, at\u00e9 o fechamento desta mat\u00e9ria, uma ambul\u00e2ncia estava sendo preparada para levar &#8220;Moge&#8221;, como tamb\u00e9m \u00e9 conhecido, para o Hospital Ana Neri, em Salvador.<\/p>\n<p>Depois de dois mandatos como vereador, Herm\u00f3genes Gomes de Almeida n\u00e3o conseguiu se reeleger em 2008. Voltou a concorrer ao cargo nas elei\u00e7\u00f5es deste ano, pelo Partido dos Trabalhadores (PT), sendo eleito com 1. 297 votos. Em 2006, ele disputou a elei\u00e7\u00e3o de deputado estadual, mas n\u00e3o se elegeu.<\/p>\n<p><em>*BLOG DO ELOILTON CAJUHY<\/em><\/p>\n<p><strong>**O vereador teve a sua regula\u00e7\u00e3o mudada sendo transferido para um hospital de Juazeiro. Seu quadro \u00e9 est\u00e1vel e ele aguarda a realiza\u00e7\u00e3o de cateterismo.<\/strong><\/p>\n","protected":false},"excerpt":{"rendered":"<p>O Vereador Herm\u00f3genes Almeida, que completou 51 anos de idade nesta quarta-feira (11), foi atendido no dia de seu anivers\u00e1rio, ap\u00f3s sentir-se mal, no distrito de Carrapichel, onde mora. Segundo informa\u00e7\u00f5es do Prefeito Carlos Brasileiro, ele foi atendido de\u00a0manh\u00e3 pelo m\u00e9dico Francisco Lustiago que, ap\u00f3s avaliar seu quadro, recomendou transfer\u00eancia para um\u00a0centro especializado. A suspeita [&hellip;]<\/p>\n","protected":false},"author":2,"featured_media":14685,"comment_status":"open","ping_status":"open","sticky":false,"template":"","format":"standard","meta":{"_acf_changed":false,"_monsterinsights_skip_tracking":false,"_monsterinsights_sitenote_active":false,"_monsterinsights_sitenote_note":"","_monsterinsights_sitenote_category":0,"_jetpack_memberships_contains_paid_content":false,"footnotes":"","jetpack_publicize_message":"","jetpack_publicize_feature_enabled":true,"jetpack_social_post_already_shared":true,"jetpack_social_options":{"image_generator_settings":{"template":"highway","default_image_id":0,"font":"","enabled":false},"version":2}},"categories":[1,3,4],"tags":[],"class_list":["post-14684","post","type-post","status-publish","format-standard","has-post-thumbnail","hentry","category-noticias","category-politica","category-local"],"acf":[],"jetpack_publicize_connections":[],"jetpack_featured_media_url":"https:\/\/i0.wp.com\/blogdoeloiltoncajuhy.com.br\/site\/wp-content\/uploads\/2017\/01\/herm%C3%B3genes.jpg?fit=552%2C368&ssl=1","jetpack_sharing_enabled":true,"publishpress_future_workflow_manual_trigger":{"enabledWorkflows":[]},"_links":{"self":[{"href":"https:\/\/blogdoeloiltoncajuhy.com.br\/site\/wp-json\/wp\/v2\/posts\/14684","targetHints":{"allow":["GET"]}}],"collection":[{"href":"https:\/\/blogdoeloiltoncajuhy.com.br\/site\/wp-json\/wp\/v2\/posts"}],"about":[{"href":"https:\/\/blogdoeloiltoncajuhy.com.br\/site\/wp-json\/wp\/v2\/types\/post"}],"author":[{"embeddable":true,"href":"https:\/\/blogdoeloiltoncajuhy.com.br\/site\/wp-json\/wp\/v2\/users\/2"}],"replies":[{"embeddable":true,"href":"https:\/\/blogdoeloiltoncajuhy.com.br\/site\/wp-json\/wp\/v2\/comments?post=14684"}],"version-history":[{"count":4,"href":"https:\/\/blogdoeloiltoncajuhy.com.br\/site\/wp-json\/wp\/v2\/posts\/14684\/revisions"}],"predecessor-version":[{"id":14689,"href":"https:\/\/blogdoeloiltoncajuhy.com.br\/site\/wp-json\/wp\/v2\/posts\/14684\/revisions\/14689"}],"wp:featuredmedia":[{"embeddable":true,"href":"https:\/\/blogdoeloiltoncajuhy.com.br\/site\/wp-json\/wp\/v2\/media\/14685"}],"wp:attachment":[{"href":"https:\/\/blogdoeloiltoncajuhy.com.br\/site\/wp-json\/wp\/v2\/media?parent=14684"}],"wp:term":[{"taxonomy":"category","embeddable":true,"href":"https:\/\/blogdoeloiltoncajuhy.com.br\/site\/wp-json\/wp\/v2\/categories?post=14684"},{"taxonomy":"post_tag","embeddable":true,"href":"https:\/\/blogdoeloiltoncajuhy.com.br\/site\/wp-json\/wp\/v2\/tags?post=14684"}],"curies":[{"name":"wp","href":"https:\/\/api.w.org\/{rel}","templated":true}]}}