{"id":14676,"date":"2017-01-11T18:19:57","date_gmt":"2017-01-11T21:19:57","guid":{"rendered":"http:\/\/blogdoeloiltoncajuhy.com.br\/site\/?p=14676"},"modified":"2017-01-11T18:19:57","modified_gmt":"2017-01-11T21:19:57","slug":"prefeitura-de-ponto-novo-informa-roteiro-da-coleta-de-lixo","status":"publish","type":"post","link":"https:\/\/blogdoeloiltoncajuhy.com.br\/site\/prefeitura-de-ponto-novo-informa-roteiro-da-coleta-de-lixo\/","title":{"rendered":"Prefeitura de Ponto Novo informa roteiro da coleta de lixo"},"content":{"rendered":"<p><a href=\"https:\/\/i0.wp.com\/blogdoeloiltoncajuhy.com.br\/site\/wp-content\/uploads\/2017\/01\/PN_Coleta-de-lixo-e1484169577922.jpg\"><img data-recalc-dims=\"1\" fetchpriority=\"high\" decoding=\"async\" class=\"aligncenter size-full wp-image-14677\" src=\"https:\/\/i0.wp.com\/blogdoeloiltoncajuhy.com.br\/site\/wp-content\/uploads\/2017\/01\/PN_Coleta-de-lixo-e1484169577922.jpg?resize=600%2C400\" alt=\"\" width=\"600\" height=\"400\" \/><\/a>A Prefeitura Municipal de Ponto Novo, atrav\u00e9s da Secretaria Municipal de Infraestrutura, divulgou nesta quarta-feira, dia 11, a programa\u00e7\u00e3o de recolhimento dos res\u00edduos descartados em ruas e avenidas da sede, do distrito de Barracas e dos povoados.<\/p>\n<p>O roteiro \u00e9 fundamental para que o cidad\u00e3o possa se programar para o despejo do lixo de acordo com a coleta, que est\u00e1 sendo realizada conforme a seguinte programa\u00e7\u00e3o:<\/p>\n<p><strong>Todas as segundas, quartas e sextas-feiras pela manh\u00e3:<\/strong><br \/>\n. Pra\u00e7a Nova da Integra\u00e7\u00e3o;<br \/>\n. Rua Bela Vista e Pra\u00e7a Bela Vista;<br \/>\n. Rua Senhor do Bonfim;<br \/>\n. Pra\u00e7a do Com\u00e9rcio;<br \/>\n. Pra\u00e7a Manoel Novaes;<br \/>\n. Rua 13 de Maio;<br \/>\n. Rua S\u00e3o Jorge;<br \/>\n. Rua Altamirando Maia;<br \/>\n. Rua ACM;<br \/>\n. Pra\u00e7a Leonidas Freire;<br \/>\n. Avenida Lomanto Junior (at\u00e9 a C\u00e2mara de Vereadores);<br \/>\n. Bairro Novo Paraiso;<br \/>\n. Bairro das Populares;<br \/>\n. Bairro Quintino Maciel;<br \/>\n. Rua Berinaldo Alves de Souza (popular Rua do Zumbi);<br \/>\n. Bairro Nossa Senhora de F\u00e1tima;<br \/>\n. Bairro Portal das \u00c1guas;<br \/>\n. Distrito de Barracas.<\/p>\n<p><strong>Todas as segundas, quartas e sextas-feiras pela tarde:<\/strong><br \/>\n. Bairro Sol Nascente (popular Oscar Macedo I);<br \/>\n. Bairro do Beroso;<br \/>\n. Bairro Oscar Macedo II;<br \/>\n. Bairro Nova Esperan\u00e7a;<br \/>\n. Bairro do Contorno;<br \/>\n. Pra\u00e7a Pedro Barbosa de Deus (popular Pra\u00e7a da Feira).<\/p>\n<p><strong>Todas as ter\u00e7a-feiras:<\/strong><br \/>\n. Povoado de Nova Represa;<br \/>\n. Povoado de V\u00e1rzea da Pedra Reforma;<br \/>\n. Povoado de V\u00e1rzea do Po\u00e7o;<br \/>\n. Sitio Barreiras;<br \/>\n. Distrito de Irriga\u00e7\u00e3o;<br \/>\n. Pra\u00e7a Nova da Integra\u00e7\u00e3o;<br \/>\n. Pra\u00e7a Manoel Novais;<br \/>\n. Pra\u00e7a Pedro Barbosa de Deus;<br \/>\n. Pra\u00e7a Altamirando Maia (em frente ao Anexo I).<\/p>\n<p><strong>Todas as quintas-feiras:<\/strong><br \/>\n. Reassentamento;<br \/>\n. Povoado de V\u00e1rzea de Pedra Capim;<br \/>\n. Povoado de Vila do Angico;<br \/>\n. Povoado de Cai\u00e7ara;<br \/>\n. Povoado de Pedra Branca;<br \/>\n. Pra\u00e7a Nova da Integra\u00e7\u00e3o;<br \/>\n. Pra\u00e7a Manoel Novais;<br \/>\n. Pra\u00e7a do Com\u00e9rcio;<br \/>\n. Pra\u00e7a Pedro Barbosa de Deus;<br \/>\n. Pra\u00e7a Altamirando Maia.<\/p>\n<p><strong>Todas as sextas-feiras:<\/strong><br \/>\n. Coletor de Lixo na Pra\u00e7a Pedro Barbosa de Deus (ap\u00f3s o t\u00e9rmino da feira livre).<\/p>\n<p><em>*ASCOM \u2013 Prefeitura Municipal de Ponto Novo<\/em><\/p>\n","protected":false},"excerpt":{"rendered":"<p>A Prefeitura Municipal de Ponto Novo, atrav\u00e9s da Secretaria Municipal de Infraestrutura, divulgou nesta quarta-feira, dia 11, a programa\u00e7\u00e3o de recolhimento dos res\u00edduos descartados em ruas e avenidas da sede, do distrito de Barracas e dos povoados. O roteiro \u00e9 fundamental para que o cidad\u00e3o possa se programar para o despejo do lixo de acordo [&hellip;]<\/p>\n","protected":false},"author":2,"featured_media":14677,"comment_status":"open","ping_status":"open","sticky":false,"template":"","format":"standard","meta":{"_acf_changed":false,"_monsterinsights_skip_tracking":false,"_monsterinsights_sitenote_active":false,"_monsterinsights_sitenote_note":"","_monsterinsights_sitenote_category":0,"_jetpack_memberships_contains_paid_content":false,"footnotes":"","jetpack_publicize_message":"","jetpack_publicize_feature_enabled":true,"jetpack_social_post_already_shared":true,"jetpack_social_options":{"image_generator_settings":{"template":"highway","default_image_id":0,"font":"","enabled":false},"version":2}},"categories":[1,11],"tags":[],"class_list":["post-14676","post","type-post","status-publish","format-standard","has-post-thumbnail","hentry","category-noticias","category-regional"],"acf":[],"jetpack_publicize_connections":[],"jetpack_featured_media_url":"https:\/\/i0.wp.com\/blogdoeloiltoncajuhy.com.br\/site\/wp-content\/uploads\/2017\/01\/PN_Coleta-de-lixo-e1484169577922.jpg?fit=600%2C400&ssl=1","jetpack_sharing_enabled":true,"publishpress_future_workflow_manual_trigger":{"enabledWorkflows":[]},"_links":{"self":[{"href":"https:\/\/blogdoeloiltoncajuhy.com.br\/site\/wp-json\/wp\/v2\/posts\/14676","targetHints":{"allow":["GET"]}}],"collection":[{"href":"https:\/\/blogdoeloiltoncajuhy.com.br\/site\/wp-json\/wp\/v2\/posts"}],"about":[{"href":"https:\/\/blogdoeloiltoncajuhy.com.br\/site\/wp-json\/wp\/v2\/types\/post"}],"author":[{"embeddable":true,"href":"https:\/\/blogdoeloiltoncajuhy.com.br\/site\/wp-json\/wp\/v2\/users\/2"}],"replies":[{"embeddable":true,"href":"https:\/\/blogdoeloiltoncajuhy.com.br\/site\/wp-json\/wp\/v2\/comments?post=14676"}],"version-history":[{"count":1,"href":"https:\/\/blogdoeloiltoncajuhy.com.br\/site\/wp-json\/wp\/v2\/posts\/14676\/revisions"}],"predecessor-version":[{"id":14678,"href":"https:\/\/blogdoeloiltoncajuhy.com.br\/site\/wp-json\/wp\/v2\/posts\/14676\/revisions\/14678"}],"wp:featuredmedia":[{"embeddable":true,"href":"https:\/\/blogdoeloiltoncajuhy.com.br\/site\/wp-json\/wp\/v2\/media\/14677"}],"wp:attachment":[{"href":"https:\/\/blogdoeloiltoncajuhy.com.br\/site\/wp-json\/wp\/v2\/media?parent=14676"}],"wp:term":[{"taxonomy":"category","embeddable":true,"href":"https:\/\/blogdoeloiltoncajuhy.com.br\/site\/wp-json\/wp\/v2\/categories?post=14676"},{"taxonomy":"post_tag","embeddable":true,"href":"https:\/\/blogdoeloiltoncajuhy.com.br\/site\/wp-json\/wp\/v2\/tags?post=14676"}],"curies":[{"name":"wp","href":"https:\/\/api.w.org\/{rel}","templated":true}]}}