{"id":14666,"date":"2017-01-11T12:18:18","date_gmt":"2017-01-11T15:18:18","guid":{"rendered":"http:\/\/blogdoeloiltoncajuhy.com.br\/site\/?p=14666"},"modified":"2017-01-11T12:18:18","modified_gmt":"2017-01-11T15:18:18","slug":"embasa-realiza-recadastramento-da-tarifa-social","status":"publish","type":"post","link":"https:\/\/blogdoeloiltoncajuhy.com.br\/site\/embasa-realiza-recadastramento-da-tarifa-social\/","title":{"rendered":"Embasa realiza recadastramento da Tarifa Social"},"content":{"rendered":"<p><a href=\"https:\/\/i0.wp.com\/blogdoeloiltoncajuhy.com.br\/site\/wp-content\/uploads\/2015\/05\/EMBASA-SR.jpg\"><img data-recalc-dims=\"1\" fetchpriority=\"high\" decoding=\"async\" class=\"aligncenter size-full wp-image-908\" src=\"https:\/\/i0.wp.com\/blogdoeloiltoncajuhy.com.br\/site\/wp-content\/uploads\/2015\/05\/EMBASA-SR.jpg?resize=550%2C300\" alt=\"\" width=\"550\" height=\"300\" srcset=\"https:\/\/i0.wp.com\/blogdoeloiltoncajuhy.com.br\/site\/wp-content\/uploads\/2015\/05\/EMBASA-SR.jpg?w=550&amp;ssl=1 550w, https:\/\/i0.wp.com\/blogdoeloiltoncajuhy.com.br\/site\/wp-content\/uploads\/2015\/05\/EMBASA-SR.jpg?resize=300%2C164&amp;ssl=1 300w, https:\/\/i0.wp.com\/blogdoeloiltoncajuhy.com.br\/site\/wp-content\/uploads\/2015\/05\/EMBASA-SR.jpg?resize=250%2C136&amp;ssl=1 250w\" sizes=\"(max-width: 550px) 100vw, 550px\" \/><\/a>Os benefici\u00e1rios da Tarifa Social da Embasa t\u00eam at\u00e9 20 de fevereiro para fazer seu recadastramento junto \u00e0 empresa e garantir a continuidade do benef\u00edcio. Os titulares do Programa Bolsa Fam\u00edlia devem comparecer a um dos pontos de atendimento da empresa, munidos dos seguintes documentos (c\u00f3pias e originais): RG, CPF, conta da Embasa e comprovante de saque do Bolsa Fam\u00edlia dos \u00faltimos 90 dias. Os usu\u00e1rios que n\u00e3o fizerem a atualiza\u00e7\u00e3o no prazo informado ter\u00e3o o benef\u00edcio suspenso.<\/p>\n<p>Voltada para a popula\u00e7\u00e3o de baixa renda cadastrada no programa federal Bolsa Fam\u00edlia, a Tarifa Social beneficia atualmente mais de 250 mil usu\u00e1rios na Bahia. O recadastramento visa atualizar o banco de dados da Embasa e garantir a continuidade do benef\u00edcio para todos que atendem aos crit\u00e9rios cadastrais.<\/p>\n<p>Acesse <strong><a href=\"http:\/\/www.embasa.ba.gov.br\/centralservicos\" data-saferedirecturl=\"https:\/\/www.google.com\/url?hl=pt-BR&amp;q=http:\/\/www.embasa.ba.gov.br\/centralservicos&amp;source=gmail&amp;ust=1484234134278000&amp;usg=AFQjCNFfbr3ZL3P6ZBoN4PnB5qVZgHQhqg\">http:\/\/www.embasa.ba.gov.br\/centralservicos<\/a><\/strong> ou ligue para o telefone 0800 0555 195 e verifique a rela\u00e7\u00e3o de pontos de atendimento.<\/p>\n<p><em>*Assessoria de Comunica\u00e7\u00e3o da Embasa<\/em><br \/>\nTel: 74 3541-8400 \/ (71) 3372-4898 \/ 4639 \/ 4687<\/p>\n","protected":false},"excerpt":{"rendered":"<p>Os benefici\u00e1rios da Tarifa Social da Embasa t\u00eam at\u00e9 20 de fevereiro para fazer seu recadastramento junto \u00e0 empresa e garantir a continuidade do benef\u00edcio. Os titulares do Programa Bolsa Fam\u00edlia devem comparecer a um dos pontos de atendimento da empresa, munidos dos seguintes documentos (c\u00f3pias e originais): RG, CPF, conta da Embasa e comprovante [&hellip;]<\/p>\n","protected":false},"author":2,"featured_media":0,"comment_status":"open","ping_status":"open","sticky":false,"template":"","format":"standard","meta":{"_acf_changed":false,"_monsterinsights_skip_tracking":false,"_monsterinsights_sitenote_active":false,"_monsterinsights_sitenote_note":"","_monsterinsights_sitenote_category":0,"_jetpack_memberships_contains_paid_content":false,"footnotes":"","jetpack_publicize_message":"","jetpack_publicize_feature_enabled":true,"jetpack_social_post_already_shared":true,"jetpack_social_options":{"image_generator_settings":{"template":"highway","default_image_id":0,"font":"","enabled":false},"version":2}},"categories":[1,4],"tags":[],"class_list":["post-14666","post","type-post","status-publish","format-standard","hentry","category-noticias","category-local"],"acf":[],"jetpack_publicize_connections":[],"jetpack_featured_media_url":"","jetpack_sharing_enabled":true,"publishpress_future_workflow_manual_trigger":{"enabledWorkflows":[]},"_links":{"self":[{"href":"https:\/\/blogdoeloiltoncajuhy.com.br\/site\/wp-json\/wp\/v2\/posts\/14666","targetHints":{"allow":["GET"]}}],"collection":[{"href":"https:\/\/blogdoeloiltoncajuhy.com.br\/site\/wp-json\/wp\/v2\/posts"}],"about":[{"href":"https:\/\/blogdoeloiltoncajuhy.com.br\/site\/wp-json\/wp\/v2\/types\/post"}],"author":[{"embeddable":true,"href":"https:\/\/blogdoeloiltoncajuhy.com.br\/site\/wp-json\/wp\/v2\/users\/2"}],"replies":[{"embeddable":true,"href":"https:\/\/blogdoeloiltoncajuhy.com.br\/site\/wp-json\/wp\/v2\/comments?post=14666"}],"version-history":[{"count":1,"href":"https:\/\/blogdoeloiltoncajuhy.com.br\/site\/wp-json\/wp\/v2\/posts\/14666\/revisions"}],"predecessor-version":[{"id":14667,"href":"https:\/\/blogdoeloiltoncajuhy.com.br\/site\/wp-json\/wp\/v2\/posts\/14666\/revisions\/14667"}],"wp:attachment":[{"href":"https:\/\/blogdoeloiltoncajuhy.com.br\/site\/wp-json\/wp\/v2\/media?parent=14666"}],"wp:term":[{"taxonomy":"category","embeddable":true,"href":"https:\/\/blogdoeloiltoncajuhy.com.br\/site\/wp-json\/wp\/v2\/categories?post=14666"},{"taxonomy":"post_tag","embeddable":true,"href":"https:\/\/blogdoeloiltoncajuhy.com.br\/site\/wp-json\/wp\/v2\/tags?post=14666"}],"curies":[{"name":"wp","href":"https:\/\/api.w.org\/{rel}","templated":true}]}}