{"id":14660,"date":"2017-01-11T09:18:40","date_gmt":"2017-01-11T12:18:40","guid":{"rendered":"http:\/\/blogdoeloiltoncajuhy.com.br\/site\/?p=14660"},"modified":"2017-01-11T09:18:40","modified_gmt":"2017-01-11T12:18:40","slug":"11-de-janeiro-dia-do-controle-da-poluicao-por-agrotoxicos","status":"publish","type":"post","link":"https:\/\/blogdoeloiltoncajuhy.com.br\/site\/11-de-janeiro-dia-do-controle-da-poluicao-por-agrotoxicos\/","title":{"rendered":"11 de janeiro: Dia do Controle da Polui\u00e7\u00e3o por Agrot\u00f3xicos"},"content":{"rendered":"<p><a href=\"https:\/\/i0.wp.com\/blogdoeloiltoncajuhy.com.br\/site\/wp-content\/uploads\/2017\/01\/agrotoxico.jpg\"><img data-recalc-dims=\"1\" fetchpriority=\"high\" decoding=\"async\" class=\"aligncenter size-full wp-image-14661\" src=\"https:\/\/i0.wp.com\/blogdoeloiltoncajuhy.com.br\/site\/wp-content\/uploads\/2017\/01\/agrotoxico.jpg?resize=347%2C265\" alt=\"\" width=\"347\" height=\"265\" srcset=\"https:\/\/i0.wp.com\/blogdoeloiltoncajuhy.com.br\/site\/wp-content\/uploads\/2017\/01\/agrotoxico.jpg?w=347&amp;ssl=1 347w, https:\/\/i0.wp.com\/blogdoeloiltoncajuhy.com.br\/site\/wp-content\/uploads\/2017\/01\/agrotoxico.jpg?resize=300%2C229&amp;ssl=1 300w, https:\/\/i0.wp.com\/blogdoeloiltoncajuhy.com.br\/site\/wp-content\/uploads\/2017\/01\/agrotoxico.jpg?resize=250%2C191&amp;ssl=1 250w\" sizes=\"(max-width: 347px) 100vw, 347px\" \/><\/a>A data \u00e9 usada para conscientizar a popula\u00e7\u00e3o quanto aos riscos causados pelo seu uso indiscriminado e problemas ao meio ambiente e \u00e0 sa\u00fade humana.<\/p>\n<p>\u201cN\u00e3o h\u00e1 motivo para comemorar o controle da polui\u00e7\u00e3o por agrot\u00f3xicos, mas, sim, para refletir sobre o uso indiscriminado. \u00c9 preciso saber se o agrot\u00f3xico \u00e9 necess\u00e1rio, se o benef\u00edcio que ele traz compensa os impactos que causa\u201d, adverte o engenheiro agr\u00f4nomo Julio Cesar Rech Anhaia, de Alegrete (RS).<\/p>\n<p>O Decreto Federal n\u00ba 98.816, que regulamentou a Lei dos Agrot\u00f3xicos, \u00e9 um dos progressos no combate ao uso do \u201cveneno\u201d, pois alertou a sociedade em rela\u00e7\u00e3o aos grandes problemas ambientais, como a utiliza\u00e7\u00e3o indiscriminada do produto nas lavouras.<\/p>\n<p>O Brasil \u00e9 um dos primeiros colocados no ranking mundial do consumo de agrot\u00f3xicos. De acordo com dados do Sindicato Nacional da Ind\u00fastria de Produtos para a Defesa Agr\u00edcola, mais de um milh\u00e3o de toneladas de veneno foram jogados nas lavouras brasileiras somente em 2010.<br \/>\nO aumento indiscriminado do uso dos agroqu\u00edmicos tem provocado a contamina\u00e7\u00e3o ambiental, com preju\u00edzos para a sa\u00fade de agricultores e de consumidores.<\/p>\n<p>De acordo com a Organiza\u00e7\u00e3o Mundial da Sa\u00fade (OMS), at\u00e9 pouco tempo, v\u00e1rias doen\u00e7as como c\u00e2ncer, doen\u00e7as respirat\u00f3rias, neurol\u00f3gicas e m\u00e1s forma\u00e7\u00f5es cong\u00eanitas eram tidas como doen\u00e7as de \u201ccausas desconhecidas\u201d, entretanto na \u00e1rea de Sa\u00fade Ambiental, que pesquisa os impactos do meio ambiente na sa\u00fade humana, classificam o agrot\u00f3xico como fator de grande import\u00e2ncia no processo de surgimento dessas doen\u00e7as.<\/p>\n<p>A sa\u00fade dos trabalhadores que aplicam o agrot\u00f3xico \u00e9 a quest\u00e3o mais preocupante, pois os riscos variam de acordo com o tempo e dose da exposi\u00e7\u00e3o a diferentes produtos. Os trabalhadores podem apresentar desde intoxica\u00e7\u00f5es, dores de cabe\u00e7a, alergias, n\u00e1useas e v\u00f4mitos a quadros cl\u00ednicos mais s\u00e9rios como a infertilidade masculina, m\u00e1 forma\u00e7\u00e3o cong\u00eanita, rec\u00e9m-nascidos com baixo peso e doen\u00e7as neurol\u00f3gicas.<\/p>\n<p>O uso abundante de venenos agr\u00edcolas implica em graus rigorosos de polui\u00e7\u00e3o ambiental e intoxica\u00e7\u00e3o humana, pois a grande maioria dos agricultores e aplicadores desconhece os riscos a que se exp\u00f5em e, consequentemente, descumprem as normas b\u00e1sicas de sa\u00fade e seguran\u00e7a.<\/p>\n<p><em>*Pastoral da Crian\u00e7a<\/em><\/p>\n","protected":false},"excerpt":{"rendered":"<p>A data \u00e9 usada para conscientizar a popula\u00e7\u00e3o quanto aos riscos causados pelo seu uso indiscriminado e problemas ao meio ambiente e \u00e0 sa\u00fade humana. \u201cN\u00e3o h\u00e1 motivo para comemorar o controle da polui\u00e7\u00e3o por agrot\u00f3xicos, mas, sim, para refletir sobre o uso indiscriminado. \u00c9 preciso saber se o agrot\u00f3xico \u00e9 necess\u00e1rio, se o benef\u00edcio [&hellip;]<\/p>\n","protected":false},"author":2,"featured_media":14661,"comment_status":"open","ping_status":"open","sticky":false,"template":"","format":"standard","meta":{"_acf_changed":false,"_monsterinsights_skip_tracking":false,"_monsterinsights_sitenote_active":false,"_monsterinsights_sitenote_note":"","_monsterinsights_sitenote_category":0,"_jetpack_memberships_contains_paid_content":false,"footnotes":"","jetpack_publicize_message":"","jetpack_publicize_feature_enabled":true,"jetpack_social_post_already_shared":true,"jetpack_social_options":{"image_generator_settings":{"template":"highway","default_image_id":0,"font":"","enabled":false},"version":2}},"categories":[5,1],"tags":[],"class_list":["post-14660","post","type-post","status-publish","format-standard","has-post-thumbnail","hentry","category-cotidiano","category-noticias"],"acf":[],"jetpack_publicize_connections":[],"jetpack_featured_media_url":"https:\/\/i0.wp.com\/blogdoeloiltoncajuhy.com.br\/site\/wp-content\/uploads\/2017\/01\/agrotoxico.jpg?fit=347%2C265&ssl=1","jetpack_sharing_enabled":true,"publishpress_future_workflow_manual_trigger":{"enabledWorkflows":[]},"_links":{"self":[{"href":"https:\/\/blogdoeloiltoncajuhy.com.br\/site\/wp-json\/wp\/v2\/posts\/14660","targetHints":{"allow":["GET"]}}],"collection":[{"href":"https:\/\/blogdoeloiltoncajuhy.com.br\/site\/wp-json\/wp\/v2\/posts"}],"about":[{"href":"https:\/\/blogdoeloiltoncajuhy.com.br\/site\/wp-json\/wp\/v2\/types\/post"}],"author":[{"embeddable":true,"href":"https:\/\/blogdoeloiltoncajuhy.com.br\/site\/wp-json\/wp\/v2\/users\/2"}],"replies":[{"embeddable":true,"href":"https:\/\/blogdoeloiltoncajuhy.com.br\/site\/wp-json\/wp\/v2\/comments?post=14660"}],"version-history":[{"count":1,"href":"https:\/\/blogdoeloiltoncajuhy.com.br\/site\/wp-json\/wp\/v2\/posts\/14660\/revisions"}],"predecessor-version":[{"id":14662,"href":"https:\/\/blogdoeloiltoncajuhy.com.br\/site\/wp-json\/wp\/v2\/posts\/14660\/revisions\/14662"}],"wp:featuredmedia":[{"embeddable":true,"href":"https:\/\/blogdoeloiltoncajuhy.com.br\/site\/wp-json\/wp\/v2\/media\/14661"}],"wp:attachment":[{"href":"https:\/\/blogdoeloiltoncajuhy.com.br\/site\/wp-json\/wp\/v2\/media?parent=14660"}],"wp:term":[{"taxonomy":"category","embeddable":true,"href":"https:\/\/blogdoeloiltoncajuhy.com.br\/site\/wp-json\/wp\/v2\/categories?post=14660"},{"taxonomy":"post_tag","embeddable":true,"href":"https:\/\/blogdoeloiltoncajuhy.com.br\/site\/wp-json\/wp\/v2\/tags?post=14660"}],"curies":[{"name":"wp","href":"https:\/\/api.w.org\/{rel}","templated":true}]}}