{"id":14655,"date":"2017-01-10T21:53:16","date_gmt":"2017-01-11T00:53:16","guid":{"rendered":"http:\/\/blogdoeloiltoncajuhy.com.br\/site\/?p=14655"},"modified":"2017-01-10T21:53:16","modified_gmt":"2017-01-11T00:53:16","slug":"bonfim-carlos-brasileiro-envia-projeto-para-camara-que-reduz-secretarias","status":"publish","type":"post","link":"https:\/\/blogdoeloiltoncajuhy.com.br\/site\/bonfim-carlos-brasileiro-envia-projeto-para-camara-que-reduz-secretarias\/","title":{"rendered":"BONFIM: Carlos Brasileiro envia projeto para C\u00e2mara que reduz secretarias"},"content":{"rendered":"<p><a href=\"https:\/\/i0.wp.com\/blogdoeloiltoncajuhy.com.br\/site\/wp-content\/uploads\/2017\/01\/reforma-administrativa1-1.jpg\"><img data-recalc-dims=\"1\" fetchpriority=\"high\" decoding=\"async\" class=\"aligncenter size-full wp-image-14657\" src=\"https:\/\/i0.wp.com\/blogdoeloiltoncajuhy.com.br\/site\/wp-content\/uploads\/2017\/01\/reforma-administrativa1-1.jpg?resize=600%2C400\" alt=\"\" width=\"600\" height=\"400\" srcset=\"https:\/\/i0.wp.com\/blogdoeloiltoncajuhy.com.br\/site\/wp-content\/uploads\/2017\/01\/reforma-administrativa1-1.jpg?w=600&amp;ssl=1 600w, https:\/\/i0.wp.com\/blogdoeloiltoncajuhy.com.br\/site\/wp-content\/uploads\/2017\/01\/reforma-administrativa1-1.jpg?resize=300%2C200&amp;ssl=1 300w, https:\/\/i0.wp.com\/blogdoeloiltoncajuhy.com.br\/site\/wp-content\/uploads\/2017\/01\/reforma-administrativa1-1.jpg?resize=250%2C167&amp;ssl=1 250w\" sizes=\"(max-width: 600px) 100vw, 600px\" \/><\/a>O prefeito de Senhor do Bonfim, Carlos Brasileiro, enviou projeto de Lei para C\u00e2mara de Vereadores com intuito de criar, agrupar e extinguir secretarias municipais, al\u00e9m de estabelecer finalidades e compet\u00eancias das novas pastas, \u201cCom esse projeto vamos reduzir de 12 para 10 secretarias de governo e otimizar os servi\u00e7os com melhor qualidade\u201d, enfatizou o prefeito sobre o projeto de lei n\u00ba 0001\/2017.<\/p>\n<p>Com a reforma, a Secretaria de Cultura foi reativada, Ind\u00fastria e Com\u00e9rcio foi transformada em Desenvolvimento Econ\u00f4mico Turismo e Esporte. Outra novidade importante foi o desmembramento da Secret\u00e1ria de Agricultura em duas pastas, uma para atender o agroneg\u00f3cio e outra \u00e0 agricultura.<\/p>\n<p><a href=\"https:\/\/i0.wp.com\/blogdoeloiltoncajuhy.com.br\/site\/wp-content\/uploads\/2017\/01\/reforma-administrativa2.jpg\"><img data-recalc-dims=\"1\" decoding=\"async\" class=\"aligncenter size-full wp-image-14658\" src=\"https:\/\/i0.wp.com\/blogdoeloiltoncajuhy.com.br\/site\/wp-content\/uploads\/2017\/01\/reforma-administrativa2.jpg?resize=600%2C400\" alt=\"\" width=\"600\" height=\"400\" srcset=\"https:\/\/i0.wp.com\/blogdoeloiltoncajuhy.com.br\/site\/wp-content\/uploads\/2017\/01\/reforma-administrativa2.jpg?w=600&amp;ssl=1 600w, https:\/\/i0.wp.com\/blogdoeloiltoncajuhy.com.br\/site\/wp-content\/uploads\/2017\/01\/reforma-administrativa2.jpg?resize=300%2C200&amp;ssl=1 300w, https:\/\/i0.wp.com\/blogdoeloiltoncajuhy.com.br\/site\/wp-content\/uploads\/2017\/01\/reforma-administrativa2.jpg?resize=250%2C167&amp;ssl=1 250w\" sizes=\"(max-width: 600px) 100vw, 600px\" \/><\/a>Veja como ficar\u00e1 a nova estrutura administrativa da Prefeitura Municipal de Senhor do Bonfim, se aprovada pela C\u00e2mara Municipal, de acordo com a lei encaminhada pelo o executivo municipal:<\/p>\n<p><em>Secretaria de Sa\u00fade; Secretaria de Educa\u00e7\u00e3o; Secretaria de A\u00e7\u00e3o e Desenvolvimento Social; Secretaria de Finan\u00e7as e Planejamento; Secretaria de Cultura; Secretaria de Desenvolvimento da Agricultura Familiar; Secretaria de Desenvolvimento Agropecu\u00e1rio; Secretaria de Desenvolvimento Econ\u00f4mico,Turismo e Esporte; Secretaria de Administra\u00e7\u00e3o; Secretaria de Infraestrutura e Meio Ambiente.<\/em><\/p>\n<p>O presidente da C\u00e2mara de Vereadores, R\u00ea do Sindicato, convocar\u00e1 as comiss\u00f5es para an\u00e1lise do projeto e uma sess\u00e3o extraordin\u00e1ria deve ser convocada em breve para vota\u00e7\u00e3o do primeiro projeto de lei de 2017.<\/p>\n<p><em>*Ascom Prefeitura de Senhor do Bonfim<\/em><\/p>\n","protected":false},"excerpt":{"rendered":"<p>O prefeito de Senhor do Bonfim, Carlos Brasileiro, enviou projeto de Lei para C\u00e2mara de Vereadores com intuito de criar, agrupar e extinguir secretarias municipais, al\u00e9m de estabelecer finalidades e compet\u00eancias das novas pastas, \u201cCom esse projeto vamos reduzir de 12 para 10 secretarias de governo e otimizar os servi\u00e7os com melhor qualidade\u201d, enfatizou o [&hellip;]<\/p>\n","protected":false},"author":2,"featured_media":14658,"comment_status":"open","ping_status":"open","sticky":false,"template":"","format":"standard","meta":{"_acf_changed":false,"_monsterinsights_skip_tracking":false,"_monsterinsights_sitenote_active":false,"_monsterinsights_sitenote_note":"","_monsterinsights_sitenote_category":0,"_jetpack_memberships_contains_paid_content":false,"footnotes":"","jetpack_publicize_message":"","jetpack_publicize_feature_enabled":true,"jetpack_social_post_already_shared":true,"jetpack_social_options":{"image_generator_settings":{"template":"highway","default_image_id":0,"font":"","enabled":false},"version":2}},"categories":[1,3,4],"tags":[],"class_list":["post-14655","post","type-post","status-publish","format-standard","has-post-thumbnail","hentry","category-noticias","category-politica","category-local"],"acf":[],"jetpack_publicize_connections":[],"jetpack_featured_media_url":"https:\/\/i0.wp.com\/blogdoeloiltoncajuhy.com.br\/site\/wp-content\/uploads\/2017\/01\/reforma-administrativa2.jpg?fit=600%2C400&ssl=1","jetpack_sharing_enabled":true,"publishpress_future_workflow_manual_trigger":{"enabledWorkflows":[]},"_links":{"self":[{"href":"https:\/\/blogdoeloiltoncajuhy.com.br\/site\/wp-json\/wp\/v2\/posts\/14655","targetHints":{"allow":["GET"]}}],"collection":[{"href":"https:\/\/blogdoeloiltoncajuhy.com.br\/site\/wp-json\/wp\/v2\/posts"}],"about":[{"href":"https:\/\/blogdoeloiltoncajuhy.com.br\/site\/wp-json\/wp\/v2\/types\/post"}],"author":[{"embeddable":true,"href":"https:\/\/blogdoeloiltoncajuhy.com.br\/site\/wp-json\/wp\/v2\/users\/2"}],"replies":[{"embeddable":true,"href":"https:\/\/blogdoeloiltoncajuhy.com.br\/site\/wp-json\/wp\/v2\/comments?post=14655"}],"version-history":[{"count":1,"href":"https:\/\/blogdoeloiltoncajuhy.com.br\/site\/wp-json\/wp\/v2\/posts\/14655\/revisions"}],"predecessor-version":[{"id":14659,"href":"https:\/\/blogdoeloiltoncajuhy.com.br\/site\/wp-json\/wp\/v2\/posts\/14655\/revisions\/14659"}],"wp:featuredmedia":[{"embeddable":true,"href":"https:\/\/blogdoeloiltoncajuhy.com.br\/site\/wp-json\/wp\/v2\/media\/14658"}],"wp:attachment":[{"href":"https:\/\/blogdoeloiltoncajuhy.com.br\/site\/wp-json\/wp\/v2\/media?parent=14655"}],"wp:term":[{"taxonomy":"category","embeddable":true,"href":"https:\/\/blogdoeloiltoncajuhy.com.br\/site\/wp-json\/wp\/v2\/categories?post=14655"},{"taxonomy":"post_tag","embeddable":true,"href":"https:\/\/blogdoeloiltoncajuhy.com.br\/site\/wp-json\/wp\/v2\/tags?post=14655"}],"curies":[{"name":"wp","href":"https:\/\/api.w.org\/{rel}","templated":true}]}}