{"id":14649,"date":"2017-01-10T19:04:28","date_gmt":"2017-01-10T22:04:28","guid":{"rendered":"http:\/\/blogdoeloiltoncajuhy.com.br\/site\/?p=14649"},"modified":"2017-01-10T19:04:28","modified_gmt":"2017-01-10T22:04:28","slug":"comece-a-quarta-feira-meditando-jesus-curou-doentes-e-expulsou-demonios-mc-129-39","status":"publish","type":"post","link":"https:\/\/blogdoeloiltoncajuhy.com.br\/site\/comece-a-quarta-feira-meditando-jesus-curou-doentes-e-expulsou-demonios-mc-129-39\/","title":{"rendered":"COMECE A QUARTA-FEIRA MEDITANDO: &#8220;Jesus curou doentes e expulsou dem\u00f4nios&#8221; &#8211; Mc 1,29-39"},"content":{"rendered":"<p><a href=\"https:\/\/i0.wp.com\/blogdoeloiltoncajuhy.com.br\/site\/wp-content\/uploads\/2015\/10\/liturgia_diaria.jpg\"><img data-recalc-dims=\"1\" fetchpriority=\"high\" decoding=\"async\" class=\"wp-image-4757 size-medium alignleft\" src=\"https:\/\/i0.wp.com\/blogdoeloiltoncajuhy.com.br\/site\/wp-content\/uploads\/2015\/10\/liturgia_diaria.jpg?resize=300%2C227\" width=\"300\" height=\"227\" srcset=\"https:\/\/i0.wp.com\/blogdoeloiltoncajuhy.com.br\/site\/wp-content\/uploads\/2015\/10\/liturgia_diaria.jpg?resize=300%2C227&amp;ssl=1 300w, https:\/\/i0.wp.com\/blogdoeloiltoncajuhy.com.br\/site\/wp-content\/uploads\/2015\/10\/liturgia_diaria.jpg?resize=250%2C189&amp;ssl=1 250w, https:\/\/i0.wp.com\/blogdoeloiltoncajuhy.com.br\/site\/wp-content\/uploads\/2015\/10\/liturgia_diaria.jpg?w=449&amp;ssl=1 449w\" sizes=\"(max-width: 300px) 100vw, 300px\" \/><\/a>Naquele tempo, Jesus saiu da sinagoga e foi, com Tiago e Jo\u00e3o, para a casa de Sim\u00e3o e Andr\u00e9. A sogra de Sim\u00e3o estava de cama, com febre, e eles logo contaram a Jesus. E ele se aproximou, segurou sua m\u00e3o e ajudou-a a levantar-se. Ent\u00e3o, a febre desapareceu; e ela come\u00e7ou a servi-los.<\/p>\n<p>\u00c0 tarde, depois do p\u00f4r do sol, levaram a Jesus todos os doentes e os possu\u00eddos pelo dem\u00f4nio. A cidade inteira se reuniu em frente da casa. Jesus curou muitas pessoas de diversas doen\u00e7as e expulsou muitos dem\u00f4nios. E n\u00e3o deixava que os dem\u00f4nios falassem, pois sabiam quem ele era.<\/p>\n<p>De madrugada, quando ainda estava escuro, Jesus se levantou e foi rezar num lugar deserto. Sim\u00e3o e seus companheiros foram \u00e0 procura de Jesus. Quando o encontraram, disseram: \u201cTodos est\u00e3o te procurando\u201d. Jesus respondeu: \u201cVamos a outros lugares, \u00e0s aldeias da redondeza! Devo pregar tamb\u00e9m ali, pois foi para isso que eu vim\u201d. E andava por toda a Galileia, pregando em suas sinagogas e expulsando os dem\u00f4nios.<\/p>\n<p><em>*Can\u00e7\u00e3o Nova<\/em><\/p>\n","protected":false},"excerpt":{"rendered":"<p>Naquele tempo, Jesus saiu da sinagoga e foi, com Tiago e Jo\u00e3o, para a casa de Sim\u00e3o e Andr\u00e9. A sogra de Sim\u00e3o estava de cama, com febre, e eles logo contaram a Jesus. E ele se aproximou, segurou sua m\u00e3o e ajudou-a a levantar-se. Ent\u00e3o, a febre desapareceu; e ela come\u00e7ou a servi-los. \u00c0 [&hellip;]<\/p>\n","protected":false},"author":2,"featured_media":0,"comment_status":"open","ping_status":"open","sticky":false,"template":"","format":"standard","meta":{"_acf_changed":false,"_monsterinsights_skip_tracking":false,"_monsterinsights_sitenote_active":false,"_monsterinsights_sitenote_note":"","_monsterinsights_sitenote_category":0,"_jetpack_memberships_contains_paid_content":false,"footnotes":"","jetpack_publicize_message":"","jetpack_publicize_feature_enabled":true,"jetpack_social_post_already_shared":true,"jetpack_social_options":{"image_generator_settings":{"template":"highway","default_image_id":0,"font":"","enabled":false},"version":2}},"categories":[1,9],"tags":[],"class_list":["post-14649","post","type-post","status-publish","format-standard","hentry","category-noticias","category-reflexao"],"acf":[],"jetpack_publicize_connections":[],"jetpack_featured_media_url":"","jetpack_sharing_enabled":true,"publishpress_future_workflow_manual_trigger":{"enabledWorkflows":[]},"_links":{"self":[{"href":"https:\/\/blogdoeloiltoncajuhy.com.br\/site\/wp-json\/wp\/v2\/posts\/14649","targetHints":{"allow":["GET"]}}],"collection":[{"href":"https:\/\/blogdoeloiltoncajuhy.com.br\/site\/wp-json\/wp\/v2\/posts"}],"about":[{"href":"https:\/\/blogdoeloiltoncajuhy.com.br\/site\/wp-json\/wp\/v2\/types\/post"}],"author":[{"embeddable":true,"href":"https:\/\/blogdoeloiltoncajuhy.com.br\/site\/wp-json\/wp\/v2\/users\/2"}],"replies":[{"embeddable":true,"href":"https:\/\/blogdoeloiltoncajuhy.com.br\/site\/wp-json\/wp\/v2\/comments?post=14649"}],"version-history":[{"count":1,"href":"https:\/\/blogdoeloiltoncajuhy.com.br\/site\/wp-json\/wp\/v2\/posts\/14649\/revisions"}],"predecessor-version":[{"id":14650,"href":"https:\/\/blogdoeloiltoncajuhy.com.br\/site\/wp-json\/wp\/v2\/posts\/14649\/revisions\/14650"}],"wp:attachment":[{"href":"https:\/\/blogdoeloiltoncajuhy.com.br\/site\/wp-json\/wp\/v2\/media?parent=14649"}],"wp:term":[{"taxonomy":"category","embeddable":true,"href":"https:\/\/blogdoeloiltoncajuhy.com.br\/site\/wp-json\/wp\/v2\/categories?post=14649"},{"taxonomy":"post_tag","embeddable":true,"href":"https:\/\/blogdoeloiltoncajuhy.com.br\/site\/wp-json\/wp\/v2\/tags?post=14649"}],"curies":[{"name":"wp","href":"https:\/\/api.w.org\/{rel}","templated":true}]}}