{"id":14647,"date":"2017-01-10T18:55:54","date_gmt":"2017-01-10T21:55:54","guid":{"rendered":"http:\/\/blogdoeloiltoncajuhy.com.br\/site\/?p=14647"},"modified":"2017-01-10T18:55:54","modified_gmt":"2017-01-10T21:55:54","slug":"politica-ano-legislativo-de-2017-sera-marcado-por-inumeras-propostas-polemicas","status":"publish","type":"post","link":"https:\/\/blogdoeloiltoncajuhy.com.br\/site\/politica-ano-legislativo-de-2017-sera-marcado-por-inumeras-propostas-polemicas\/","title":{"rendered":"POL\u00cdTICA: Ano legislativo de 2017 ser\u00e1 marcado por in\u00fameras propostas pol\u00eamicas"},"content":{"rendered":"<p><a href=\"https:\/\/i0.wp.com\/blogdoeloiltoncajuhy.com.br\/site\/wp-content\/uploads\/2016\/02\/congresso_vazio.jpg\"><img data-recalc-dims=\"1\" fetchpriority=\"high\" decoding=\"async\" class=\"aligncenter size-full wp-image-7535\" src=\"https:\/\/i0.wp.com\/blogdoeloiltoncajuhy.com.br\/site\/wp-content\/uploads\/2016\/02\/congresso_vazio.jpg?resize=380%2C280\" alt=\"\" width=\"380\" height=\"280\" srcset=\"https:\/\/i0.wp.com\/blogdoeloiltoncajuhy.com.br\/site\/wp-content\/uploads\/2016\/02\/congresso_vazio.jpg?w=380&amp;ssl=1 380w, https:\/\/i0.wp.com\/blogdoeloiltoncajuhy.com.br\/site\/wp-content\/uploads\/2016\/02\/congresso_vazio.jpg?resize=300%2C221&amp;ssl=1 300w, https:\/\/i0.wp.com\/blogdoeloiltoncajuhy.com.br\/site\/wp-content\/uploads\/2016\/02\/congresso_vazio.jpg?resize=250%2C184&amp;ssl=1 250w\" sizes=\"(max-width: 380px) 100vw, 380px\" \/><\/a>A elei\u00e7\u00e3o da nova Mesa Diretora em dois de fevereiro ser\u00e1 o primeiro passo para definir a distribui\u00e7\u00e3o das comiss\u00f5es da C\u00e2mara dos Deputados para este ano, a partir dos blocos partid\u00e1rios que ser\u00e3o formados. V\u00e1rios temas pol\u00eamicos ser\u00e3o analisados por comiss\u00f5es especiais, criadas quando o assunto deve ser discutido por mais de tr\u00eas comiss\u00f5es de m\u00e9rito ou quando h\u00e1 uma altera\u00e7\u00e3o constitucional. Esses assuntos se somam \u00e0 reforma da Previd\u00eancia (<a href=\"http:\/\/www.camara.gov.br\/proposicoesWeb\/fichadetramitacao?idProposicao=2119881\" target=\"_blank\">proposta de emenda \u00e0 Constitui\u00e7\u00e3o 287\/2016<\/a>) e \u00e0s mudan\u00e7as trabalhistas (<a href=\"http:\/\/www.camara.gov.br\/proposicoesWeb\/fichadetramitacao?idProposicao=2122076\" target=\"_blank\">projeto de lei 6787\/2016<\/a> e medidas provis\u00f3rias <a href=\"http:\/\/www.camara.gov.br\/proposicoesWeb\/fichadetramitacao?idProposicao=2122080\" target=\"_blank\">761\/2016<\/a> e <a href=\"http:\/\/www.camara.gov.br\/proposicoesWeb\/fichadetramitacao?idProposicao=2122082\" target=\"_blank\">763\/2016<\/a>), principal foco do Plen\u00e1rio no primeiro semestre.<\/p>\n<p>Uma das propostas busca endurecer a pena de adolescentes infratores (<a href=\"http:\/\/www.camara.gov.br\/proposicoesWeb\/fichadetramitacao?idProposicao=68352\" target=\"_blank\">projeto de lei 7197\/2002<\/a>) e rev\u00ea medidas socioeducativas previstas no<a href=\"http:\/\/www2.camara.leg.br\/legin\/fed\/lei\/1990\/lei-8069-13-julho-1990-372211-norma-pl.html\" target=\"_blank\"> Estatuto da Crian\u00e7a e do Adolescente, o ECA<\/a> (<a href=\"http:\/\/www2.camara.leg.br\/legin\/fed\/lei\/1990\/lei-8069-13-julho-1990-372211-norma-pl.html\" target=\"_blank\">Lei 8.069\/1990<\/a>). O deputado Aliel Machado, da Rede do Paran\u00e1, \u00e9 o relator do texto na comiss\u00e3o especial e espera votar e aprovar o relat\u00f3rio ainda em mar\u00e7o.<\/p>\n<p>\u201cNosso desafio neste momento \u00e9 atender o anseio da sociedade de atualizar as regras previstas no ECA, melhorar a participa\u00e7\u00e3o da fam\u00edlia, a obriga\u00e7\u00e3o da participa\u00e7\u00e3o da fam\u00edlia na educa\u00e7\u00e3o e na cria\u00e7\u00e3o desse jovem, desse adolescente. E tamb\u00e9m discutir a implanta\u00e7\u00e3o da Lei do Sinase [Sistema Nacional de Atendimento Socioeducativo], que \u00e9 uma lei espec\u00edfica que regulamenta as regras do Estatuto da Crian\u00e7a e do Adolescente, implantada h\u00e1 cinco anos, e hoje ainda n\u00e3o \u00e9 uma realidade em todos os estados da federa\u00e7\u00e3o\u201d.<\/p>\n<p>A cria\u00e7\u00e3o do programa &#8220;Escola Sem Partido&#8221; (<a href=\"http:\/\/www.camara.gov.br\/proposicoesWeb\/fichadetramitacao?idProposicao=606722\" target=\"_blank\">projeto de lei 7180\/2014<\/a>) deve ser um dos principais temas nas discuss\u00f5es sobre educa\u00e7\u00e3o neste ano. A proposta obriga as escolas a respeitar as convic\u00e7\u00f5es do aluno, de seus pais ou respons\u00e1veis. Pelo texto, os valores de ordem familiar t\u00eam preced\u00eancia sobre a educa\u00e7\u00e3o escolar nos aspectos relacionados \u00e0 educa\u00e7\u00e3o moral, sexual e religiosa. O relator, deputado Flavinho, do PSB paulista, acredita que o debate na comiss\u00e3o ser\u00e1 &#8220;acalorado&#8221;, pois h\u00e1 propostas antag\u00f4nicas em debate.<\/p>\n<p>\u201cUm dos pontos mais cr\u00edticos, mais pol\u00eamicos \u00e9 o da liberdade do professor. A liberdade de express\u00e3o do professor dentro da sala de aula. Qual o limite dessa liberdade? \u00c9 o que vamos discutir\u201d.<\/p>\n<p>Outro tema pol\u00eamico, a legalidade do aborto no Brasil, deve vir na discuss\u00e3o do projeto que amplia o per\u00edodo de licen\u00e7a-maternidade para as m\u00e3es de beb\u00eas prematuros. A comiss\u00e3o especial foi instalada por decis\u00e3o do presidente da C\u00e2mara, Rodrigo Maia, depois que o Supremo Tribunal Federal, o STF, entendeu, em uma a\u00e7\u00e3o julgada em novembro, que n\u00e3o \u00e9 crime a interrup\u00e7\u00e3o da gravidez at\u00e9 o terceiro m\u00eas. O entendimento de parlamentares que comp\u00f5em a comiss\u00e3o \u00e9 que o STF agiu no lugar do Legislativo de elaborar leis e feriu a Constitui\u00e7\u00e3o.<\/p>\n<p>H\u00e1 ainda proposta que institui um<a href=\"http:\/\/www.camara.gov.br\/proposicoesWeb\/fichadetramitacao?idProposicao=508884\" target=\"_blank\"> novo C\u00f3digo Comercial<\/a> (<a href=\"http:\/\/www.camara.gov.br\/proposicoesWeb\/fichadetramitacao?idProposicao=508884\" target=\"_blank\">projeto de lei 1572\/2011<\/a>) e re\u00fane normas para regular os direitos e obriga\u00e7\u00f5es das empresas, atualmente previstas no <a href=\"http:\/\/www2.camara.leg.br\/legin\/fed\/lei\/2002\/lei-10406-10-janeiro-2002-432893-norma-pl.html\" target=\"_blank\">C\u00f3digo Civil<\/a> (<a href=\"http:\/\/www2.camara.leg.br\/legin\/fed\/lei\/2002\/lei-10406-10-janeiro-2002-432893-norma-pl.html\" target=\"_blank\">Lei 10.406\/2002<\/a>) e em legisla\u00e7\u00e3o esparsa. O texto chegou a ficar pronto para vota\u00e7\u00e3o no meio de 2016, mas foi retirado a pedido do governo e de empresas.<\/p>\n<p>Outra comiss\u00e3o vai discutir texto que estabelece regras para tratamento e prote\u00e7\u00e3o de dados pessoais (<a href=\"http:\/\/www.camara.gov.br\/proposicoesWeb\/fichadetramitacao?idProposicao=548066\" target=\"_blank\">projeto de lei 4060\/2012<\/a>).\u00a0As novas medidas de seguran\u00e7a pretendem evitar acessos n\u00e3o autorizados a essas informa\u00e7\u00f5es.<\/p>\n<p><em>*Reportagem &#8211; Tiago Miranda \/ R\u00e1dio C\u00e2mara<\/em><\/p>\n","protected":false},"excerpt":{"rendered":"<p>A elei\u00e7\u00e3o da nova Mesa Diretora em dois de fevereiro ser\u00e1 o primeiro passo para definir a distribui\u00e7\u00e3o das comiss\u00f5es da C\u00e2mara dos Deputados para este ano, a partir dos blocos partid\u00e1rios que ser\u00e3o formados. V\u00e1rios temas pol\u00eamicos ser\u00e3o analisados por comiss\u00f5es especiais, criadas quando o assunto deve ser discutido por mais de tr\u00eas comiss\u00f5es [&hellip;]<\/p>\n","protected":false},"author":2,"featured_media":0,"comment_status":"open","ping_status":"open","sticky":false,"template":"","format":"standard","meta":{"_acf_changed":false,"_monsterinsights_skip_tracking":false,"_monsterinsights_sitenote_active":false,"_monsterinsights_sitenote_note":"","_monsterinsights_sitenote_category":0,"_jetpack_memberships_contains_paid_content":false,"footnotes":"","jetpack_publicize_message":"","jetpack_publicize_feature_enabled":true,"jetpack_social_post_already_shared":true,"jetpack_social_options":{"image_generator_settings":{"template":"highway","default_image_id":0,"font":"","enabled":false},"version":2}},"categories":[1,3],"tags":[],"class_list":["post-14647","post","type-post","status-publish","format-standard","hentry","category-noticias","category-politica"],"acf":[],"jetpack_publicize_connections":[],"jetpack_featured_media_url":"","jetpack_sharing_enabled":true,"publishpress_future_workflow_manual_trigger":{"enabledWorkflows":[]},"_links":{"self":[{"href":"https:\/\/blogdoeloiltoncajuhy.com.br\/site\/wp-json\/wp\/v2\/posts\/14647","targetHints":{"allow":["GET"]}}],"collection":[{"href":"https:\/\/blogdoeloiltoncajuhy.com.br\/site\/wp-json\/wp\/v2\/posts"}],"about":[{"href":"https:\/\/blogdoeloiltoncajuhy.com.br\/site\/wp-json\/wp\/v2\/types\/post"}],"author":[{"embeddable":true,"href":"https:\/\/blogdoeloiltoncajuhy.com.br\/site\/wp-json\/wp\/v2\/users\/2"}],"replies":[{"embeddable":true,"href":"https:\/\/blogdoeloiltoncajuhy.com.br\/site\/wp-json\/wp\/v2\/comments?post=14647"}],"version-history":[{"count":1,"href":"https:\/\/blogdoeloiltoncajuhy.com.br\/site\/wp-json\/wp\/v2\/posts\/14647\/revisions"}],"predecessor-version":[{"id":14648,"href":"https:\/\/blogdoeloiltoncajuhy.com.br\/site\/wp-json\/wp\/v2\/posts\/14647\/revisions\/14648"}],"wp:attachment":[{"href":"https:\/\/blogdoeloiltoncajuhy.com.br\/site\/wp-json\/wp\/v2\/media?parent=14647"}],"wp:term":[{"taxonomy":"category","embeddable":true,"href":"https:\/\/blogdoeloiltoncajuhy.com.br\/site\/wp-json\/wp\/v2\/categories?post=14647"},{"taxonomy":"post_tag","embeddable":true,"href":"https:\/\/blogdoeloiltoncajuhy.com.br\/site\/wp-json\/wp\/v2\/tags?post=14647"}],"curies":[{"name":"wp","href":"https:\/\/api.w.org\/{rel}","templated":true}]}}