{"id":14645,"date":"2017-01-10T12:35:28","date_gmt":"2017-01-10T15:35:28","guid":{"rendered":"http:\/\/blogdoeloiltoncajuhy.com.br\/site\/?p=14645"},"modified":"2017-01-10T12:35:28","modified_gmt":"2017-01-10T15:35:28","slug":"abastecimento-de-agua-em-andorinha-jaguarari-e-em-parte-de-senhor-do-bonfim-esta-suspenso-temporariamente","status":"publish","type":"post","link":"https:\/\/blogdoeloiltoncajuhy.com.br\/site\/abastecimento-de-agua-em-andorinha-jaguarari-e-em-parte-de-senhor-do-bonfim-esta-suspenso-temporariamente\/","title":{"rendered":"Abastecimento de \u00e1gua em Andorinha, Jaguarari e em parte de Senhor do Bonfim est\u00e1 suspenso temporariamente"},"content":{"rendered":"<p style=\"text-align: center;\"><em><strong>Fornecimento de \u00e1gua ser\u00e1 retomado no final da tarde desta ter\u00e7a-feira<\/strong><\/em><\/p>\n<p><a href=\"https:\/\/i0.wp.com\/blogdoeloiltoncajuhy.com.br\/site\/wp-content\/uploads\/2015\/08\/embasa.jpg\"><img data-recalc-dims=\"1\" fetchpriority=\"high\" decoding=\"async\" class=\"aligncenter size-full wp-image-3655\" src=\"https:\/\/i0.wp.com\/blogdoeloiltoncajuhy.com.br\/site\/wp-content\/uploads\/2015\/08\/embasa.jpg?resize=350%2C200\" alt=\"\" width=\"350\" height=\"200\" srcset=\"https:\/\/i0.wp.com\/blogdoeloiltoncajuhy.com.br\/site\/wp-content\/uploads\/2015\/08\/embasa.jpg?w=350&amp;ssl=1 350w, https:\/\/i0.wp.com\/blogdoeloiltoncajuhy.com.br\/site\/wp-content\/uploads\/2015\/08\/embasa.jpg?resize=300%2C171&amp;ssl=1 300w, https:\/\/i0.wp.com\/blogdoeloiltoncajuhy.com.br\/site\/wp-content\/uploads\/2015\/08\/embasa.jpg?resize=250%2C143&amp;ssl=1 250w\" sizes=\"(max-width: 350px) 100vw, 350px\" \/><\/a>A Empresa Baiana de \u00c1guas e Saneamento (Embasa) precisou interromper o abastecimento de \u00e1gua no final da manh\u00e3 de hoje (10) em Andorinha, Jaguarari e em parte de Senhor do Bonfim ap\u00f3s um equipamento eletromec\u00e2nico apresentar um problema t\u00e9cnico.<\/p>\n<p>O equipamento \u00e9 respons\u00e1vel por controlar a vaz\u00e3o da \u00e1gua distribu\u00edda \u00e0 popula\u00e7\u00e3o e evitar rompimentos em adutoras e redes de distribui\u00e7\u00e3o.<\/p>\n<p>Os reparos j\u00e1 iniciaram e devem ser conclu\u00eddos no final da tarde de hoje. Ap\u00f3s a conclus\u00e3o dos trabalhos, o fornecimento de \u00e1gua ser\u00e1 retomado de imediato, ocorrendo a sua normaliza\u00e7\u00e3o gradativamente. A Embasa recomenda aos moradores o uso racional da \u00e1gua para evitar maiores transtornos.<\/p>\n<p><em>*Adriano Aleixo \/\u00a0Assessoria de Comunica\u00e7\u00e3o da Embasa \/\u00a0Unidade Regional de Senhor do Bonfim<\/em><br \/>\n<em>74 &#8211; 3541 8400<\/em><br \/>\n<em>74- 99129 3746 (Tim\/WhatsApp)<\/em><br \/>\n<em>74- 98110 6858 (Claro)<\/em><\/p>\n","protected":false},"excerpt":{"rendered":"<p>Fornecimento de \u00e1gua ser\u00e1 retomado no final da tarde desta ter\u00e7a-feira A Empresa Baiana de \u00c1guas e Saneamento (Embasa) precisou interromper o abastecimento de \u00e1gua no final da manh\u00e3 de hoje (10) em Andorinha, Jaguarari e em parte de Senhor do Bonfim ap\u00f3s um equipamento eletromec\u00e2nico apresentar um problema t\u00e9cnico. O equipamento \u00e9 respons\u00e1vel por [&hellip;]<\/p>\n","protected":false},"author":2,"featured_media":0,"comment_status":"open","ping_status":"open","sticky":false,"template":"","format":"standard","meta":{"_acf_changed":false,"_monsterinsights_skip_tracking":false,"_monsterinsights_sitenote_active":false,"_monsterinsights_sitenote_note":"","_monsterinsights_sitenote_category":0,"_jetpack_memberships_contains_paid_content":false,"footnotes":"","jetpack_publicize_message":"","jetpack_publicize_feature_enabled":true,"jetpack_social_post_already_shared":true,"jetpack_social_options":{"image_generator_settings":{"template":"highway","default_image_id":0,"font":"","enabled":false},"version":2}},"categories":[5,1,11,4],"tags":[],"class_list":["post-14645","post","type-post","status-publish","format-standard","hentry","category-cotidiano","category-noticias","category-regional","category-local"],"acf":[],"jetpack_publicize_connections":[],"jetpack_featured_media_url":"","jetpack_sharing_enabled":true,"publishpress_future_workflow_manual_trigger":{"enabledWorkflows":[]},"_links":{"self":[{"href":"https:\/\/blogdoeloiltoncajuhy.com.br\/site\/wp-json\/wp\/v2\/posts\/14645","targetHints":{"allow":["GET"]}}],"collection":[{"href":"https:\/\/blogdoeloiltoncajuhy.com.br\/site\/wp-json\/wp\/v2\/posts"}],"about":[{"href":"https:\/\/blogdoeloiltoncajuhy.com.br\/site\/wp-json\/wp\/v2\/types\/post"}],"author":[{"embeddable":true,"href":"https:\/\/blogdoeloiltoncajuhy.com.br\/site\/wp-json\/wp\/v2\/users\/2"}],"replies":[{"embeddable":true,"href":"https:\/\/blogdoeloiltoncajuhy.com.br\/site\/wp-json\/wp\/v2\/comments?post=14645"}],"version-history":[{"count":1,"href":"https:\/\/blogdoeloiltoncajuhy.com.br\/site\/wp-json\/wp\/v2\/posts\/14645\/revisions"}],"predecessor-version":[{"id":14646,"href":"https:\/\/blogdoeloiltoncajuhy.com.br\/site\/wp-json\/wp\/v2\/posts\/14645\/revisions\/14646"}],"wp:attachment":[{"href":"https:\/\/blogdoeloiltoncajuhy.com.br\/site\/wp-json\/wp\/v2\/media?parent=14645"}],"wp:term":[{"taxonomy":"category","embeddable":true,"href":"https:\/\/blogdoeloiltoncajuhy.com.br\/site\/wp-json\/wp\/v2\/categories?post=14645"},{"taxonomy":"post_tag","embeddable":true,"href":"https:\/\/blogdoeloiltoncajuhy.com.br\/site\/wp-json\/wp\/v2\/tags?post=14645"}],"curies":[{"name":"wp","href":"https:\/\/api.w.org\/{rel}","templated":true}]}}