{"id":14643,"date":"2017-01-10T12:32:10","date_gmt":"2017-01-10T15:32:10","guid":{"rendered":"http:\/\/blogdoeloiltoncajuhy.com.br\/site\/?p=14643"},"modified":"2017-01-10T12:32:10","modified_gmt":"2017-01-10T15:32:10","slug":"bonfim-homem-agride-companheira-e-e-levado-para-a-delegacia","status":"publish","type":"post","link":"https:\/\/blogdoeloiltoncajuhy.com.br\/site\/bonfim-homem-agride-companheira-e-e-levado-para-a-delegacia\/","title":{"rendered":"BONFIM: Homem agride companheira e \u00e9 levado para a delegacia"},"content":{"rendered":"<p><a href=\"https:\/\/i0.wp.com\/blogdoeloiltoncajuhy.com.br\/site\/wp-content\/uploads\/2015\/12\/pol%C3%ADcia.jpg\"><img data-recalc-dims=\"1\" fetchpriority=\"high\" decoding=\"async\" class=\"aligncenter size-full wp-image-6606\" src=\"https:\/\/i0.wp.com\/blogdoeloiltoncajuhy.com.br\/site\/wp-content\/uploads\/2015\/12\/pol%C3%ADcia.jpg?resize=385%2C270\" alt=\"\" width=\"385\" height=\"270\" srcset=\"https:\/\/i0.wp.com\/blogdoeloiltoncajuhy.com.br\/site\/wp-content\/uploads\/2015\/12\/pol%C3%ADcia.jpg?w=385&amp;ssl=1 385w, https:\/\/i0.wp.com\/blogdoeloiltoncajuhy.com.br\/site\/wp-content\/uploads\/2015\/12\/pol%C3%ADcia.jpg?resize=300%2C210&amp;ssl=1 300w, https:\/\/i0.wp.com\/blogdoeloiltoncajuhy.com.br\/site\/wp-content\/uploads\/2015\/12\/pol%C3%ADcia.jpg?resize=250%2C175&amp;ssl=1 250w\" sizes=\"(max-width: 385px) 100vw, 385px\" \/><\/a>Policiais da 1\u00aa Companhia\/Sr. do Bonfim, conduziram um homem \u00e0 Delegacia por viol\u00eancia dom\u00e9stica.\u00a0Por volta das 21h55 desta segunda-feira (09), policiais da 1\u00aa Companhia, conduziram \u00e0 Delegacia, um homem de 61 anos, acusado de agredir fisicamente sua companheira, uma mulher de 30 anos. Ele tamb\u00e9m n\u00e3o queria deix\u00e1-la entrar na resid\u00eancia com as suas duas filhas. O fato aconteceu no bairro Barbosa Santos.<\/p>\n<p>Os policiais apresentaram o acusado e a v\u00edtima na Delegacia de Policia Civil onde foi lavrado um Termo Circunstanciado de Ocorr\u00eancia.<\/p>\n<p><em>*Pol\u00edcia Militar da Bahia \/\u00a0Sexto Batalh\u00e3o de Pol\u00edcia Militar \/\u00a0Se\u00e7\u00e3o de Comunica\u00e7\u00e3o Social<\/em><\/p>\n","protected":false},"excerpt":{"rendered":"<p>Policiais da 1\u00aa Companhia\/Sr. do Bonfim, conduziram um homem \u00e0 Delegacia por viol\u00eancia dom\u00e9stica.\u00a0Por volta das 21h55 desta segunda-feira (09), policiais da 1\u00aa Companhia, conduziram \u00e0 Delegacia, um homem de 61 anos, acusado de agredir fisicamente sua companheira, uma mulher de 30 anos. Ele tamb\u00e9m n\u00e3o queria deix\u00e1-la entrar na resid\u00eancia com as suas duas [&hellip;]<\/p>\n","protected":false},"author":2,"featured_media":0,"comment_status":"open","ping_status":"open","sticky":false,"template":"","format":"standard","meta":{"_acf_changed":false,"_monsterinsights_skip_tracking":false,"_monsterinsights_sitenote_active":false,"_monsterinsights_sitenote_note":"","_monsterinsights_sitenote_category":0,"_jetpack_memberships_contains_paid_content":false,"footnotes":"","jetpack_publicize_message":"","jetpack_publicize_feature_enabled":true,"jetpack_social_post_already_shared":true,"jetpack_social_options":{"image_generator_settings":{"template":"highway","default_image_id":0,"font":"","enabled":false},"version":2}},"categories":[5,1,4],"tags":[],"class_list":["post-14643","post","type-post","status-publish","format-standard","hentry","category-cotidiano","category-noticias","category-local"],"acf":[],"jetpack_publicize_connections":[],"jetpack_featured_media_url":"","jetpack_sharing_enabled":true,"publishpress_future_workflow_manual_trigger":{"enabledWorkflows":[]},"_links":{"self":[{"href":"https:\/\/blogdoeloiltoncajuhy.com.br\/site\/wp-json\/wp\/v2\/posts\/14643","targetHints":{"allow":["GET"]}}],"collection":[{"href":"https:\/\/blogdoeloiltoncajuhy.com.br\/site\/wp-json\/wp\/v2\/posts"}],"about":[{"href":"https:\/\/blogdoeloiltoncajuhy.com.br\/site\/wp-json\/wp\/v2\/types\/post"}],"author":[{"embeddable":true,"href":"https:\/\/blogdoeloiltoncajuhy.com.br\/site\/wp-json\/wp\/v2\/users\/2"}],"replies":[{"embeddable":true,"href":"https:\/\/blogdoeloiltoncajuhy.com.br\/site\/wp-json\/wp\/v2\/comments?post=14643"}],"version-history":[{"count":1,"href":"https:\/\/blogdoeloiltoncajuhy.com.br\/site\/wp-json\/wp\/v2\/posts\/14643\/revisions"}],"predecessor-version":[{"id":14644,"href":"https:\/\/blogdoeloiltoncajuhy.com.br\/site\/wp-json\/wp\/v2\/posts\/14643\/revisions\/14644"}],"wp:attachment":[{"href":"https:\/\/blogdoeloiltoncajuhy.com.br\/site\/wp-json\/wp\/v2\/media?parent=14643"}],"wp:term":[{"taxonomy":"category","embeddable":true,"href":"https:\/\/blogdoeloiltoncajuhy.com.br\/site\/wp-json\/wp\/v2\/categories?post=14643"},{"taxonomy":"post_tag","embeddable":true,"href":"https:\/\/blogdoeloiltoncajuhy.com.br\/site\/wp-json\/wp\/v2\/tags?post=14643"}],"curies":[{"name":"wp","href":"https:\/\/api.w.org\/{rel}","templated":true}]}}