{"id":14640,"date":"2017-01-10T12:27:19","date_gmt":"2017-01-10T15:27:19","guid":{"rendered":"http:\/\/blogdoeloiltoncajuhy.com.br\/site\/?p=14640"},"modified":"2017-01-10T12:27:19","modified_gmt":"2017-01-10T15:27:19","slug":"nova-central-de-marcacao-de-senhor-do-bonfim-sera-inaugurada-nesta-sexta13","status":"publish","type":"post","link":"https:\/\/blogdoeloiltoncajuhy.com.br\/site\/nova-central-de-marcacao-de-senhor-do-bonfim-sera-inaugurada-nesta-sexta13\/","title":{"rendered":"Nova Central de Marca\u00e7\u00e3o de Senhor do Bonfim ser\u00e1 inaugurada nesta sexta(13)"},"content":{"rendered":"<p><a href=\"https:\/\/i0.wp.com\/blogdoeloiltoncajuhy.com.br\/site\/wp-content\/uploads\/2017\/01\/MARCA%C3%87%C3%83Oeditado-e1484062020343.jpg\"><img data-recalc-dims=\"1\" fetchpriority=\"high\" decoding=\"async\" class=\"wp-image-14641 size-medium alignright\" src=\"https:\/\/i0.wp.com\/blogdoeloiltoncajuhy.com.br\/site\/wp-content\/uploads\/2017\/01\/MARCA%C3%87%C3%83Oeditado.jpg?resize=300%2C224\" width=\"300\" height=\"224\" \/><\/a>A reestrutura\u00e7\u00e3o da sa\u00fade de Senhor do Bonfim vem sendo um dos principais desafios para nova gest\u00e3o. Um novo modelo de atendimento est\u00e1 sendo implantado nas unidades de sa\u00fade do munic\u00edpio. Uma das metas da nova gest\u00e3o ser\u00e1 extinguir as filas de marca\u00e7\u00e3o de exames e consultas.<\/p>\n<p>A informatiza\u00e7\u00e3o dos postos de sa\u00fade, interligados com a central de marca\u00e7\u00e3o, possibilitar\u00e1 rapidez e agilidade nos agendamentos dos servi\u00e7os oferecidos \u00e0 popula\u00e7\u00e3o. No pr\u00f3ximo dia 13 de janeiro, \u00e0s 8h, ser\u00e1 inaugurada a nova sede da central de marca\u00e7\u00e3o, na Rua C\u00f4nego Hugo, n\u00ba232, oferecendo uma estrutura moderna para melhor atender a popula\u00e7\u00e3o.<\/p>\n<p>O governo municipal, atrav\u00e9s da Secretaria de Sa\u00fade, informa tamb\u00e9m que devido a renova\u00e7\u00e3o com as clinicas conveniadas e profissionais de sa\u00fade, o atendimento ao publico ser\u00e1 normalizado a partir do dia 20 de janeiro, das 7h \u00e0s 12h, e das 14h \u00e0s 17h.<\/p>\n<p><em>*Ascom Prefeitura Municipal de Senhor do Bonfim<\/em><\/p>\n","protected":false},"excerpt":{"rendered":"<p>A reestrutura\u00e7\u00e3o da sa\u00fade de Senhor do Bonfim vem sendo um dos principais desafios para nova gest\u00e3o. Um novo modelo de atendimento est\u00e1 sendo implantado nas unidades de sa\u00fade do munic\u00edpio. Uma das metas da nova gest\u00e3o ser\u00e1 extinguir as filas de marca\u00e7\u00e3o de exames e consultas. A informatiza\u00e7\u00e3o dos postos de sa\u00fade, interligados com [&hellip;]<\/p>\n","protected":false},"author":2,"featured_media":14641,"comment_status":"open","ping_status":"open","sticky":false,"template":"","format":"standard","meta":{"_acf_changed":false,"_monsterinsights_skip_tracking":false,"_monsterinsights_sitenote_active":false,"_monsterinsights_sitenote_note":"","_monsterinsights_sitenote_category":0,"_jetpack_memberships_contains_paid_content":false,"footnotes":"","jetpack_publicize_message":"","jetpack_publicize_feature_enabled":true,"jetpack_social_post_already_shared":true,"jetpack_social_options":{"image_generator_settings":{"template":"highway","default_image_id":0,"font":"","enabled":false},"version":2}},"categories":[1,7,4],"tags":[],"class_list":["post-14640","post","type-post","status-publish","format-standard","has-post-thumbnail","hentry","category-noticias","category-saude","category-local"],"acf":[],"jetpack_publicize_connections":[],"jetpack_featured_media_url":"https:\/\/i0.wp.com\/blogdoeloiltoncajuhy.com.br\/site\/wp-content\/uploads\/2017\/01\/MARCA%C3%87%C3%83Oeditado-e1484062020343.jpg?fit=610%2C456&ssl=1","jetpack_sharing_enabled":true,"publishpress_future_workflow_manual_trigger":{"enabledWorkflows":[]},"_links":{"self":[{"href":"https:\/\/blogdoeloiltoncajuhy.com.br\/site\/wp-json\/wp\/v2\/posts\/14640","targetHints":{"allow":["GET"]}}],"collection":[{"href":"https:\/\/blogdoeloiltoncajuhy.com.br\/site\/wp-json\/wp\/v2\/posts"}],"about":[{"href":"https:\/\/blogdoeloiltoncajuhy.com.br\/site\/wp-json\/wp\/v2\/types\/post"}],"author":[{"embeddable":true,"href":"https:\/\/blogdoeloiltoncajuhy.com.br\/site\/wp-json\/wp\/v2\/users\/2"}],"replies":[{"embeddable":true,"href":"https:\/\/blogdoeloiltoncajuhy.com.br\/site\/wp-json\/wp\/v2\/comments?post=14640"}],"version-history":[{"count":1,"href":"https:\/\/blogdoeloiltoncajuhy.com.br\/site\/wp-json\/wp\/v2\/posts\/14640\/revisions"}],"predecessor-version":[{"id":14642,"href":"https:\/\/blogdoeloiltoncajuhy.com.br\/site\/wp-json\/wp\/v2\/posts\/14640\/revisions\/14642"}],"wp:featuredmedia":[{"embeddable":true,"href":"https:\/\/blogdoeloiltoncajuhy.com.br\/site\/wp-json\/wp\/v2\/media\/14641"}],"wp:attachment":[{"href":"https:\/\/blogdoeloiltoncajuhy.com.br\/site\/wp-json\/wp\/v2\/media?parent=14640"}],"wp:term":[{"taxonomy":"category","embeddable":true,"href":"https:\/\/blogdoeloiltoncajuhy.com.br\/site\/wp-json\/wp\/v2\/categories?post=14640"},{"taxonomy":"post_tag","embeddable":true,"href":"https:\/\/blogdoeloiltoncajuhy.com.br\/site\/wp-json\/wp\/v2\/tags?post=14640"}],"curies":[{"name":"wp","href":"https:\/\/api.w.org\/{rel}","templated":true}]}}