{"id":14628,"date":"2017-01-09T22:51:31","date_gmt":"2017-01-10T01:51:31","guid":{"rendered":"http:\/\/blogdoeloiltoncajuhy.com.br\/site\/?p=14628"},"modified":"2017-01-09T22:51:31","modified_gmt":"2017-01-10T01:51:31","slug":"prefeitura-de-senhor-do-bonfim-publica-decreto-de-contencao-de-despesas","status":"publish","type":"post","link":"https:\/\/blogdoeloiltoncajuhy.com.br\/site\/prefeitura-de-senhor-do-bonfim-publica-decreto-de-contencao-de-despesas\/","title":{"rendered":"Prefeitura de Senhor do Bonfim publica decreto de conten\u00e7\u00e3o de despesas"},"content":{"rendered":"<p><a href=\"https:\/\/i0.wp.com\/blogdoeloiltoncajuhy.com.br\/site\/wp-content\/uploads\/2017\/01\/prefeitura_09.01.2017-2.jpg\"><img data-recalc-dims=\"1\" fetchpriority=\"high\" decoding=\"async\" class=\"aligncenter size-full wp-image-14631\" src=\"https:\/\/i0.wp.com\/blogdoeloiltoncajuhy.com.br\/site\/wp-content\/uploads\/2017\/01\/prefeitura_09.01.2017-2.jpg?resize=600%2C400\" alt=\"\" width=\"600\" height=\"400\" srcset=\"https:\/\/i0.wp.com\/blogdoeloiltoncajuhy.com.br\/site\/wp-content\/uploads\/2017\/01\/prefeitura_09.01.2017-2.jpg?w=600&amp;ssl=1 600w, https:\/\/i0.wp.com\/blogdoeloiltoncajuhy.com.br\/site\/wp-content\/uploads\/2017\/01\/prefeitura_09.01.2017-2.jpg?resize=300%2C200&amp;ssl=1 300w, https:\/\/i0.wp.com\/blogdoeloiltoncajuhy.com.br\/site\/wp-content\/uploads\/2017\/01\/prefeitura_09.01.2017-2.jpg?resize=250%2C167&amp;ssl=1 250w\" sizes=\"(max-width: 600px) 100vw, 600px\" \/><\/a>A Prefeitura de Senhor do Bonfim publicou o decreto N\u00ba 037\/2017, que disp\u00f5e sobre medidas de conten\u00e7\u00e3o de despesas da Administra\u00e7\u00e3o Direta do Munic\u00edpio. Segundo o decreto, a medida \u00e9 necess\u00e1ria em virtude da adequa\u00e7\u00e3o urgente dos gastos administrativos em seus diversos n\u00edveis, respeitando os limites impostos pela lei de responsabilidade fiscal.<\/p>\n<p>Entre as medidas que visam reduzir despesas da administra\u00e7\u00e3o municipal, ficam suspensos para os pr\u00f3ximos 60 dias: A realiza\u00e7\u00e3o de viagens para fora do estado; realiza\u00e7\u00e3o de horas extras de trabalho pelos servidores da administra\u00e7\u00e3o municipal; concess\u00e3o de di\u00e1rias, gratifica\u00e7\u00f5es, hospedagens e passagens a\u00e9reas; afastamento de servidores para estudo ou cursos; afastamento ou ced\u00eancia de servidores; assinatura de conv\u00eanios que gerem \u00f4nus para o munic\u00edpio; gratifica\u00e7\u00f5es para presta\u00e7\u00f5es de servi\u00e7o extraordin\u00e1rios; licen\u00e7a para tratar de interesses particulares, quando implicarem em nomea\u00e7\u00f5es para substitui\u00e7\u00f5es e convers\u00e3o de f\u00e9rias em esp\u00e9cie.<\/p>\n<p>As Secretarias de Planejamento e Finan\u00e7as, Administra\u00e7\u00e3o e Controladoria, expedir\u00e3o portaria conjunta disciplinando as a\u00e7\u00f5es e medidas necess\u00e1rias para a imediata redu\u00e7\u00e3o das despesas com a utiliza\u00e7\u00e3o dos servi\u00e7os de telefonia fixa e m\u00f3vel, consumo de combust\u00edvel, consumo de energia, \u00e1gua, assinatura de revistas e peri\u00f3dicos, treinamento de pessoal e outras medidas que resultem na economia de gastos com o custeio. As medidas j\u00e1 est\u00e3o em vigor.<\/p>\n<p><em>*Ascom Prefeitura Municipal de Senhor do Bonfim<\/em><\/p>\n","protected":false},"excerpt":{"rendered":"<p>A Prefeitura de Senhor do Bonfim publicou o decreto N\u00ba 037\/2017, que disp\u00f5e sobre medidas de conten\u00e7\u00e3o de despesas da Administra\u00e7\u00e3o Direta do Munic\u00edpio. Segundo o decreto, a medida \u00e9 necess\u00e1ria em virtude da adequa\u00e7\u00e3o urgente dos gastos administrativos em seus diversos n\u00edveis, respeitando os limites impostos pela lei de responsabilidade fiscal. Entre as medidas [&hellip;]<\/p>\n","protected":false},"author":2,"featured_media":14631,"comment_status":"open","ping_status":"open","sticky":false,"template":"","format":"standard","meta":{"_acf_changed":false,"_monsterinsights_skip_tracking":false,"_monsterinsights_sitenote_active":false,"_monsterinsights_sitenote_note":"","_monsterinsights_sitenote_category":0,"_jetpack_memberships_contains_paid_content":false,"footnotes":"","jetpack_publicize_message":"","jetpack_publicize_feature_enabled":true,"jetpack_social_post_already_shared":true,"jetpack_social_options":{"image_generator_settings":{"template":"highway","default_image_id":0,"font":"","enabled":false},"version":2}},"categories":[1,3,4],"tags":[],"class_list":["post-14628","post","type-post","status-publish","format-standard","has-post-thumbnail","hentry","category-noticias","category-politica","category-local"],"acf":[],"jetpack_publicize_connections":[],"jetpack_featured_media_url":"https:\/\/i0.wp.com\/blogdoeloiltoncajuhy.com.br\/site\/wp-content\/uploads\/2017\/01\/prefeitura_09.01.2017-2.jpg?fit=600%2C400&ssl=1","jetpack_sharing_enabled":true,"publishpress_future_workflow_manual_trigger":{"enabledWorkflows":[]},"_links":{"self":[{"href":"https:\/\/blogdoeloiltoncajuhy.com.br\/site\/wp-json\/wp\/v2\/posts\/14628","targetHints":{"allow":["GET"]}}],"collection":[{"href":"https:\/\/blogdoeloiltoncajuhy.com.br\/site\/wp-json\/wp\/v2\/posts"}],"about":[{"href":"https:\/\/blogdoeloiltoncajuhy.com.br\/site\/wp-json\/wp\/v2\/types\/post"}],"author":[{"embeddable":true,"href":"https:\/\/blogdoeloiltoncajuhy.com.br\/site\/wp-json\/wp\/v2\/users\/2"}],"replies":[{"embeddable":true,"href":"https:\/\/blogdoeloiltoncajuhy.com.br\/site\/wp-json\/wp\/v2\/comments?post=14628"}],"version-history":[{"count":1,"href":"https:\/\/blogdoeloiltoncajuhy.com.br\/site\/wp-json\/wp\/v2\/posts\/14628\/revisions"}],"predecessor-version":[{"id":14632,"href":"https:\/\/blogdoeloiltoncajuhy.com.br\/site\/wp-json\/wp\/v2\/posts\/14628\/revisions\/14632"}],"wp:featuredmedia":[{"embeddable":true,"href":"https:\/\/blogdoeloiltoncajuhy.com.br\/site\/wp-json\/wp\/v2\/media\/14631"}],"wp:attachment":[{"href":"https:\/\/blogdoeloiltoncajuhy.com.br\/site\/wp-json\/wp\/v2\/media?parent=14628"}],"wp:term":[{"taxonomy":"category","embeddable":true,"href":"https:\/\/blogdoeloiltoncajuhy.com.br\/site\/wp-json\/wp\/v2\/categories?post=14628"},{"taxonomy":"post_tag","embeddable":true,"href":"https:\/\/blogdoeloiltoncajuhy.com.br\/site\/wp-json\/wp\/v2\/tags?post=14628"}],"curies":[{"name":"wp","href":"https:\/\/api.w.org\/{rel}","templated":true}]}}