{"id":14612,"date":"2017-01-09T08:02:56","date_gmt":"2017-01-09T11:02:56","guid":{"rendered":"http:\/\/blogdoeloiltoncajuhy.com.br\/site\/?p=14612"},"modified":"2017-01-09T08:02:56","modified_gmt":"2017-01-09T11:02:56","slug":"matriculas-das-escolas-municipais-de-andorinha-acontecem-ate-13-de-janeiro","status":"publish","type":"post","link":"https:\/\/blogdoeloiltoncajuhy.com.br\/site\/matriculas-das-escolas-municipais-de-andorinha-acontecem-ate-13-de-janeiro\/","title":{"rendered":"Matriculas das escolas municipais de Andorinha acontecem at\u00e9 13 de janeiro"},"content":{"rendered":"<p><a href=\"https:\/\/i0.wp.com\/blogdoeloiltoncajuhy.com.br\/site\/wp-content\/uploads\/2017\/01\/escola-andorinha-e1483959761764.png\"><img data-recalc-dims=\"1\" fetchpriority=\"high\" decoding=\"async\" class=\"aligncenter size-full wp-image-14613\" src=\"https:\/\/i0.wp.com\/blogdoeloiltoncajuhy.com.br\/site\/wp-content\/uploads\/2017\/01\/escola-andorinha-e1483959761764.png?resize=500%2C289\" alt=\"\" width=\"500\" height=\"289\" \/><\/a>As matr\u00edculas de alunos para a rede municipal de ensino de Andorinha acontecem nas escolas municipais at\u00e9 13 de janeiro (sexta-feira), exceto nas seguintes escolas do interior: Tanquinho do Po\u00e7o, Cara\u00edba, Tanque Novo e Caldeir\u00e3o da Vaca. Nessas unidades escolares, as matriculas dever\u00e3o ser feitas excepcionalmente na Secretaria de Educa\u00e7\u00e3o, localizada na Rua Princesa Isabel, centro de Andorinha. S\u00e3o esperados aproximadamente 3 mil alunos matriculados para o ano letivo 2017.<\/p>\n<p>De acordo com a Secretaria Municipal de Educa\u00e7\u00e3o, no ato da matr\u00edcula, o estudante dever\u00e1 apresentar a seguinte documenta\u00e7\u00e3o: original de hist\u00f3rico escolar ou atestado de escolaridade; original e c\u00f3pia da certid\u00e3o de registro civil ou c\u00e9dula de identidade para fins de confer\u00eancia; original e c\u00f3pia do comprovante de resid\u00eancia e duas fotos 3&#215;4. Maiores informa\u00e7\u00f5es pelo telefone (74) 3529 1054. A volta \u00e0s aulas est\u00e1 marcada para 6 de fevereiro.<\/p>\n<p><em>*Ascom Prefeitura Municipal de Andorinha<\/em><\/p>\n","protected":false},"excerpt":{"rendered":"<p>As matr\u00edculas de alunos para a rede municipal de ensino de Andorinha acontecem nas escolas municipais at\u00e9 13 de janeiro (sexta-feira), exceto nas seguintes escolas do interior: Tanquinho do Po\u00e7o, Cara\u00edba, Tanque Novo e Caldeir\u00e3o da Vaca. Nessas unidades escolares, as matriculas dever\u00e3o ser feitas excepcionalmente na Secretaria de Educa\u00e7\u00e3o, localizada na Rua Princesa Isabel, [&hellip;]<\/p>\n","protected":false},"author":2,"featured_media":14613,"comment_status":"open","ping_status":"open","sticky":false,"template":"","format":"standard","meta":{"_acf_changed":false,"_monsterinsights_skip_tracking":false,"_monsterinsights_sitenote_active":false,"_monsterinsights_sitenote_note":"","_monsterinsights_sitenote_category":0,"_jetpack_memberships_contains_paid_content":false,"footnotes":"","jetpack_publicize_message":"","jetpack_publicize_feature_enabled":true,"jetpack_social_post_already_shared":true,"jetpack_social_options":{"image_generator_settings":{"template":"highway","default_image_id":0,"font":"","enabled":false},"version":2}},"categories":[14,1,11],"tags":[],"class_list":["post-14612","post","type-post","status-publish","format-standard","has-post-thumbnail","hentry","category-educacao","category-noticias","category-regional"],"acf":[],"jetpack_publicize_connections":[],"jetpack_featured_media_url":"https:\/\/i0.wp.com\/blogdoeloiltoncajuhy.com.br\/site\/wp-content\/uploads\/2017\/01\/escola-andorinha-e1483959761764.png?fit=500%2C289&ssl=1","jetpack_sharing_enabled":true,"publishpress_future_workflow_manual_trigger":{"enabledWorkflows":[]},"_links":{"self":[{"href":"https:\/\/blogdoeloiltoncajuhy.com.br\/site\/wp-json\/wp\/v2\/posts\/14612","targetHints":{"allow":["GET"]}}],"collection":[{"href":"https:\/\/blogdoeloiltoncajuhy.com.br\/site\/wp-json\/wp\/v2\/posts"}],"about":[{"href":"https:\/\/blogdoeloiltoncajuhy.com.br\/site\/wp-json\/wp\/v2\/types\/post"}],"author":[{"embeddable":true,"href":"https:\/\/blogdoeloiltoncajuhy.com.br\/site\/wp-json\/wp\/v2\/users\/2"}],"replies":[{"embeddable":true,"href":"https:\/\/blogdoeloiltoncajuhy.com.br\/site\/wp-json\/wp\/v2\/comments?post=14612"}],"version-history":[{"count":1,"href":"https:\/\/blogdoeloiltoncajuhy.com.br\/site\/wp-json\/wp\/v2\/posts\/14612\/revisions"}],"predecessor-version":[{"id":14614,"href":"https:\/\/blogdoeloiltoncajuhy.com.br\/site\/wp-json\/wp\/v2\/posts\/14612\/revisions\/14614"}],"wp:featuredmedia":[{"embeddable":true,"href":"https:\/\/blogdoeloiltoncajuhy.com.br\/site\/wp-json\/wp\/v2\/media\/14613"}],"wp:attachment":[{"href":"https:\/\/blogdoeloiltoncajuhy.com.br\/site\/wp-json\/wp\/v2\/media?parent=14612"}],"wp:term":[{"taxonomy":"category","embeddable":true,"href":"https:\/\/blogdoeloiltoncajuhy.com.br\/site\/wp-json\/wp\/v2\/categories?post=14612"},{"taxonomy":"post_tag","embeddable":true,"href":"https:\/\/blogdoeloiltoncajuhy.com.br\/site\/wp-json\/wp\/v2\/tags?post=14612"}],"curies":[{"name":"wp","href":"https:\/\/api.w.org\/{rel}","templated":true}]}}