{"id":14610,"date":"2017-01-08T22:55:12","date_gmt":"2017-01-09T01:55:12","guid":{"rendered":"http:\/\/blogdoeloiltoncajuhy.com.br\/site\/?p=14610"},"modified":"2017-01-09T08:08:43","modified_gmt":"2017-01-09T11:08:43","slug":"carlos-brasileiro-e-o-novo-presidente-do-consorcio-do-piemonte-norte-itapicuru","status":"publish","type":"post","link":"https:\/\/blogdoeloiltoncajuhy.com.br\/site\/carlos-brasileiro-e-o-novo-presidente-do-consorcio-do-piemonte-norte-itapicuru\/","title":{"rendered":"Carlos Brasileiro \u00e9 o novo Presidente do Cons\u00f3rcio do Piemonte Norte Itapicuru"},"content":{"rendered":"<p><a href=\"https:\/\/i0.wp.com\/blogdoeloiltoncajuhy.com.br\/site\/wp-content\/uploads\/2016\/12\/Brasileiro-diploma%C3%A7%C3%A3o.jpg\"><img data-recalc-dims=\"1\" fetchpriority=\"high\" decoding=\"async\" class=\"wp-image-13938 size-medium alignleft\" src=\"https:\/\/i0.wp.com\/blogdoeloiltoncajuhy.com.br\/site\/wp-content\/uploads\/2016\/12\/Brasileiro-diploma%C3%A7%C3%A3o.jpg?resize=300%2C200\" width=\"300\" height=\"200\" srcset=\"https:\/\/i0.wp.com\/blogdoeloiltoncajuhy.com.br\/site\/wp-content\/uploads\/2016\/12\/Brasileiro-diploma%C3%A7%C3%A3o.jpg?resize=300%2C200&amp;ssl=1 300w, https:\/\/i0.wp.com\/blogdoeloiltoncajuhy.com.br\/site\/wp-content\/uploads\/2016\/12\/Brasileiro-diploma%C3%A7%C3%A3o.jpg?resize=768%2C512&amp;ssl=1 768w, https:\/\/i0.wp.com\/blogdoeloiltoncajuhy.com.br\/site\/wp-content\/uploads\/2016\/12\/Brasileiro-diploma%C3%A7%C3%A3o.jpg?resize=250%2C167&amp;ssl=1 250w, https:\/\/i0.wp.com\/blogdoeloiltoncajuhy.com.br\/site\/wp-content\/uploads\/2016\/12\/Brasileiro-diploma%C3%A7%C3%A3o.jpg?w=960&amp;ssl=1 960w\" sizes=\"(max-width: 300px) 100vw, 300px\" \/><\/a>Aconteceu neste domingo (8), na sede da C\u00e2mara de vereadores de Senhor do Bonfim, a elei\u00e7\u00e3o para escolha do novo Presidente do Cons\u00f3rcio do Piemonte Norte Itapicuru.<\/p>\n<p>Dos nove prefeitos que participam do Cons\u00f3rcio, apenas os Prefeitos Carlos Brasileiro (Senhor do Bonfim) e Louro Maia (Filad\u00e9lfia) pleitearam a disputa da entidade.<\/p>\n<p>Por 5\u00a0votos a favor e 4\u00a0contra, em uma elei\u00e7\u00e3o bastante concorrida, o Prefeito de Senhor do Bonfim, Carlos Brasileiro (PT), foi eleito presidente do Cons\u00f3rcio.<\/p>\n<p>Votaram em Carlos Brasileiro: Renatinho (Andorinha), Candinho (Caldeir\u00e3o Grande), Everton Rocha (Jaguarari) e Rose Menezes (Campo Formoso).<\/p>\n<p>Al\u00e9m do seu voto, Louro Maia (DEM), obteve os votos de Roberto Carlos (Ant\u00f4nio Gon\u00e7alves), Tiago Ven\u00e2ncio (Ponto Novo) e H\u00e9lio Palmeira (Pindoba\u00e7u).<\/p>\n<p>Com a vit\u00f3ria, Carlos Brasileiro assume a presid\u00eancia do Cons\u00f3rcio pelo per\u00edodo de dois anos.<\/p>\n<p><em>*Com informa\u00e7\u00f5es do site Ivan Silva Not\u00edcia<\/em><\/p>\n<p><em>Depois de eleito, o prefeito gravou v\u00eddeo de agradecimento &#8220;aos colegas gestores da regi\u00e3o&#8221; e com seu depoimento sobre o processo eletivo do Cons\u00f3rcio do Piemonte Norte do Itapicuru. Ele aproveitou para falar, tamb\u00e9m, &#8220;das perspectivas e dos avan\u00e7os que poderemos alcan\u00e7ar com uni\u00e3o e trabalho&#8221;.<\/em><\/p>\n<p><em><strong>Veja:<\/strong><\/em><\/p>\n<p><iframe title=\"Carlos Brasileiro C\" width=\"800\" height=\"450\" src=\"https:\/\/www.youtube.com\/embed\/2ralQARB278?feature=oembed\" frameborder=\"0\" allow=\"accelerometer; autoplay; encrypted-media; gyroscope; picture-in-picture\" allowfullscreen><\/iframe><\/p>\n<p><em>*BLOG DO ELOILTON CAJUHY<\/em><\/p>\n","protected":false},"excerpt":{"rendered":"<p>Aconteceu neste domingo (8), na sede da C\u00e2mara de vereadores de Senhor do Bonfim, a elei\u00e7\u00e3o para escolha do novo Presidente do Cons\u00f3rcio do Piemonte Norte Itapicuru. Dos nove prefeitos que participam do Cons\u00f3rcio, apenas os Prefeitos Carlos Brasileiro (Senhor do Bonfim) e Louro Maia (Filad\u00e9lfia) pleitearam a disputa da entidade. Por 5\u00a0votos a favor [&hellip;]<\/p>\n","protected":false},"author":2,"featured_media":0,"comment_status":"open","ping_status":"open","sticky":false,"template":"","format":"standard","meta":{"_acf_changed":false,"_monsterinsights_skip_tracking":false,"_monsterinsights_sitenote_active":false,"_monsterinsights_sitenote_note":"","_monsterinsights_sitenote_category":0,"_jetpack_memberships_contains_paid_content":false,"footnotes":"","jetpack_publicize_message":"","jetpack_publicize_feature_enabled":true,"jetpack_social_post_already_shared":true,"jetpack_social_options":{"image_generator_settings":{"template":"highway","default_image_id":0,"font":"","enabled":false},"version":2}},"categories":[1,3,11,4],"tags":[],"class_list":["post-14610","post","type-post","status-publish","format-standard","hentry","category-noticias","category-politica","category-regional","category-local"],"acf":[],"jetpack_publicize_connections":[],"jetpack_featured_media_url":"","jetpack_sharing_enabled":true,"publishpress_future_workflow_manual_trigger":{"enabledWorkflows":[]},"_links":{"self":[{"href":"https:\/\/blogdoeloiltoncajuhy.com.br\/site\/wp-json\/wp\/v2\/posts\/14610","targetHints":{"allow":["GET"]}}],"collection":[{"href":"https:\/\/blogdoeloiltoncajuhy.com.br\/site\/wp-json\/wp\/v2\/posts"}],"about":[{"href":"https:\/\/blogdoeloiltoncajuhy.com.br\/site\/wp-json\/wp\/v2\/types\/post"}],"author":[{"embeddable":true,"href":"https:\/\/blogdoeloiltoncajuhy.com.br\/site\/wp-json\/wp\/v2\/users\/2"}],"replies":[{"embeddable":true,"href":"https:\/\/blogdoeloiltoncajuhy.com.br\/site\/wp-json\/wp\/v2\/comments?post=14610"}],"version-history":[{"count":3,"href":"https:\/\/blogdoeloiltoncajuhy.com.br\/site\/wp-json\/wp\/v2\/posts\/14610\/revisions"}],"predecessor-version":[{"id":14616,"href":"https:\/\/blogdoeloiltoncajuhy.com.br\/site\/wp-json\/wp\/v2\/posts\/14610\/revisions\/14616"}],"wp:attachment":[{"href":"https:\/\/blogdoeloiltoncajuhy.com.br\/site\/wp-json\/wp\/v2\/media?parent=14610"}],"wp:term":[{"taxonomy":"category","embeddable":true,"href":"https:\/\/blogdoeloiltoncajuhy.com.br\/site\/wp-json\/wp\/v2\/categories?post=14610"},{"taxonomy":"post_tag","embeddable":true,"href":"https:\/\/blogdoeloiltoncajuhy.com.br\/site\/wp-json\/wp\/v2\/tags?post=14610"}],"curies":[{"name":"wp","href":"https:\/\/api.w.org\/{rel}","templated":true}]}}