{"id":14608,"date":"2017-01-08T22:46:21","date_gmt":"2017-01-09T01:46:21","guid":{"rendered":"http:\/\/blogdoeloiltoncajuhy.com.br\/site\/?p=14608"},"modified":"2017-01-08T22:46:21","modified_gmt":"2017-01-09T01:46:21","slug":"comece-a-segunda-feira-meditando-este-e-o-meu-filho-amado-mt-313-17","status":"publish","type":"post","link":"https:\/\/blogdoeloiltoncajuhy.com.br\/site\/comece-a-segunda-feira-meditando-este-e-o-meu-filho-amado-mt-313-17\/","title":{"rendered":"COMECE A SEGUNDA-FEIRA MEDITANDO: &#8220;Este \u00e9 o meu Filho amado&#8221; &#8211; Mt 3,13-17"},"content":{"rendered":"<p><a href=\"https:\/\/i0.wp.com\/blogdoeloiltoncajuhy.com.br\/site\/wp-content\/uploads\/2015\/10\/liturgia_diaria.jpg\"><img data-recalc-dims=\"1\" fetchpriority=\"high\" decoding=\"async\" class=\"aligncenter wp-image-4757 size-medium\" src=\"https:\/\/i0.wp.com\/blogdoeloiltoncajuhy.com.br\/site\/wp-content\/uploads\/2015\/10\/liturgia_diaria.jpg?resize=300%2C227\" width=\"300\" height=\"227\" srcset=\"https:\/\/i0.wp.com\/blogdoeloiltoncajuhy.com.br\/site\/wp-content\/uploads\/2015\/10\/liturgia_diaria.jpg?resize=300%2C227&amp;ssl=1 300w, https:\/\/i0.wp.com\/blogdoeloiltoncajuhy.com.br\/site\/wp-content\/uploads\/2015\/10\/liturgia_diaria.jpg?resize=250%2C189&amp;ssl=1 250w, https:\/\/i0.wp.com\/blogdoeloiltoncajuhy.com.br\/site\/wp-content\/uploads\/2015\/10\/liturgia_diaria.jpg?w=449&amp;ssl=1 449w\" sizes=\"(max-width: 300px) 100vw, 300px\" \/><\/a>Naquele tempo, Jesus veio da Galileia para o rio Jord\u00e3o, a fim de se encontrar com Jo\u00e3o e ser batizado por ele. Mas Jo\u00e3o protestou, dizendo: \u201cEu preciso ser batizado por ti, e tu vens a mim?\u201d<\/p>\n<p>Jesus, por\u00e9m, respondeu-lhe: \u201cPor enquanto deixa como est\u00e1, porque n\u00f3s devemos cumprir toda a justi\u00e7a!\u201d E Jo\u00e3o concordou. Depois de ser batizado, Jesus saiu logo da \u00e1gua. Ent\u00e3o o c\u00e9u se abriu e Jesus viu o Esp\u00edrito de Deus, descendo como pomba e vindo pousar sobre ele.<\/p>\n<p>E do c\u00e9u veio uma voz que dizia: \u201cEste \u00e9 o meu Filho amado, no qual eu pus o meu agrado\u201d.<\/p>\n<p><em>*<a href=\"http:\/\/liturgia.cancaonova.com\/liturgia\/batismo-do-senhor-segunda-feira-09012017\/\"><strong>Can\u00e7\u00e3o Nova<\/strong><\/a><\/em><\/p>\n","protected":false},"excerpt":{"rendered":"<p>Naquele tempo, Jesus veio da Galileia para o rio Jord\u00e3o, a fim de se encontrar com Jo\u00e3o e ser batizado por ele. Mas Jo\u00e3o protestou, dizendo: \u201cEu preciso ser batizado por ti, e tu vens a mim?\u201d Jesus, por\u00e9m, respondeu-lhe: \u201cPor enquanto deixa como est\u00e1, porque n\u00f3s devemos cumprir toda a justi\u00e7a!\u201d E Jo\u00e3o concordou. [&hellip;]<\/p>\n","protected":false},"author":2,"featured_media":0,"comment_status":"open","ping_status":"open","sticky":false,"template":"","format":"standard","meta":{"_acf_changed":false,"_monsterinsights_skip_tracking":false,"_monsterinsights_sitenote_active":false,"_monsterinsights_sitenote_note":"","_monsterinsights_sitenote_category":0,"_jetpack_memberships_contains_paid_content":false,"footnotes":"","jetpack_publicize_message":"","jetpack_publicize_feature_enabled":true,"jetpack_social_post_already_shared":true,"jetpack_social_options":{"image_generator_settings":{"template":"highway","default_image_id":0,"font":"","enabled":false},"version":2}},"categories":[1,9],"tags":[],"class_list":["post-14608","post","type-post","status-publish","format-standard","hentry","category-noticias","category-reflexao"],"acf":[],"jetpack_publicize_connections":[],"jetpack_featured_media_url":"","jetpack_sharing_enabled":true,"publishpress_future_workflow_manual_trigger":{"enabledWorkflows":[]},"_links":{"self":[{"href":"https:\/\/blogdoeloiltoncajuhy.com.br\/site\/wp-json\/wp\/v2\/posts\/14608","targetHints":{"allow":["GET"]}}],"collection":[{"href":"https:\/\/blogdoeloiltoncajuhy.com.br\/site\/wp-json\/wp\/v2\/posts"}],"about":[{"href":"https:\/\/blogdoeloiltoncajuhy.com.br\/site\/wp-json\/wp\/v2\/types\/post"}],"author":[{"embeddable":true,"href":"https:\/\/blogdoeloiltoncajuhy.com.br\/site\/wp-json\/wp\/v2\/users\/2"}],"replies":[{"embeddable":true,"href":"https:\/\/blogdoeloiltoncajuhy.com.br\/site\/wp-json\/wp\/v2\/comments?post=14608"}],"version-history":[{"count":1,"href":"https:\/\/blogdoeloiltoncajuhy.com.br\/site\/wp-json\/wp\/v2\/posts\/14608\/revisions"}],"predecessor-version":[{"id":14609,"href":"https:\/\/blogdoeloiltoncajuhy.com.br\/site\/wp-json\/wp\/v2\/posts\/14608\/revisions\/14609"}],"wp:attachment":[{"href":"https:\/\/blogdoeloiltoncajuhy.com.br\/site\/wp-json\/wp\/v2\/media?parent=14608"}],"wp:term":[{"taxonomy":"category","embeddable":true,"href":"https:\/\/blogdoeloiltoncajuhy.com.br\/site\/wp-json\/wp\/v2\/categories?post=14608"},{"taxonomy":"post_tag","embeddable":true,"href":"https:\/\/blogdoeloiltoncajuhy.com.br\/site\/wp-json\/wp\/v2\/tags?post=14608"}],"curies":[{"name":"wp","href":"https:\/\/api.w.org\/{rel}","templated":true}]}}