{"id":14604,"date":"2017-01-08T11:46:03","date_gmt":"2017-01-08T14:46:03","guid":{"rendered":"http:\/\/blogdoeloiltoncajuhy.com.br\/site\/?p=14604"},"modified":"2017-01-08T11:46:03","modified_gmt":"2017-01-08T14:46:03","slug":"educacao-diretores-e-vice-diretores-das-escolas-municipais-tomam-posse-em-senhor-do-bonfim","status":"publish","type":"post","link":"https:\/\/blogdoeloiltoncajuhy.com.br\/site\/educacao-diretores-e-vice-diretores-das-escolas-municipais-tomam-posse-em-senhor-do-bonfim\/","title":{"rendered":"EDUCA\u00c7\u00c3O: Diretores e Vice-diretores das escolas municipais tomam posse em Senhor do Bonfim"},"content":{"rendered":"<p><a href=\"https:\/\/i0.wp.com\/blogdoeloiltoncajuhy.com.br\/site\/wp-content\/uploads\/2017\/01\/posse-diretores-escolas1-e1483886692728.jpg\"><img data-recalc-dims=\"1\" fetchpriority=\"high\" decoding=\"async\" class=\"aligncenter size-full wp-image-14605\" src=\"https:\/\/i0.wp.com\/blogdoeloiltoncajuhy.com.br\/site\/wp-content\/uploads\/2017\/01\/posse-diretores-escolas1-e1483886692728.jpg?resize=600%2C400\" alt=\"\" width=\"600\" height=\"400\" \/><\/a>A Prefeitura de Senhor do Bonfim, atrav\u00e9s da Secretaria Municipal de Educa\u00e7\u00e3o (SEMED), promoveu, na manh\u00e3 da \u00faltima sexta (06), no plen\u00e1rio da C\u00e2mara Municipal de Vereadores, a Solenidade de Posse dos Diretores e Vice-diretores da Rede Municipal de Ensino.<\/p>\n<p>Escolhidos por meio de elei\u00e7\u00e3o realizada em dezembro do ano passado, os gestores da educa\u00e7\u00e3o foram selecionados para atuar em suas respectivas unidades de ensino, durante o bi\u00eanio de 2017\/2018. Todos os diretores, bem como seus respectivos vice-diretores, assumem com o desafio de construir uma gest\u00e3o democr\u00e1tica, coletiva e compartilhada, visando manter a integra\u00e7\u00e3o entre professores, servidores e pais dos alunos.<\/p>\n<p>A Secret\u00e1ria de Educa\u00e7\u00e3o, Cristiane Maia, destacou que a elei\u00e7\u00e3o \u00e9 um dos instrumentos que possibilitam a execu\u00e7\u00e3o plena da gest\u00e3o democr\u00e1tica e a autonomia da comunidade escolar em escolher os seus dirigentes, valorizando ainda mais o servidor.<\/p>\n<p>\u201cHoje estamos celebrando a valoriza\u00e7\u00e3o e o reconhecimento do servidor p\u00fablico municipal, em especial o educador gestor. Certamente que n\u00e3o mediremos esfor\u00e7os, juntamente com o executivo, para construirmos uma educa\u00e7\u00e3o de excel\u00eancia e colocarmos o nosso munic\u00edpio no lugar de destaque que ele merece\u201d, salientou Cristiane Maia.<\/p>\n<p><a href=\"https:\/\/i0.wp.com\/blogdoeloiltoncajuhy.com.br\/site\/wp-content\/uploads\/2017\/01\/posse-diretores-escolas2-e1483886740407.jpg\"><img data-recalc-dims=\"1\" decoding=\"async\" class=\"aligncenter size-full wp-image-14606\" src=\"https:\/\/i0.wp.com\/blogdoeloiltoncajuhy.com.br\/site\/wp-content\/uploads\/2017\/01\/posse-diretores-escolas2-e1483886740407.jpg?resize=600%2C400\" alt=\"\" width=\"600\" height=\"400\" \/><\/a>O prefeito Carlos Brasileiro destacou a import\u00e2ncia dos novos gestores para a Rede Municipal de Ensino. \u201cTemos certeza de que esses novos diretores ir\u00e3o firmar esse compromisso ainda maior com a Educa\u00e7\u00e3o. N\u00f3s estaremos ao lado dos gestores eleitos buscando sempre melhorar a qualidade de ensino de Senhor do Bonfim como fizemos durante os nossos dois mandatos. Bonfim \u00e9 o ber\u00e7o da cultura e da educa\u00e7\u00e3o na Bahia e precisamos resgatar isso. A nossa classifica\u00e7\u00e3o no IDEB hoje \u00e9 decepcionante, estamos em 7\u00ba lugar entre nove munic\u00edpios. J\u00e1 disse a secretaria que n\u00e3o espero menos que no m\u00ednimo o segundo lugar na pr\u00f3xima avalia\u00e7\u00e3o. Juntos, vamos mudar a cara da educa\u00e7\u00e3o municipal, e voltar ao lugar de destaque como polo educacional da microrregi\u00e3o\u201d, destacou Brasileiro.<\/p>\n<p>A Solenidade de Posse contou com as presen\u00e7as do prefeito Carlos Brasileiro, vice-prefeito Z\u00e9 Ant\u00f4nio, presidente da C\u00e2mara de Vereadores Reinaldo Santana, Secret\u00e1ria de Educa\u00e7\u00e3o, Cristiane Maia, e do presidente da ADESB, Jonilson Torquatro. O encontro iniciou com a palestra motivacional ministrada pelo Consultor Educacional e Econ\u00f4mico, Jozelito Ribeiro, e com a apresenta\u00e7\u00e3o do m\u00fasico Alan Filipe da Filarm\u00f4nica Uni\u00e3o dos Ferrovi\u00e1rios.<\/p>\n<p>Tamb\u00e9m participaram do evento os secret\u00e1rios de governo: Vera Magalh\u00e3es (A\u00e7\u00e3o e Desenvolvimento social), Claudio Nunes (Administra\u00e7\u00e3o), Gustavo Miranda (Desenvolvimento Econ\u00f4mico, Esporte e Turismo), Rodrigo Wanderley (Cultura), Angeli Matos (Sa\u00fade) e Damiana Duarte (Desenvolvimento da agricultura familiar), autoridades civis, popula\u00e7\u00e3o e os vereadores Reinaldo Jos\u00e9, Lucia Cerqueira, La\u00e9rcio Junior, Cleiton Vieira e Andreilto Almeida.<\/p>\n<p><em>*Ascom Prefeitura de Senhor do Bonfim<\/em><\/p>\n","protected":false},"excerpt":{"rendered":"<p>A Prefeitura de Senhor do Bonfim, atrav\u00e9s da Secretaria Municipal de Educa\u00e7\u00e3o (SEMED), promoveu, na manh\u00e3 da \u00faltima sexta (06), no plen\u00e1rio da C\u00e2mara Municipal de Vereadores, a Solenidade de Posse dos Diretores e Vice-diretores da Rede Municipal de Ensino. Escolhidos por meio de elei\u00e7\u00e3o realizada em dezembro do ano passado, os gestores da educa\u00e7\u00e3o [&hellip;]<\/p>\n","protected":false},"author":2,"featured_media":14606,"comment_status":"open","ping_status":"open","sticky":false,"template":"","format":"standard","meta":{"_acf_changed":false,"_monsterinsights_skip_tracking":false,"_monsterinsights_sitenote_active":false,"_monsterinsights_sitenote_note":"","_monsterinsights_sitenote_category":0,"_jetpack_memberships_contains_paid_content":false,"footnotes":"","jetpack_publicize_message":"","jetpack_publicize_feature_enabled":true,"jetpack_social_post_already_shared":true,"jetpack_social_options":{"image_generator_settings":{"template":"highway","default_image_id":0,"font":"","enabled":false},"version":2}},"categories":[14,1,4],"tags":[],"class_list":["post-14604","post","type-post","status-publish","format-standard","has-post-thumbnail","hentry","category-educacao","category-noticias","category-local"],"acf":[],"jetpack_publicize_connections":[],"jetpack_featured_media_url":"https:\/\/i0.wp.com\/blogdoeloiltoncajuhy.com.br\/site\/wp-content\/uploads\/2017\/01\/posse-diretores-escolas2-e1483886740407.jpg?fit=600%2C400&ssl=1","jetpack_sharing_enabled":true,"publishpress_future_workflow_manual_trigger":{"enabledWorkflows":[]},"_links":{"self":[{"href":"https:\/\/blogdoeloiltoncajuhy.com.br\/site\/wp-json\/wp\/v2\/posts\/14604","targetHints":{"allow":["GET"]}}],"collection":[{"href":"https:\/\/blogdoeloiltoncajuhy.com.br\/site\/wp-json\/wp\/v2\/posts"}],"about":[{"href":"https:\/\/blogdoeloiltoncajuhy.com.br\/site\/wp-json\/wp\/v2\/types\/post"}],"author":[{"embeddable":true,"href":"https:\/\/blogdoeloiltoncajuhy.com.br\/site\/wp-json\/wp\/v2\/users\/2"}],"replies":[{"embeddable":true,"href":"https:\/\/blogdoeloiltoncajuhy.com.br\/site\/wp-json\/wp\/v2\/comments?post=14604"}],"version-history":[{"count":1,"href":"https:\/\/blogdoeloiltoncajuhy.com.br\/site\/wp-json\/wp\/v2\/posts\/14604\/revisions"}],"predecessor-version":[{"id":14607,"href":"https:\/\/blogdoeloiltoncajuhy.com.br\/site\/wp-json\/wp\/v2\/posts\/14604\/revisions\/14607"}],"wp:featuredmedia":[{"embeddable":true,"href":"https:\/\/blogdoeloiltoncajuhy.com.br\/site\/wp-json\/wp\/v2\/media\/14606"}],"wp:attachment":[{"href":"https:\/\/blogdoeloiltoncajuhy.com.br\/site\/wp-json\/wp\/v2\/media?parent=14604"}],"wp:term":[{"taxonomy":"category","embeddable":true,"href":"https:\/\/blogdoeloiltoncajuhy.com.br\/site\/wp-json\/wp\/v2\/categories?post=14604"},{"taxonomy":"post_tag","embeddable":true,"href":"https:\/\/blogdoeloiltoncajuhy.com.br\/site\/wp-json\/wp\/v2\/tags?post=14604"}],"curies":[{"name":"wp","href":"https:\/\/api.w.org\/{rel}","templated":true}]}}