{"id":14600,"date":"2017-01-08T11:33:08","date_gmt":"2017-01-08T14:33:08","guid":{"rendered":"http:\/\/blogdoeloiltoncajuhy.com.br\/site\/?p=14600"},"modified":"2017-01-08T11:33:08","modified_gmt":"2017-01-08T14:33:08","slug":"filadelfia-catolicos-abrem-hoje-a-programacao-da-festa-do-padroeiro-sao-sebastiao","status":"publish","type":"post","link":"https:\/\/blogdoeloiltoncajuhy.com.br\/site\/filadelfia-catolicos-abrem-hoje-a-programacao-da-festa-do-padroeiro-sao-sebastiao\/","title":{"rendered":"FILAD\u00c9LFIA: Cat\u00f3licos abrem hoje a programa\u00e7\u00e3o da Festa do Padroeiro S\u00e3o Sebasti\u00e3o"},"content":{"rendered":"<p><a href=\"https:\/\/i0.wp.com\/blogdoeloiltoncajuhy.com.br\/site\/wp-content\/uploads\/2017\/01\/igreja-de-filad%C3%A9lfia-e1483885963911.jpg\"><img data-recalc-dims=\"1\" fetchpriority=\"high\" decoding=\"async\" class=\"aligncenter size-full wp-image-14602\" src=\"https:\/\/i0.wp.com\/blogdoeloiltoncajuhy.com.br\/site\/wp-content\/uploads\/2017\/01\/igreja-de-filad%C3%A9lfia-e1483885963911.jpg?resize=500%2C375\" alt=\"\" width=\"500\" height=\"375\" \/><\/a>A Par\u00f3quia de S\u00e3o Sebasti\u00e3o, em Filad\u00e9lfia, pertencente \u00e0 Diocese de Bonfim, inicia neste domingo (08), a programa\u00e7\u00e3o da Festa do seu Padroeiro.<\/p>\n<p><strong>Confira na imagem abaixo a programa\u00e7\u00e3o de abertura:<\/strong><\/p>\n<p><a href=\"https:\/\/i0.wp.com\/blogdoeloiltoncajuhy.com.br\/site\/wp-content\/uploads\/2017\/01\/s%C3%A3o-sebasti%C3%A3o-1-e1483885168397.jpg\"><img data-recalc-dims=\"1\" decoding=\"async\" class=\"aligncenter size-full wp-image-14601\" src=\"https:\/\/i0.wp.com\/blogdoeloiltoncajuhy.com.br\/site\/wp-content\/uploads\/2017\/01\/s%C3%A3o-sebasti%C3%A3o-1-e1483885168397.jpg?resize=800%2C1124\" alt=\"\" width=\"800\" height=\"1124\" \/><\/a><\/p>\n<p><em>*BLOG DO ELOILTON CAJUHY<\/em><\/p>\n","protected":false},"excerpt":{"rendered":"<p>A Par\u00f3quia de S\u00e3o Sebasti\u00e3o, em Filad\u00e9lfia, pertencente \u00e0 Diocese de Bonfim, inicia neste domingo (08), a programa\u00e7\u00e3o da Festa do seu Padroeiro. Confira na imagem abaixo a programa\u00e7\u00e3o de abertura: *BLOG DO ELOILTON CAJUHY<\/p>\n","protected":false},"author":2,"featured_media":14602,"comment_status":"open","ping_status":"open","sticky":false,"template":"","format":"standard","meta":{"_acf_changed":false,"_monsterinsights_skip_tracking":false,"_monsterinsights_sitenote_active":false,"_monsterinsights_sitenote_note":"","_monsterinsights_sitenote_category":0,"_jetpack_memberships_contains_paid_content":false,"footnotes":"","jetpack_publicize_message":"","jetpack_publicize_feature_enabled":true,"jetpack_social_post_already_shared":true,"jetpack_social_options":{"image_generator_settings":{"template":"highway","default_image_id":0,"font":"","enabled":false},"version":2}},"categories":[1,11],"tags":[],"class_list":["post-14600","post","type-post","status-publish","format-standard","has-post-thumbnail","hentry","category-noticias","category-regional"],"acf":[],"jetpack_publicize_connections":[],"jetpack_featured_media_url":"https:\/\/i0.wp.com\/blogdoeloiltoncajuhy.com.br\/site\/wp-content\/uploads\/2017\/01\/igreja-de-filad%C3%A9lfia-e1483885963911.jpg?fit=500%2C375&ssl=1","jetpack_sharing_enabled":true,"publishpress_future_workflow_manual_trigger":{"enabledWorkflows":[]},"_links":{"self":[{"href":"https:\/\/blogdoeloiltoncajuhy.com.br\/site\/wp-json\/wp\/v2\/posts\/14600","targetHints":{"allow":["GET"]}}],"collection":[{"href":"https:\/\/blogdoeloiltoncajuhy.com.br\/site\/wp-json\/wp\/v2\/posts"}],"about":[{"href":"https:\/\/blogdoeloiltoncajuhy.com.br\/site\/wp-json\/wp\/v2\/types\/post"}],"author":[{"embeddable":true,"href":"https:\/\/blogdoeloiltoncajuhy.com.br\/site\/wp-json\/wp\/v2\/users\/2"}],"replies":[{"embeddable":true,"href":"https:\/\/blogdoeloiltoncajuhy.com.br\/site\/wp-json\/wp\/v2\/comments?post=14600"}],"version-history":[{"count":1,"href":"https:\/\/blogdoeloiltoncajuhy.com.br\/site\/wp-json\/wp\/v2\/posts\/14600\/revisions"}],"predecessor-version":[{"id":14603,"href":"https:\/\/blogdoeloiltoncajuhy.com.br\/site\/wp-json\/wp\/v2\/posts\/14600\/revisions\/14603"}],"wp:featuredmedia":[{"embeddable":true,"href":"https:\/\/blogdoeloiltoncajuhy.com.br\/site\/wp-json\/wp\/v2\/media\/14602"}],"wp:attachment":[{"href":"https:\/\/blogdoeloiltoncajuhy.com.br\/site\/wp-json\/wp\/v2\/media?parent=14600"}],"wp:term":[{"taxonomy":"category","embeddable":true,"href":"https:\/\/blogdoeloiltoncajuhy.com.br\/site\/wp-json\/wp\/v2\/categories?post=14600"},{"taxonomy":"post_tag","embeddable":true,"href":"https:\/\/blogdoeloiltoncajuhy.com.br\/site\/wp-json\/wp\/v2\/tags?post=14600"}],"curies":[{"name":"wp","href":"https:\/\/api.w.org\/{rel}","templated":true}]}}