{"id":14592,"date":"2017-01-07T22:14:51","date_gmt":"2017-01-08T01:14:51","guid":{"rendered":"http:\/\/blogdoeloiltoncajuhy.com.br\/site\/?p=14592"},"modified":"2017-01-07T22:14:51","modified_gmt":"2017-01-08T01:14:51","slug":"concursos-orcamento-preve-mais-de-83-mil-vagas-em-orgaos-federais-em-2017","status":"publish","type":"post","link":"https:\/\/blogdoeloiltoncajuhy.com.br\/site\/concursos-orcamento-preve-mais-de-83-mil-vagas-em-orgaos-federais-em-2017\/","title":{"rendered":"Concursos: or\u00e7amento prev\u00ea mais de 83 mil vagas em \u00f3rg\u00e3os federais em 2017"},"content":{"rendered":"<p style=\"text-align: center;\"><em><strong>Lei Or\u00e7ament\u00e1ria Federal de 2017 prev\u00ea a abertura de 83.061 vagas, distribu\u00eddas em diversos \u00f3rg\u00e3os federais<\/strong><\/em><\/p>\n<figure id=\"attachment_14593\" aria-describedby=\"caption-attachment-14593\" style=\"width: 665px\" class=\"wp-caption aligncenter\"><a href=\"https:\/\/i0.wp.com\/blogdoeloiltoncajuhy.com.br\/site\/wp-content\/uploads\/2017\/01\/C_concurso.jpg\"><img data-recalc-dims=\"1\" fetchpriority=\"high\" decoding=\"async\" class=\"wp-image-14593 size-full\" src=\"https:\/\/i0.wp.com\/blogdoeloiltoncajuhy.com.br\/site\/wp-content\/uploads\/2017\/01\/C_concurso.jpg?resize=665%2C443\" width=\"665\" height=\"443\" srcset=\"https:\/\/i0.wp.com\/blogdoeloiltoncajuhy.com.br\/site\/wp-content\/uploads\/2017\/01\/C_concurso.jpg?w=665&amp;ssl=1 665w, https:\/\/i0.wp.com\/blogdoeloiltoncajuhy.com.br\/site\/wp-content\/uploads\/2017\/01\/C_concurso.jpg?resize=300%2C200&amp;ssl=1 300w, https:\/\/i0.wp.com\/blogdoeloiltoncajuhy.com.br\/site\/wp-content\/uploads\/2017\/01\/C_concurso.jpg?resize=250%2C167&amp;ssl=1 250w\" sizes=\"(max-width: 665px) 100vw, 665px\" \/><\/a><figcaption id=\"caption-attachment-14593\" class=\"wp-caption-text\">Foto: Evandro Veiga\/Arquivo CORREIO<\/figcaption><\/figure>\n<p>O ano de 2017 n\u00e3o vai ser t\u00e3o ruim para os concurseiros. A Lei Or\u00e7ament\u00e1ria Federal de 2017 prev\u00ea a abertura de 83.061 vagas, distribu\u00eddas em diversos \u00f3rg\u00e3os federais. H\u00e1 ainda as vagas abertas ou que imin\u00eancia de abrir em institui\u00e7\u00f5es estaduais.<\/p>\n<p>Mas para quem n\u00e3o quer esperar essas vagas sa\u00edrem, j\u00e1 h\u00e1 uma lista de concursos abertos em todo o Brasil ou com editais divulgados, com sal\u00e1rios que podem chegar at\u00e9 R$ 27 mil. Na Bahia, por exemplo, a Ag\u00eancia Estadual de Regula\u00e7\u00e3o de Servi\u00e7os P\u00fablicos de Energia, Transportes e Comunica\u00e7\u00f5es da Bahia (Agerba) possui 60 vagas abertas para candidatos de n\u00edvel m\u00e9dio e superior, com sal\u00e1rios que podem chegar a R$ 6 mil. O Instituto Federal de Educa\u00e7\u00e3o, Ci\u00eancia e Tecnologia Baiano (IF Baiano) \u00e9 outra institui\u00e7\u00e3o que tem vagas abertas. S\u00e3o 65 vagas para candidatos de n\u00edvel m\u00e9dio e superior, com sal\u00e1rio superior a R$ 9 mil.<\/p>\n<p>Segundo a Secretaria de Administra\u00e7\u00e3o do Estado da Bahia (Saeb), no \u00faltimo m\u00eas de dezembro o governador Rui Costa autorizou a abertura de licita\u00e7\u00e3o para contrata\u00e7\u00e3o da empresa respons\u00e1vel pela realiza\u00e7\u00e3o da sele\u00e7\u00e3o do concurso p\u00fablico para oficiais e soldados da Pol\u00edcia Militar e do Corpo de Bombeiros Militar, que vai acontecer este ano. Ser\u00e3o oferecidas 2 mil vagas para soldados e 60 para oficiais da PM. No caso do Corpo de Bombeiros, ser\u00e3o ofertadas 750 vagas para soldados e 30 para oficiais. Ao todo, ser\u00e3o 2.840 novos policiais para refor\u00e7ar a seguran\u00e7a p\u00fablica na capital e no interior do estado a partir de 2018.<\/p>\n<p>J\u00e1 a Secretaria Municipal de Gest\u00e3o (Semge) informou que, devido a nova gest\u00e3o que come\u00e7ou no 1\u00ba dia de janeiro deste ano, ainda n\u00e3o h\u00e1 vagas abertas ou previs\u00e3o de abertura de novas vagas para cargos na Prefeitura de Salvador.<\/p>\n<p>Para quem tem interesse em vagas em \u00e2mbito nacional, o Tribunal Regional Federal da 2\u00aa Regi\u00e3o (RJ) divulgou um edital para 50 vagas para o estudante de n\u00edvel superior com sal\u00e1rios que podem chegar a R$ 27,5 mil. Em Fortaleza, no Cear\u00e1, a prefeitura abriu 5 vagas para candidatos de n\u00edvel superior com remunera\u00e7\u00e3o de mais de R$ 24 mil.<\/p>\n<p><em>*Correio da Bahia<\/em><\/p>\n","protected":false},"excerpt":{"rendered":"<p>Lei Or\u00e7ament\u00e1ria Federal de 2017 prev\u00ea a abertura de 83.061 vagas, distribu\u00eddas em diversos \u00f3rg\u00e3os federais O ano de 2017 n\u00e3o vai ser t\u00e3o ruim para os concurseiros. A Lei Or\u00e7ament\u00e1ria Federal de 2017 prev\u00ea a abertura de 83.061 vagas, distribu\u00eddas em diversos \u00f3rg\u00e3os federais. H\u00e1 ainda as vagas abertas ou que imin\u00eancia de abrir [&hellip;]<\/p>\n","protected":false},"author":2,"featured_media":14593,"comment_status":"open","ping_status":"open","sticky":false,"template":"","format":"standard","meta":{"_acf_changed":false,"_monsterinsights_skip_tracking":false,"_monsterinsights_sitenote_active":false,"_monsterinsights_sitenote_note":"","_monsterinsights_sitenote_category":0,"_jetpack_memberships_contains_paid_content":false,"footnotes":"","jetpack_publicize_message":"","jetpack_publicize_feature_enabled":true,"jetpack_social_post_already_shared":true,"jetpack_social_options":{"image_generator_settings":{"template":"highway","default_image_id":0,"font":"","enabled":false},"version":2}},"categories":[5,1],"tags":[],"class_list":["post-14592","post","type-post","status-publish","format-standard","has-post-thumbnail","hentry","category-cotidiano","category-noticias"],"acf":[],"jetpack_publicize_connections":[],"jetpack_featured_media_url":"https:\/\/i0.wp.com\/blogdoeloiltoncajuhy.com.br\/site\/wp-content\/uploads\/2017\/01\/C_concurso.jpg?fit=665%2C443&ssl=1","jetpack_sharing_enabled":true,"publishpress_future_workflow_manual_trigger":{"enabledWorkflows":[]},"_links":{"self":[{"href":"https:\/\/blogdoeloiltoncajuhy.com.br\/site\/wp-json\/wp\/v2\/posts\/14592","targetHints":{"allow":["GET"]}}],"collection":[{"href":"https:\/\/blogdoeloiltoncajuhy.com.br\/site\/wp-json\/wp\/v2\/posts"}],"about":[{"href":"https:\/\/blogdoeloiltoncajuhy.com.br\/site\/wp-json\/wp\/v2\/types\/post"}],"author":[{"embeddable":true,"href":"https:\/\/blogdoeloiltoncajuhy.com.br\/site\/wp-json\/wp\/v2\/users\/2"}],"replies":[{"embeddable":true,"href":"https:\/\/blogdoeloiltoncajuhy.com.br\/site\/wp-json\/wp\/v2\/comments?post=14592"}],"version-history":[{"count":1,"href":"https:\/\/blogdoeloiltoncajuhy.com.br\/site\/wp-json\/wp\/v2\/posts\/14592\/revisions"}],"predecessor-version":[{"id":14594,"href":"https:\/\/blogdoeloiltoncajuhy.com.br\/site\/wp-json\/wp\/v2\/posts\/14592\/revisions\/14594"}],"wp:featuredmedia":[{"embeddable":true,"href":"https:\/\/blogdoeloiltoncajuhy.com.br\/site\/wp-json\/wp\/v2\/media\/14593"}],"wp:attachment":[{"href":"https:\/\/blogdoeloiltoncajuhy.com.br\/site\/wp-json\/wp\/v2\/media?parent=14592"}],"wp:term":[{"taxonomy":"category","embeddable":true,"href":"https:\/\/blogdoeloiltoncajuhy.com.br\/site\/wp-json\/wp\/v2\/categories?post=14592"},{"taxonomy":"post_tag","embeddable":true,"href":"https:\/\/blogdoeloiltoncajuhy.com.br\/site\/wp-json\/wp\/v2\/tags?post=14592"}],"curies":[{"name":"wp","href":"https:\/\/api.w.org\/{rel}","templated":true}]}}