{"id":14582,"date":"2017-01-07T21:10:31","date_gmt":"2017-01-08T00:10:31","guid":{"rendered":"http:\/\/blogdoeloiltoncajuhy.com.br\/site\/?p=14582"},"modified":"2017-01-07T21:13:20","modified_gmt":"2017-01-08T00:13:20","slug":"jaguarari-acidente-na-br-407-deixa-saldo-de-um-morto-e-um-ferido","status":"publish","type":"post","link":"https:\/\/blogdoeloiltoncajuhy.com.br\/site\/jaguarari-acidente-na-br-407-deixa-saldo-de-um-morto-e-um-ferido\/","title":{"rendered":"JAGUARARI: Acidente na BR-407 deixa saldo de um morto e um ferido"},"content":{"rendered":"<figure id=\"attachment_14583\" aria-describedby=\"caption-attachment-14583\" style=\"width: 640px\" class=\"wp-caption aligncenter\"><a href=\"https:\/\/i0.wp.com\/blogdoeloiltoncajuhy.com.br\/site\/wp-content\/uploads\/2017\/01\/colis%C3%A3o-s%C3%A1bado-de-manh%C3%A3_jaguarari_1.jpg\"><img data-recalc-dims=\"1\" fetchpriority=\"high\" decoding=\"async\" class=\"wp-image-14583 size-full\" src=\"https:\/\/i0.wp.com\/blogdoeloiltoncajuhy.com.br\/site\/wp-content\/uploads\/2017\/01\/colis%C3%A3o-s%C3%A1bado-de-manh%C3%A3_jaguarari_1.jpg?resize=640%2C427\" width=\"640\" height=\"427\" srcset=\"https:\/\/i0.wp.com\/blogdoeloiltoncajuhy.com.br\/site\/wp-content\/uploads\/2017\/01\/colis%C3%A3o-s%C3%A1bado-de-manh%C3%A3_jaguarari_1.jpg?w=640&amp;ssl=1 640w, https:\/\/i0.wp.com\/blogdoeloiltoncajuhy.com.br\/site\/wp-content\/uploads\/2017\/01\/colis%C3%A3o-s%C3%A1bado-de-manh%C3%A3_jaguarari_1.jpg?resize=300%2C200&amp;ssl=1 300w, https:\/\/i0.wp.com\/blogdoeloiltoncajuhy.com.br\/site\/wp-content\/uploads\/2017\/01\/colis%C3%A3o-s%C3%A1bado-de-manh%C3%A3_jaguarari_1.jpg?resize=250%2C167&amp;ssl=1 250w\" sizes=\"(max-width: 640px) 100vw, 640px\" \/><\/a><figcaption id=\"caption-attachment-14583\" class=\"wp-caption-text\">Daniel (no destaque) morreu no local do acidente. Carro teve a frente destru\u00edda (Foto: Portal Jaguarari)<\/figcaption><\/figure>\n<p>Mais um grave acidente aconteceu na Rodovia Lomanto Jr., BR-407, trecho do munic\u00edpio de Jaguarari. De acordo com o site <strong>JAGUARARI ONLINE<\/strong>, na manh\u00e3 deste s\u00e1bado (07), um ve\u00edculo HB20, placa PYI-4724, licen\u00e7a de Belo Horizonte-MG, que trafegava no sentido Juazeiro\/Senhor do Bonfim, bateu contra um caminh\u00e3o ba\u00fa, placa CRY-1895, licen\u00e7a de Vila Velha-ES, que viajava no sentido contr\u00e1rio.<\/p>\n<p>O fato foi registrado entre os povoados de Catuaba e Tanque de Terra. Morreu no local do acidente, o jovem <strong>Daniel Moura J\u00fanior<\/strong>, de 24 anos, natural de Goiana-PE, e que residia na cidade de Campo Formoso. O SAMU foi acionado, e ao chegar ao local, encontrou Daniel ainda vivo, mas ele faleceu momentos depois.<\/p>\n<figure id=\"attachment_14584\" aria-describedby=\"caption-attachment-14584\" style=\"width: 640px\" class=\"wp-caption aligncenter\"><a href=\"https:\/\/i0.wp.com\/blogdoeloiltoncajuhy.com.br\/site\/wp-content\/uploads\/2017\/01\/colis%C3%A3o-s%C3%A1bado-de-manh%C3%A3_jaguarari_2.jpg\"><img data-recalc-dims=\"1\" decoding=\"async\" class=\"wp-image-14584 size-full\" src=\"https:\/\/i0.wp.com\/blogdoeloiltoncajuhy.com.br\/site\/wp-content\/uploads\/2017\/01\/colis%C3%A3o-s%C3%A1bado-de-manh%C3%A3_jaguarari_2.jpg?resize=640%2C427\" width=\"640\" height=\"427\" srcset=\"https:\/\/i0.wp.com\/blogdoeloiltoncajuhy.com.br\/site\/wp-content\/uploads\/2017\/01\/colis%C3%A3o-s%C3%A1bado-de-manh%C3%A3_jaguarari_2.jpg?w=640&amp;ssl=1 640w, https:\/\/i0.wp.com\/blogdoeloiltoncajuhy.com.br\/site\/wp-content\/uploads\/2017\/01\/colis%C3%A3o-s%C3%A1bado-de-manh%C3%A3_jaguarari_2.jpg?resize=300%2C200&amp;ssl=1 300w, https:\/\/i0.wp.com\/blogdoeloiltoncajuhy.com.br\/site\/wp-content\/uploads\/2017\/01\/colis%C3%A3o-s%C3%A1bado-de-manh%C3%A3_jaguarari_2.jpg?resize=250%2C167&amp;ssl=1 250w\" sizes=\"(max-width: 640px) 100vw, 640px\" \/><\/a><figcaption id=\"caption-attachment-14584\" class=\"wp-caption-text\">Caminh\u00e3o seguia de Feira de Santana para Juazeiro (Foto: Portal Jaguarari)<\/figcaption><\/figure>\n<p>Ainda segundo o <strong>JAGUARARI ONLINE<\/strong>, o motorista do caminh\u00e3o, identificado como Jorge Luiz, de 49 anos, que mora em Feira de Santana, o carro que Daniel dirigia invadiu a contram\u00e3o indo de encontro ao ba\u00fa. A colis\u00e3o ocorreu na parte lateral da carreta do lado do motorista, enquanto o HB20 foi atingido frontalmente, ficando esta parte do carro totalmente destru\u00edda.<\/p>\n<figure id=\"attachment_14585\" aria-describedby=\"caption-attachment-14585\" style=\"width: 640px\" class=\"wp-caption aligncenter\"><a href=\"https:\/\/i0.wp.com\/blogdoeloiltoncajuhy.com.br\/site\/wp-content\/uploads\/2017\/01\/colis%C3%A3o-s%C3%A1bado-de-manh%C3%A3_jaguarari_3.jpg\"><img data-recalc-dims=\"1\" decoding=\"async\" class=\"wp-image-14585 size-full\" src=\"https:\/\/i0.wp.com\/blogdoeloiltoncajuhy.com.br\/site\/wp-content\/uploads\/2017\/01\/colis%C3%A3o-s%C3%A1bado-de-manh%C3%A3_jaguarari_3.jpg?resize=640%2C427\" width=\"640\" height=\"427\" srcset=\"https:\/\/i0.wp.com\/blogdoeloiltoncajuhy.com.br\/site\/wp-content\/uploads\/2017\/01\/colis%C3%A3o-s%C3%A1bado-de-manh%C3%A3_jaguarari_3.jpg?w=640&amp;ssl=1 640w, https:\/\/i0.wp.com\/blogdoeloiltoncajuhy.com.br\/site\/wp-content\/uploads\/2017\/01\/colis%C3%A3o-s%C3%A1bado-de-manh%C3%A3_jaguarari_3.jpg?resize=300%2C200&amp;ssl=1 300w, https:\/\/i0.wp.com\/blogdoeloiltoncajuhy.com.br\/site\/wp-content\/uploads\/2017\/01\/colis%C3%A3o-s%C3%A1bado-de-manh%C3%A3_jaguarari_3.jpg?resize=250%2C167&amp;ssl=1 250w\" sizes=\"(max-width: 640px) 100vw, 640px\" \/><\/a><figcaption id=\"caption-attachment-14585\" class=\"wp-caption-text\">Foto: Portal Jaguarari<\/figcaption><\/figure>\n<p>O\u00a0impacto foi t\u00e3o forte que o moto do HB20 foi arremessado a uma dist\u00e2ncia de aproximadamente 40 metros do local da batida. O corpo de Daniel foi retirado das ferragens pela Pol\u00edcia T\u00e9cnica com a ajuda do Corpo de Bombeiros e levado para o IML de Senhor do Bonfim.<\/p>\n<p>Rafaela Lopes da Silva de 26 anos, que mora no Bosque, em Senhor do Bonfim, viajava com Daniel. Ela foi atendida pelo SAMU e levada para o Hospital Dom Antonio Monteiro de onde foi transferida para o Hospital de Traumas, em Petrolina-PE. Rafaela\u00a0sofreu fraturas na clav\u00edcula e no abdome e ser\u00e1 submetida a uma cirurgia. Ela\u00a0n\u00e3o corre risco de morte.<\/p>\n<p>Em menos de 30 dias, este foi o terceiro acidente na BR-407, trecho de Jaguarari. O primeiro foi registrado no dia 23 de dezembro e matou 4 pessoas. O segundo ocorreu no \u00faltimo domingo (01), quando uma mulher acabou morrendo. Ao todo, 6 mortos, portanto.<\/p>\n<figure id=\"attachment_14586\" aria-describedby=\"caption-attachment-14586\" style=\"width: 640px\" class=\"wp-caption aligncenter\"><a href=\"https:\/\/i0.wp.com\/blogdoeloiltoncajuhy.com.br\/site\/wp-content\/uploads\/2017\/01\/colis%C3%A3o-s%C3%A1bado-de-manh%C3%A3_jaguarari_4.jpg\"><img data-recalc-dims=\"1\" loading=\"lazy\" decoding=\"async\" class=\"wp-image-14586 size-full\" src=\"https:\/\/i0.wp.com\/blogdoeloiltoncajuhy.com.br\/site\/wp-content\/uploads\/2017\/01\/colis%C3%A3o-s%C3%A1bado-de-manh%C3%A3_jaguarari_4.jpg?resize=640%2C427\" width=\"640\" height=\"427\" srcset=\"https:\/\/i0.wp.com\/blogdoeloiltoncajuhy.com.br\/site\/wp-content\/uploads\/2017\/01\/colis%C3%A3o-s%C3%A1bado-de-manh%C3%A3_jaguarari_4.jpg?w=640&amp;ssl=1 640w, https:\/\/i0.wp.com\/blogdoeloiltoncajuhy.com.br\/site\/wp-content\/uploads\/2017\/01\/colis%C3%A3o-s%C3%A1bado-de-manh%C3%A3_jaguarari_4.jpg?resize=300%2C200&amp;ssl=1 300w, https:\/\/i0.wp.com\/blogdoeloiltoncajuhy.com.br\/site\/wp-content\/uploads\/2017\/01\/colis%C3%A3o-s%C3%A1bado-de-manh%C3%A3_jaguarari_4.jpg?resize=250%2C167&amp;ssl=1 250w\" sizes=\"(max-width: 640px) 100vw, 640px\" \/><\/a><figcaption id=\"caption-attachment-14586\" class=\"wp-caption-text\">Foto: Portal Jaguarari<\/figcaption><\/figure>\n<p><em>*BLOG DO ELOILTON CAJUHY<\/em><\/p>\n","protected":false},"excerpt":{"rendered":"<p>Mais um grave acidente aconteceu na Rodovia Lomanto Jr., BR-407, trecho do munic\u00edpio de Jaguarari. De acordo com o site JAGUARARI ONLINE, na manh\u00e3 deste s\u00e1bado (07), um ve\u00edculo HB20, placa PYI-4724, licen\u00e7a de Belo Horizonte-MG, que trafegava no sentido Juazeiro\/Senhor do Bonfim, bateu contra um caminh\u00e3o ba\u00fa, placa CRY-1895, licen\u00e7a de Vila Velha-ES, que [&hellip;]<\/p>\n","protected":false},"author":2,"featured_media":14586,"comment_status":"open","ping_status":"open","sticky":false,"template":"","format":"standard","meta":{"_acf_changed":false,"_monsterinsights_skip_tracking":false,"_monsterinsights_sitenote_active":false,"_monsterinsights_sitenote_note":"","_monsterinsights_sitenote_category":0,"_jetpack_memberships_contains_paid_content":false,"footnotes":"","jetpack_publicize_message":"","jetpack_publicize_feature_enabled":true,"jetpack_social_post_already_shared":true,"jetpack_social_options":{"image_generator_settings":{"template":"highway","default_image_id":0,"font":"","enabled":false},"version":2}},"categories":[5,1,11],"tags":[],"class_list":["post-14582","post","type-post","status-publish","format-standard","has-post-thumbnail","hentry","category-cotidiano","category-noticias","category-regional"],"acf":[],"jetpack_publicize_connections":[],"jetpack_featured_media_url":"https:\/\/i0.wp.com\/blogdoeloiltoncajuhy.com.br\/site\/wp-content\/uploads\/2017\/01\/colis%C3%A3o-s%C3%A1bado-de-manh%C3%A3_jaguarari_4.jpg?fit=640%2C427&ssl=1","jetpack_sharing_enabled":true,"publishpress_future_workflow_manual_trigger":{"enabledWorkflows":[]},"_links":{"self":[{"href":"https:\/\/blogdoeloiltoncajuhy.com.br\/site\/wp-json\/wp\/v2\/posts\/14582","targetHints":{"allow":["GET"]}}],"collection":[{"href":"https:\/\/blogdoeloiltoncajuhy.com.br\/site\/wp-json\/wp\/v2\/posts"}],"about":[{"href":"https:\/\/blogdoeloiltoncajuhy.com.br\/site\/wp-json\/wp\/v2\/types\/post"}],"author":[{"embeddable":true,"href":"https:\/\/blogdoeloiltoncajuhy.com.br\/site\/wp-json\/wp\/v2\/users\/2"}],"replies":[{"embeddable":true,"href":"https:\/\/blogdoeloiltoncajuhy.com.br\/site\/wp-json\/wp\/v2\/comments?post=14582"}],"version-history":[{"count":3,"href":"https:\/\/blogdoeloiltoncajuhy.com.br\/site\/wp-json\/wp\/v2\/posts\/14582\/revisions"}],"predecessor-version":[{"id":14589,"href":"https:\/\/blogdoeloiltoncajuhy.com.br\/site\/wp-json\/wp\/v2\/posts\/14582\/revisions\/14589"}],"wp:featuredmedia":[{"embeddable":true,"href":"https:\/\/blogdoeloiltoncajuhy.com.br\/site\/wp-json\/wp\/v2\/media\/14586"}],"wp:attachment":[{"href":"https:\/\/blogdoeloiltoncajuhy.com.br\/site\/wp-json\/wp\/v2\/media?parent=14582"}],"wp:term":[{"taxonomy":"category","embeddable":true,"href":"https:\/\/blogdoeloiltoncajuhy.com.br\/site\/wp-json\/wp\/v2\/categories?post=14582"},{"taxonomy":"post_tag","embeddable":true,"href":"https:\/\/blogdoeloiltoncajuhy.com.br\/site\/wp-json\/wp\/v2\/tags?post=14582"}],"curies":[{"name":"wp","href":"https:\/\/api.w.org\/{rel}","templated":true}]}}